{"id":3066,"date":"2025-07-12T10:22:43","date_gmt":"2025-07-12T10:22:43","guid":{"rendered":"https:\/\/blogsaverroes.juntadeandalucia.es\/ceipexmariorta\/?p=3066"},"modified":"2025-07-12T10:22:43","modified_gmt":"2025-07-12T10:22:43","slug":"homenaje-a-antonio-machado","status":"publish","type":"post","link":"https:\/\/blogsaverroes.juntadeandalucia.es\/ceipexmariorta\/homenaje-a-antonio-machado\/","title":{"rendered":"HOMENAJE A ANTONIO MACHADO"},"content":{"rendered":"<p>En el a\u00f1o de la conmemoraci\u00f3n del 150 aniversario del nacimiento de Antonio Machado, desde la Biblioteca del CEIP Ex Mari Orta, en colaboraci\u00f3n con el Programa TDE del centro, nuestro alumnado, junto a sus tutores y tutoras, han trabajado el recitado de poes\u00edas de este autor que tan hermoso legado literario nos dej\u00f3.<\/p>\n<p>Con el objetivo de que toda la comunidad pueda disfrutar de sus versos, se ha grabado al alumnado recitando distintas poes\u00edas del autor, y se han repartido c\u00f3digos QR por la localidad de Garrucha, en distintos comercios y lugares p\u00fablicos, para que cualquiera pueda escanearlos y disfrutar de las poes\u00edas.<\/p>\n<p>Os dejamos aqu\u00ed un <a href=\"https:\/\/soundcloud.com\/ceip-ex-mari-orta\">enlace<\/a> a dichas grabaciones para que teng\u00e1is acceso a las mismas.<\/p>\n<p>Esperemos que os gusten.<\/p>\n<p>&nbsp;<\/p>\n<p>&nbsp;<\/p>\n","protected":false},"excerpt":{"rendered":"<p>En el a\u00f1o de la conmemoraci\u00f3n del 150 aniversario del nacimiento de Antonio Machado, desde la Biblioteca del CEIP Ex Mari Orta, en colaboraci\u00f3n con el Programa TDE del centro, nuestro alumnado, junto a&#46;&#46;&#46;<\/p>\n","protected":false},"author":11695,"featured_media":3067,"comment_status":"open","ping_status":"open","sticky":false,"template":"","format":"standard","meta":{"ngg_post_thumbnail":0,"footnotes":""},"categories":[307390],"tags":[],"aioseo_notices":[],"_links":{"self":[{"href":"https:\/\/blogsaverroes.juntadeandalucia.es\/ceipexmariorta\/wp-json\/wp\/v2\/posts\/3066"}],"collection":[{"href":"https:\/\/blogsaverroes.juntadeandalucia.es\/ceipexmariorta\/wp-json\/wp\/v2\/posts"}],"about":[{"href":"https:\/\/blogsaverroes.juntadeandalucia.es\/ceipexmariorta\/wp-json\/wp\/v2\/types\/post"}],"author":[{"embeddable":true,"href":"https:\/\/blogsaverroes.juntadeandalucia.es\/ceipexmariorta\/wp-json\/wp\/v2\/users\/11695"}],"replies":[{"embeddable":true,"href":"https:\/\/blogsaverroes.juntadeandalucia.es\/ceipexmariorta\/wp-json\/wp\/v2\/comments?post=3066"}],"version-history":[{"count":1,"href":"https:\/\/blogsaverroes.juntadeandalucia.es\/ceipexmariorta\/wp-json\/wp\/v2\/posts\/3066\/revisions"}],"predecessor-version":[{"id":3068,"href":"https:\/\/blogsaverroes.juntadeandalucia.es\/ceipexmariorta\/wp-json\/wp\/v2\/posts\/3066\/revisions\/3068"}],"wp:featuredmedia":[{"embeddable":true,"href":"https:\/\/blogsaverroes.juntadeandalucia.es\/ceipexmariorta\/wp-json\/wp\/v2\/media\/3067"}],"wp:attachment":[{"href":"https:\/\/blogsaverroes.juntadeandalucia.es\/ceipexmariorta\/wp-json\/wp\/v2\/media?parent=3066"}],"wp:term":[{"taxonomy":"category","embeddable":true,"href":"https:\/\/blogsaverroes.juntadeandalucia.es\/ceipexmariorta\/wp-json\/wp\/v2\/categories?post=3066"},{"taxonomy":"post_tag","embeddable":true,"href":"https:\/\/blogsaverroes.juntadeandalucia.es\/ceipexmariorta\/wp-json\/wp\/v2\/tags?post=3066"}],"curies":[{"name":"wp","href":"https:\/\/api.w.org\/{rel}","templated":true}]}}