{"id":1226,"date":"2023-01-28T13:18:17","date_gmt":"2023-01-28T12:18:17","guid":{"rendered":"https:\/\/blogsaverroes.juntadeandalucia.es\/ceipfedericogarcialorca\/?p=1226"},"modified":"2023-01-28T13:18:17","modified_gmt":"2023-01-28T12:18:17","slug":"cuentos-de-navidad","status":"publish","type":"post","link":"https:\/\/blogsaverroes.juntadeandalucia.es\/ceipfedericogarcialorca\/cuentos-de-navidad\/","title":{"rendered":"Cuentos de Navidad"},"content":{"rendered":"<p>La clase de 5\u00b0 ha escrito cuentos navide\u00f1os para los ni\u00f1os de una escuela infantil del barrio de San Jer\u00f3nimo. Una vez creados, han ido a cont\u00e1rselos en directo. Todos hemos disfrutado much\u00edsimo de la experiencia!!<\/p>\n<ul>\n<li><strong>CUENTOS ESCRITOS POR EL ALUMNADO DE 5\u00ba DE PRIMARIA<\/strong><\/li>\n<\/ul>\n<p><img loading=\"lazy\" decoding=\"async\" class=\"alignnone size-medium wp-image-1233\" src=\"https:\/\/blogsaverroes.juntadeandalucia.es\/ceipfedericogarcialorca\/files\/2023\/01\/WhatsApp-Image-2023-01-25-at-16.21.24-4-e1674907907107-300x191.jpeg\" alt=\"\" width=\"300\" height=\"191\">&nbsp; &nbsp; &nbsp; &nbsp; &nbsp; &nbsp; &nbsp; &nbsp; &nbsp; &nbsp; &nbsp; &nbsp; &nbsp; &nbsp; &nbsp; &nbsp; &nbsp; &nbsp; &nbsp; <img loading=\"lazy\" decoding=\"async\" class=\"alignnone size-medium wp-image-1234\" src=\"https:\/\/blogsaverroes.juntadeandalucia.es\/ceipfedericogarcialorca\/files\/2023\/01\/WhatsApp-Image-2023-01-25-at-16.21.24-3-169x300.jpeg\" alt=\"\" width=\"169\" height=\"300\">&nbsp; &nbsp; &nbsp; &nbsp; &nbsp; &nbsp; &nbsp; &nbsp; &nbsp; &nbsp; &nbsp; &nbsp; &nbsp; &nbsp; &nbsp; &nbsp; &nbsp; &nbsp; &nbsp;&nbsp; <img loading=\"lazy\" decoding=\"async\" class=\"alignnone size-medium wp-image-1235\" src=\"https:\/\/blogsaverroes.juntadeandalucia.es\/ceipfedericogarcialorca\/files\/2023\/01\/WhatsApp-Image-2023-01-25-at-16.21.24-2-e1674907969427-300x187.jpeg\" alt=\"\" width=\"300\" height=\"187\">&nbsp; &nbsp; &nbsp; &nbsp; &nbsp; &nbsp; &nbsp; &nbsp; &nbsp; &nbsp;&nbsp;<img loading=\"lazy\" decoding=\"async\" class=\"alignnone size-medium wp-image-1236\" src=\"https:\/\/blogsaverroes.juntadeandalucia.es\/ceipfedericogarcialorca\/files\/2023\/01\/WhatsApp-Image-2023-01-25-at-16.21.24-1-e1674908036414-300x169.jpeg\" alt=\"\" width=\"300\" height=\"169\"><\/p>\n<p><img loading=\"lazy\" decoding=\"async\" class=\"alignnone wp-image-1237 size-medium\" src=\"https:\/\/blogsaverroes.juntadeandalucia.es\/ceipfedericogarcialorca\/files\/2023\/01\/WhatsApp-Image-2023-01-25-at-16.21.24-e1674908131952-300x196.jpeg\" alt=\"\" width=\"300\" height=\"196\"><\/p>\n<ul>\n<li>CUENTACUENTOS EN LA ESCUELA INFANTIL<\/li>\n<\/ul>\n<p><img loading=\"lazy\" decoding=\"async\" class=\"alignnone size-medium wp-image-1232\" src=\"https:\/\/blogsaverroes.juntadeandalucia.es\/ceipfedericogarcialorca\/files\/2023\/01\/WhatsApp-Image-2023-01-25-at-16.21.24-5-225x300.jpeg\" alt=\"\" width=\"225\" height=\"300\">&nbsp; &nbsp; &nbsp; <img loading=\"lazy\" decoding=\"async\" class=\"alignnone size-medium wp-image-1231\" src=\"https:\/\/blogsaverroes.juntadeandalucia.es\/ceipfedericogarcialorca\/files\/2023\/01\/WhatsApp-Image-2023-01-25-at-16.21.24-6-300x225.jpeg\" alt=\"\" width=\"300\" height=\"225\">&nbsp; &nbsp; <img loading=\"lazy\" decoding=\"async\" class=\"alignnone size-medium wp-image-1230\" src=\"https:\/\/blogsaverroes.juntadeandalucia.es\/ceipfedericogarcialorca\/files\/2023\/01\/WhatsApp-Image-2023-01-25-at-16.21.24-7-225x300.jpeg\" alt=\"\" width=\"225\" height=\"300\">&nbsp; &nbsp; <img loading=\"lazy\" decoding=\"async\" class=\"alignnone size-medium wp-image-1229\" src=\"https:\/\/blogsaverroes.juntadeandalucia.es\/ceipfedericogarcialorca\/files\/2023\/01\/WhatsApp-Image-2023-01-25-at-16.21.25-225x300.jpeg\" alt=\"\" width=\"225\" height=\"300\">&nbsp; &nbsp; &nbsp; &nbsp; <img loading=\"lazy\" decoding=\"async\" class=\"alignnone size-medium wp-image-1228\" src=\"https:\/\/blogsaverroes.juntadeandalucia.es\/ceipfedericogarcialorca\/files\/2023\/01\/WhatsApp-Image-2023-01-25-at-16.21.25-1-225x300.jpeg\" alt=\"\" width=\"225\" height=\"300\"><\/p>\n<p><img loading=\"lazy\" decoding=\"async\" class=\"alignnone size-medium wp-image-1227\" src=\"https:\/\/blogsaverroes.juntadeandalucia.es\/ceipfedericogarcialorca\/files\/2023\/01\/WhatsApp-Image-2023-01-25-at-16.21.25-2-225x300.jpeg\" alt=\"\" width=\"225\" height=\"300\"><\/p>\n","protected":false},"excerpt":{"rendered":"<p>La clase de 5\u00b0 ha escrito cuentos navide\u00f1os para los ni\u00f1os de una escuela infantil del barrio de San Jer\u00f3nimo. Una vez creados, han ido a cont\u00e1rselos en directo. Todos hemos disfrutado much\u00edsimo de la experiencia!! CUENTOS ESCRITOS POR EL ALUMNADO DE 5\u00ba DE PRIMARIA &nbsp; &nbsp; &nbsp; &nbsp; &nbsp; &nbsp; &nbsp; &nbsp; &nbsp; &nbsp; [&hellip;]<\/p>\n","protected":false},"author":16967,"featured_media":0,"comment_status":"closed","ping_status":"open","sticky":false,"template":"","format":"standard","meta":{"_et_pb_use_builder":"","_et_pb_old_content":"","_et_gb_content_width":"","ngg_post_thumbnail":0,"footnotes":""},"categories":[1],"tags":[],"aioseo_notices":[],"_links":{"self":[{"href":"https:\/\/blogsaverroes.juntadeandalucia.es\/ceipfedericogarcialorca\/wp-json\/wp\/v2\/posts\/1226"}],"collection":[{"href":"https:\/\/blogsaverroes.juntadeandalucia.es\/ceipfedericogarcialorca\/wp-json\/wp\/v2\/posts"}],"about":[{"href":"https:\/\/blogsaverroes.juntadeandalucia.es\/ceipfedericogarcialorca\/wp-json\/wp\/v2\/types\/post"}],"author":[{"embeddable":true,"href":"https:\/\/blogsaverroes.juntadeandalucia.es\/ceipfedericogarcialorca\/wp-json\/wp\/v2\/users\/16967"}],"replies":[{"embeddable":true,"href":"https:\/\/blogsaverroes.juntadeandalucia.es\/ceipfedericogarcialorca\/wp-json\/wp\/v2\/comments?post=1226"}],"version-history":[{"count":1,"href":"https:\/\/blogsaverroes.juntadeandalucia.es\/ceipfedericogarcialorca\/wp-json\/wp\/v2\/posts\/1226\/revisions"}],"predecessor-version":[{"id":1238,"href":"https:\/\/blogsaverroes.juntadeandalucia.es\/ceipfedericogarcialorca\/wp-json\/wp\/v2\/posts\/1226\/revisions\/1238"}],"wp:attachment":[{"href":"https:\/\/blogsaverroes.juntadeandalucia.es\/ceipfedericogarcialorca\/wp-json\/wp\/v2\/media?parent=1226"}],"wp:term":[{"taxonomy":"category","embeddable":true,"href":"https:\/\/blogsaverroes.juntadeandalucia.es\/ceipfedericogarcialorca\/wp-json\/wp\/v2\/categories?post=1226"},{"taxonomy":"post_tag","embeddable":true,"href":"https:\/\/blogsaverroes.juntadeandalucia.es\/ceipfedericogarcialorca\/wp-json\/wp\/v2\/tags?post=1226"}],"curies":[{"name":"wp","href":"https:\/\/api.w.org\/{rel}","templated":true}]}}