{"id":1330,"date":"2023-03-02T18:17:32","date_gmt":"2023-03-02T17:17:32","guid":{"rendered":"https:\/\/blogsaverroes.juntadeandalucia.es\/ceipfedericogarcialorca\/?p=1330"},"modified":"2023-03-02T18:17:32","modified_gmt":"2023-03-02T17:17:32","slug":"dia-de-la-nina-y-la-mujer-en-la-ciencia","status":"publish","type":"post","link":"https:\/\/blogsaverroes.juntadeandalucia.es\/ceipfedericogarcialorca\/dia-de-la-nina-y-la-mujer-en-la-ciencia\/","title":{"rendered":"D\u00eda de la Ni\u00f1a y la Mujer en la Ciencia"},"content":{"rendered":"<p>El 11 de febrero en el colegio Federico Garc\u00eda Lorca se celebr\u00f3 el D\u00eda&nbsp;de la Ni\u00f1a y la Mujer en la Ciencia.<\/p>\n<p>Nos ha visitado una soldadora de la miner\u00eda de Huelva para llevar a cabo un interesante Taller sobre su trabajo y las herramientas que utiliza.<\/p>\n<p>Cu\u00e1nto hemos aprendido y disfrutado con todo lo que nos ha contado! \ud83d\udc4f\ud83d\udc4f\ud83d\udc9c<\/p>\n<p>&nbsp; &nbsp; &nbsp;<\/p>\n<div style=\"width: 1080px;\" class=\"wp-video\"><!--[if lt IE 9]><script>document.createElement('video');<\/script><![endif]-->\n<video class=\"wp-video-shortcode\" id=\"video-1330-1\" width=\"1080\" height=\"1440\" loop=\"1\" autoplay=\"1\" preload=\"metadata\" controls=\"controls\"><source type=\"video\/mp4\" src=\"https:\/\/blogsaverroes.juntadeandalucia.es\/ceipfedericogarcialorca\/files\/2023\/03\/D\u00eda-de-la-Ni\u00f1a-y-la-Mujer-en-la-Ciencia.mp4?_=1\" \/><a href=\"https:\/\/blogsaverroes.juntadeandalucia.es\/ceipfedericogarcialorca\/files\/2023\/03\/D\u00eda-de-la-Ni\u00f1a-y-la-Mujer-en-la-Ciencia.mp4\">https:\/\/blogsaverroes.juntadeandalucia.es\/ceipfedericogarcialorca\/files\/2023\/03\/D\u00eda-de-la-Ni\u00f1a-y-la-Mujer-en-la-Ciencia.mp4<\/a><\/video><\/div>\n","protected":false},"excerpt":{"rendered":"<p>El 11 de febrero en el colegio Federico Garc\u00eda Lorca se celebr\u00f3 el D\u00eda&nbsp;de la Ni\u00f1a y la Mujer en la Ciencia. Nos ha visitado una soldadora de la miner\u00eda de Huelva para llevar a cabo un interesante Taller sobre su trabajo y las herramientas que utiliza. Cu\u00e1nto hemos aprendido y disfrutado con todo lo [&hellip;]<\/p>\n","protected":false},"author":16967,"featured_media":0,"comment_status":"closed","ping_status":"open","sticky":false,"template":"","format":"standard","meta":{"_et_pb_use_builder":"","_et_pb_old_content":"","_et_gb_content_width":"","ngg_post_thumbnail":0,"footnotes":""},"categories":[1],"tags":[],"aioseo_notices":[],"_links":{"self":[{"href":"https:\/\/blogsaverroes.juntadeandalucia.es\/ceipfedericogarcialorca\/wp-json\/wp\/v2\/posts\/1330"}],"collection":[{"href":"https:\/\/blogsaverroes.juntadeandalucia.es\/ceipfedericogarcialorca\/wp-json\/wp\/v2\/posts"}],"about":[{"href":"https:\/\/blogsaverroes.juntadeandalucia.es\/ceipfedericogarcialorca\/wp-json\/wp\/v2\/types\/post"}],"author":[{"embeddable":true,"href":"https:\/\/blogsaverroes.juntadeandalucia.es\/ceipfedericogarcialorca\/wp-json\/wp\/v2\/users\/16967"}],"replies":[{"embeddable":true,"href":"https:\/\/blogsaverroes.juntadeandalucia.es\/ceipfedericogarcialorca\/wp-json\/wp\/v2\/comments?post=1330"}],"version-history":[{"count":1,"href":"https:\/\/blogsaverroes.juntadeandalucia.es\/ceipfedericogarcialorca\/wp-json\/wp\/v2\/posts\/1330\/revisions"}],"predecessor-version":[{"id":1332,"href":"https:\/\/blogsaverroes.juntadeandalucia.es\/ceipfedericogarcialorca\/wp-json\/wp\/v2\/posts\/1330\/revisions\/1332"}],"wp:attachment":[{"href":"https:\/\/blogsaverroes.juntadeandalucia.es\/ceipfedericogarcialorca\/wp-json\/wp\/v2\/media?parent=1330"}],"wp:term":[{"taxonomy":"category","embeddable":true,"href":"https:\/\/blogsaverroes.juntadeandalucia.es\/ceipfedericogarcialorca\/wp-json\/wp\/v2\/categories?post=1330"},{"taxonomy":"post_tag","embeddable":true,"href":"https:\/\/blogsaverroes.juntadeandalucia.es\/ceipfedericogarcialorca\/wp-json\/wp\/v2\/tags?post=1330"}],"curies":[{"name":"wp","href":"https:\/\/api.w.org\/{rel}","templated":true}]}}