{"id":1073,"date":"2023-10-14T17:36:52","date_gmt":"2023-10-14T16:36:52","guid":{"rendered":"https:\/\/blogsaverroes.juntadeandalucia.es\/ceipfedericogarcialorcaalcala\/?p=1073"},"modified":"2023-10-14T17:38:59","modified_gmt":"2023-10-14T16:38:59","slug":"1073-2","status":"publish","type":"post","link":"https:\/\/blogsaverroes.juntadeandalucia.es\/ceipfedericogarcialorcaalcala\/1073-2\/","title":{"rendered":"ACTIVIDADES ESTRAESCOLARES"},"content":{"rendered":"<div dir=\"auto\">Estimadas familias, os comunicamos que por motivos ajenos al colegio las actividades extraescolares No comenzar\u00e1n el d\u00eda 2 de octubre como estaba previsto.<\/div>\n<div dir=\"auto\">Os mantedremos informados cuanto tengamos m\u00e1s informaci\u00f3n.<\/div>\n<div dir=\"auto\">Un saludo.<\/div>\n","protected":false},"excerpt":{"rendered":"<p>Estimadas familias, os comunicamos que por motivos ajenos al colegio las actividades extraescolares No comenzar\u00e1n el d\u00eda 2 de octubre como estaba previsto. Os mantedremos informados cuanto tengamos m\u00e1s informaci\u00f3n. Un saludo.<\/p>\n","protected":false},"author":6422,"featured_media":1074,"comment_status":"closed","ping_status":"open","sticky":false,"template":"","format":"standard","meta":{"_et_pb_use_builder":"","_et_pb_old_content":"","_et_gb_content_width":"","ngg_post_thumbnail":0,"footnotes":""},"categories":[3],"tags":[],"aioseo_notices":[],"_links":{"self":[{"href":"https:\/\/blogsaverroes.juntadeandalucia.es\/ceipfedericogarcialorcaalcala\/wp-json\/wp\/v2\/posts\/1073"}],"collection":[{"href":"https:\/\/blogsaverroes.juntadeandalucia.es\/ceipfedericogarcialorcaalcala\/wp-json\/wp\/v2\/posts"}],"about":[{"href":"https:\/\/blogsaverroes.juntadeandalucia.es\/ceipfedericogarcialorcaalcala\/wp-json\/wp\/v2\/types\/post"}],"author":[{"embeddable":true,"href":"https:\/\/blogsaverroes.juntadeandalucia.es\/ceipfedericogarcialorcaalcala\/wp-json\/wp\/v2\/users\/6422"}],"replies":[{"embeddable":true,"href":"https:\/\/blogsaverroes.juntadeandalucia.es\/ceipfedericogarcialorcaalcala\/wp-json\/wp\/v2\/comments?post=1073"}],"version-history":[{"count":2,"href":"https:\/\/blogsaverroes.juntadeandalucia.es\/ceipfedericogarcialorcaalcala\/wp-json\/wp\/v2\/posts\/1073\/revisions"}],"predecessor-version":[{"id":1076,"href":"https:\/\/blogsaverroes.juntadeandalucia.es\/ceipfedericogarcialorcaalcala\/wp-json\/wp\/v2\/posts\/1073\/revisions\/1076"}],"wp:featuredmedia":[{"embeddable":true,"href":"https:\/\/blogsaverroes.juntadeandalucia.es\/ceipfedericogarcialorcaalcala\/wp-json\/wp\/v2\/media\/1074"}],"wp:attachment":[{"href":"https:\/\/blogsaverroes.juntadeandalucia.es\/ceipfedericogarcialorcaalcala\/wp-json\/wp\/v2\/media?parent=1073"}],"wp:term":[{"taxonomy":"category","embeddable":true,"href":"https:\/\/blogsaverroes.juntadeandalucia.es\/ceipfedericogarcialorcaalcala\/wp-json\/wp\/v2\/categories?post=1073"},{"taxonomy":"post_tag","embeddable":true,"href":"https:\/\/blogsaverroes.juntadeandalucia.es\/ceipfedericogarcialorcaalcala\/wp-json\/wp\/v2\/tags?post=1073"}],"curies":[{"name":"wp","href":"https:\/\/api.w.org\/{rel}","templated":true}]}}