{"id":2556,"date":"2021-09-21T08:57:48","date_gmt":"2021-09-21T08:57:48","guid":{"rendered":"https:\/\/blogsaverroes.juntadeandalucia.es\/ceipfedericogarcialorcacarboneras\/?p=2556"},"modified":"2025-03-21T08:29:18","modified_gmt":"2025-03-21T08:29:18","slug":"horario-del-centro","status":"publish","type":"post","link":"https:\/\/blogsaverroes.juntadeandalucia.es\/ceipfedericogarcialorcacarboneras\/2021\/09\/21\/horario-del-centro\/","title":{"rendered":"Horario del centro"},"content":{"rendered":"<p>A partir de ma\u00f1ana d\u00eda 22 de septiembre, una vez lo ha aprobado nuestro Consejo Escolar, el <strong>horario del recreo volver\u00e1 a ser de 11:30 a 12:00.&nbsp;<\/strong><\/p>\n<p>El horario de las diferentes tutor\u00edas se lo ir\u00e1n facilitando los\/las tutores\/as, teniendo en cuenta que durante el mes de septiembre funcionar\u00e1n como provisionales.<\/p>\n","protected":false},"excerpt":{"rendered":"<p>A partir de ma\u00f1ana d\u00eda 22 de septiembre, una vez lo ha aprobado nuestro Consejo Escolar, el horario del recreo volver\u00e1 a ser de 11:30 a 12:00.&nbsp; El horario de las diferentes tutor\u00edas se&#46;&#46;&#46;<\/p>\n","protected":false},"author":7803,"featured_media":0,"comment_status":"closed","ping_status":"open","sticky":false,"template":"","format":"standard","meta":{"ngg_post_thumbnail":0,"footnotes":""},"categories":[25490,526],"tags":[],"aioseo_notices":[],"_links":{"self":[{"href":"https:\/\/blogsaverroes.juntadeandalucia.es\/ceipfedericogarcialorcacarboneras\/wp-json\/wp\/v2\/posts\/2556"}],"collection":[{"href":"https:\/\/blogsaverroes.juntadeandalucia.es\/ceipfedericogarcialorcacarboneras\/wp-json\/wp\/v2\/posts"}],"about":[{"href":"https:\/\/blogsaverroes.juntadeandalucia.es\/ceipfedericogarcialorcacarboneras\/wp-json\/wp\/v2\/types\/post"}],"author":[{"embeddable":true,"href":"https:\/\/blogsaverroes.juntadeandalucia.es\/ceipfedericogarcialorcacarboneras\/wp-json\/wp\/v2\/users\/7803"}],"replies":[{"embeddable":true,"href":"https:\/\/blogsaverroes.juntadeandalucia.es\/ceipfedericogarcialorcacarboneras\/wp-json\/wp\/v2\/comments?post=2556"}],"version-history":[{"count":1,"href":"https:\/\/blogsaverroes.juntadeandalucia.es\/ceipfedericogarcialorcacarboneras\/wp-json\/wp\/v2\/posts\/2556\/revisions"}],"predecessor-version":[{"id":2557,"href":"https:\/\/blogsaverroes.juntadeandalucia.es\/ceipfedericogarcialorcacarboneras\/wp-json\/wp\/v2\/posts\/2556\/revisions\/2557"}],"wp:attachment":[{"href":"https:\/\/blogsaverroes.juntadeandalucia.es\/ceipfedericogarcialorcacarboneras\/wp-json\/wp\/v2\/media?parent=2556"}],"wp:term":[{"taxonomy":"category","embeddable":true,"href":"https:\/\/blogsaverroes.juntadeandalucia.es\/ceipfedericogarcialorcacarboneras\/wp-json\/wp\/v2\/categories?post=2556"},{"taxonomy":"post_tag","embeddable":true,"href":"https:\/\/blogsaverroes.juntadeandalucia.es\/ceipfedericogarcialorcacarboneras\/wp-json\/wp\/v2\/tags?post=2556"}],"curies":[{"name":"wp","href":"https:\/\/api.w.org\/{rel}","templated":true}]}}