{"id":3050,"date":"2023-05-21T17:30:01","date_gmt":"2023-05-21T17:30:01","guid":{"rendered":"https:\/\/blogsaverroes.juntadeandalucia.es\/ceipfedericogarcialorcacarboneras\/?p=3050"},"modified":"2025-03-21T08:26:08","modified_gmt":"2025-03-21T08:26:08","slug":"video-carnaval","status":"publish","type":"post","link":"https:\/\/blogsaverroes.juntadeandalucia.es\/ceipfedericogarcialorcacarboneras\/2023\/05\/21\/video-carnaval\/","title":{"rendered":"V\u00eddeo Carnaval"},"content":{"rendered":"<p><a href=\"https:\/\/blogsaverroes.juntadeandalucia.es\/ceipfedericogarcialorcacarboneras\/files\/2023\/05\/pancarta-1.jpg\"><br \/>\n<img fetchpriority=\"high\" decoding=\"async\" class=\"aligncenter size-medium wp-image-3052\" src=\"https:\/\/blogsaverroes.juntadeandalucia.es\/ceipfedericogarcialorcacarboneras\/files\/2023\/05\/pancarta-1-300x204.jpg\" alt=\"\" width=\"300\" height=\"204\" srcset=\"https:\/\/blogsaverroes.juntadeandalucia.es\/ceipfedericogarcialorcacarboneras\/files\/2023\/05\/pancarta-1-300x204.jpg 300w, https:\/\/blogsaverroes.juntadeandalucia.es\/ceipfedericogarcialorcacarboneras\/files\/2023\/05\/pancarta-1.jpg 349w\" sizes=\"(max-width: 300px) 100vw, 300px\" \/><\/a><\/p>\n<p>&nbsp;<\/p>\n<p>Aqu\u00ed ten\u00e9is el enlace al v\u00eddeo realizado con las fotos y actuaciones del Carnaval 2023<\/p>\n<p>&nbsp;<\/p>\n<p><a href=\"https:\/\/www.canva.com\/design\/DAFhmx6_hJo\/QOwyvDJvrz1bzc8sOqA6CQ\/watch?utm_content=DAFhmx6_hJo&amp;utm_campaign=designshare&amp;utm_medium=link&amp;utm_source=publishsharelink\">Carnaval 2023<\/a><\/p>\n<p>Esperamos que os guste<\/p>\n","protected":false},"excerpt":{"rendered":"<p>&nbsp; Aqu\u00ed ten\u00e9is el enlace al v\u00eddeo realizado con las fotos y actuaciones del Carnaval 2023 &nbsp; Carnaval 2023 Esperamos que os guste<\/p>\n","protected":false},"author":7803,"featured_media":0,"comment_status":"closed","ping_status":"open","sticky":false,"template":"","format":"standard","meta":{"ngg_post_thumbnail":0,"footnotes":""},"categories":[5991,307439,307415,307417],"tags":[],"aioseo_notices":[],"_links":{"self":[{"href":"https:\/\/blogsaverroes.juntadeandalucia.es\/ceipfedericogarcialorcacarboneras\/wp-json\/wp\/v2\/posts\/3050"}],"collection":[{"href":"https:\/\/blogsaverroes.juntadeandalucia.es\/ceipfedericogarcialorcacarboneras\/wp-json\/wp\/v2\/posts"}],"about":[{"href":"https:\/\/blogsaverroes.juntadeandalucia.es\/ceipfedericogarcialorcacarboneras\/wp-json\/wp\/v2\/types\/post"}],"author":[{"embeddable":true,"href":"https:\/\/blogsaverroes.juntadeandalucia.es\/ceipfedericogarcialorcacarboneras\/wp-json\/wp\/v2\/users\/7803"}],"replies":[{"embeddable":true,"href":"https:\/\/blogsaverroes.juntadeandalucia.es\/ceipfedericogarcialorcacarboneras\/wp-json\/wp\/v2\/comments?post=3050"}],"version-history":[{"count":1,"href":"https:\/\/blogsaverroes.juntadeandalucia.es\/ceipfedericogarcialorcacarboneras\/wp-json\/wp\/v2\/posts\/3050\/revisions"}],"predecessor-version":[{"id":3053,"href":"https:\/\/blogsaverroes.juntadeandalucia.es\/ceipfedericogarcialorcacarboneras\/wp-json\/wp\/v2\/posts\/3050\/revisions\/3053"}],"wp:attachment":[{"href":"https:\/\/blogsaverroes.juntadeandalucia.es\/ceipfedericogarcialorcacarboneras\/wp-json\/wp\/v2\/media?parent=3050"}],"wp:term":[{"taxonomy":"category","embeddable":true,"href":"https:\/\/blogsaverroes.juntadeandalucia.es\/ceipfedericogarcialorcacarboneras\/wp-json\/wp\/v2\/categories?post=3050"},{"taxonomy":"post_tag","embeddable":true,"href":"https:\/\/blogsaverroes.juntadeandalucia.es\/ceipfedericogarcialorcacarboneras\/wp-json\/wp\/v2\/tags?post=3050"}],"curies":[{"name":"wp","href":"https:\/\/api.w.org\/{rel}","templated":true}]}}