{"id":2629,"date":"2020-01-24T12:18:17","date_gmt":"2020-01-24T12:18:17","guid":{"rendered":"https:\/\/blogsaverroes.juntadeandalucia.es\/ceipfedericogarcialorcacordoba\/?p=2629"},"modified":"2020-02-04T12:31:44","modified_gmt":"2020-02-04T12:31:44","slug":"visita-a-los-bomberos","status":"publish","type":"post","link":"https:\/\/blogsaverroes.juntadeandalucia.es\/ceipfedericogarcialorcacordoba\/visita-a-los-bomberos\/","title":{"rendered":"Visita a los bomberos"},"content":{"rendered":"<p>Hoy el alumnado del primer ciclo ha visitado el parque de bomberos de C\u00f3rdoba y ha podido conocer sus instalaciones, las herramientas que suelen usar, c\u00f3mo son sus uniformes y en t\u00e9rminos generales c\u00f3mo es la profesi\u00f3n de un bombero.<\/p>\nngg_shortcode_0_placeholder\n","protected":false},"excerpt":{"rendered":"<p>Hoy el alumnado del primer ciclo ha visitado el parque de bomberos de C\u00f3rdoba y ha podido conocer sus instalaciones, las herramientas que suelen usar, c\u00f3mo son sus uniformes y en t\u00e9rminos generales c\u00f3mo es la profesi\u00f3n de un bombero.<\/p>\n","protected":false},"author":8037,"featured_media":0,"comment_status":"open","ping_status":"open","sticky":false,"template":"","format":"standard","meta":{"ngg_post_thumbnail":0,"footnotes":""},"categories":[526],"tags":[648240,320920],"aioseo_notices":[],"_links":{"self":[{"href":"https:\/\/blogsaverroes.juntadeandalucia.es\/ceipfedericogarcialorcacordoba\/wp-json\/wp\/v2\/posts\/2629"}],"collection":[{"href":"https:\/\/blogsaverroes.juntadeandalucia.es\/ceipfedericogarcialorcacordoba\/wp-json\/wp\/v2\/posts"}],"about":[{"href":"https:\/\/blogsaverroes.juntadeandalucia.es\/ceipfedericogarcialorcacordoba\/wp-json\/wp\/v2\/types\/post"}],"author":[{"embeddable":true,"href":"https:\/\/blogsaverroes.juntadeandalucia.es\/ceipfedericogarcialorcacordoba\/wp-json\/wp\/v2\/users\/8037"}],"replies":[{"embeddable":true,"href":"https:\/\/blogsaverroes.juntadeandalucia.es\/ceipfedericogarcialorcacordoba\/wp-json\/wp\/v2\/comments?post=2629"}],"version-history":[{"count":1,"href":"https:\/\/blogsaverroes.juntadeandalucia.es\/ceipfedericogarcialorcacordoba\/wp-json\/wp\/v2\/posts\/2629\/revisions"}],"predecessor-version":[{"id":2636,"href":"https:\/\/blogsaverroes.juntadeandalucia.es\/ceipfedericogarcialorcacordoba\/wp-json\/wp\/v2\/posts\/2629\/revisions\/2636"}],"wp:attachment":[{"href":"https:\/\/blogsaverroes.juntadeandalucia.es\/ceipfedericogarcialorcacordoba\/wp-json\/wp\/v2\/media?parent=2629"}],"wp:term":[{"taxonomy":"category","embeddable":true,"href":"https:\/\/blogsaverroes.juntadeandalucia.es\/ceipfedericogarcialorcacordoba\/wp-json\/wp\/v2\/categories?post=2629"},{"taxonomy":"post_tag","embeddable":true,"href":"https:\/\/blogsaverroes.juntadeandalucia.es\/ceipfedericogarcialorcacordoba\/wp-json\/wp\/v2\/tags?post=2629"}],"curies":[{"name":"wp","href":"https:\/\/api.w.org\/{rel}","templated":true}]}}