{"id":3131,"date":"2020-06-12T17:03:41","date_gmt":"2020-06-12T17:03:41","guid":{"rendered":"https:\/\/blogsaverroes.juntadeandalucia.es\/ceipfedericogarcialorcacordoba\/?p=3131"},"modified":"2020-06-12T17:03:41","modified_gmt":"2020-06-12T17:03:41","slug":"programa-refuerzo-estival","status":"publish","type":"post","link":"https:\/\/blogsaverroes.juntadeandalucia.es\/ceipfedericogarcialorcacordoba\/programa-refuerzo-estival\/","title":{"rendered":"PROGRAMA REFUERZO ESTIVAL"},"content":{"rendered":"<p>Queridas familias:<\/p>\n<p>Os informamos que del 12 al 18 de junio est\u00e1 abierto el plazo para solicitar el Programa de Refuerzo Estival que tendr\u00e1 lugar durante el mes de julio. Los colegios de C\u00f3rdoba donde se va a desarrollar son el C.E.I.P. &#8220;Obispo Osio&#8221; y &#8220;Alcalde Jim\u00e9nez Ruiz&#8221;. Se solicitar\u00e1 a trav\u00e9s de la solicitud de inscripci\u00f3n que adjuntamos . Si alg\u00fan alumno\/a esta interesado ponerse en contacto con su tutor\/a. Muchas gracias.<\/p>\n<p><a href=\"https:\/\/blogsaverroes.juntadeandalucia.es\/ceipfedericogarcialorcacordoba\/files\/2020\/06\/solicitud-familias-refuerzo-escolar-1.pdf\">solicitud familias refuerzo escolar (1)<\/a><\/p>\n<p>&nbsp;<\/p>\n<p>EL EQUIPO DIRECTIVO<\/p>\n<p>&nbsp;<\/p>\n","protected":false},"excerpt":{"rendered":"<p>Queridas familias: Os informamos que del 12 al 18 de junio est\u00e1 abierto el plazo para solicitar el Programa de Refuerzo Estival que tendr\u00e1 lugar durante el mes de julio. Los colegios de C\u00f3rdoba donde se va a desarrollar son el C.E.I.P. &#8220;Obispo Osio&#8221; y &#8220;Alcalde Jim\u00e9nez Ruiz&#8221;. Se solicitar\u00e1 a trav\u00e9s de la solicitud [&hellip;]<\/p>\n","protected":false},"author":9170,"featured_media":0,"comment_status":"open","ping_status":"open","sticky":false,"template":"","format":"standard","meta":{"ngg_post_thumbnail":0,"footnotes":""},"categories":[526],"tags":[],"aioseo_notices":[],"_links":{"self":[{"href":"https:\/\/blogsaverroes.juntadeandalucia.es\/ceipfedericogarcialorcacordoba\/wp-json\/wp\/v2\/posts\/3131"}],"collection":[{"href":"https:\/\/blogsaverroes.juntadeandalucia.es\/ceipfedericogarcialorcacordoba\/wp-json\/wp\/v2\/posts"}],"about":[{"href":"https:\/\/blogsaverroes.juntadeandalucia.es\/ceipfedericogarcialorcacordoba\/wp-json\/wp\/v2\/types\/post"}],"author":[{"embeddable":true,"href":"https:\/\/blogsaverroes.juntadeandalucia.es\/ceipfedericogarcialorcacordoba\/wp-json\/wp\/v2\/users\/9170"}],"replies":[{"embeddable":true,"href":"https:\/\/blogsaverroes.juntadeandalucia.es\/ceipfedericogarcialorcacordoba\/wp-json\/wp\/v2\/comments?post=3131"}],"version-history":[{"count":1,"href":"https:\/\/blogsaverroes.juntadeandalucia.es\/ceipfedericogarcialorcacordoba\/wp-json\/wp\/v2\/posts\/3131\/revisions"}],"predecessor-version":[{"id":3133,"href":"https:\/\/blogsaverroes.juntadeandalucia.es\/ceipfedericogarcialorcacordoba\/wp-json\/wp\/v2\/posts\/3131\/revisions\/3133"}],"wp:attachment":[{"href":"https:\/\/blogsaverroes.juntadeandalucia.es\/ceipfedericogarcialorcacordoba\/wp-json\/wp\/v2\/media?parent=3131"}],"wp:term":[{"taxonomy":"category","embeddable":true,"href":"https:\/\/blogsaverroes.juntadeandalucia.es\/ceipfedericogarcialorcacordoba\/wp-json\/wp\/v2\/categories?post=3131"},{"taxonomy":"post_tag","embeddable":true,"href":"https:\/\/blogsaverroes.juntadeandalucia.es\/ceipfedericogarcialorcacordoba\/wp-json\/wp\/v2\/tags?post=3131"}],"curies":[{"name":"wp","href":"https:\/\/api.w.org\/{rel}","templated":true}]}}