{"id":5873,"date":"2026-03-18T08:33:16","date_gmt":"2026-03-18T08:33:16","guid":{"rendered":"https:\/\/blogsaverroes.juntadeandalucia.es\/ceipfedericogarcialorcacordoba\/?p=5873"},"modified":"2026-03-23T08:41:39","modified_gmt":"2026-03-23T08:41:39","slug":"programa-lacteos","status":"publish","type":"post","link":"https:\/\/blogsaverroes.juntadeandalucia.es\/ceipfedericogarcialorcacordoba\/programa-lacteos\/","title":{"rendered":"Programa l\u00e1cteos"},"content":{"rendered":"<p>\ud83e\udd5b\u2728 \u00a1Comienza el programa escolar de consumo de l\u00e1cteos en nuestro cole, el Federico!<\/p>\n<p>El alumnado de Infantil y Primaria ya participa en esta iniciativa que fomenta h\u00e1bitos de alimentaci\u00f3n saludables desde edades tempranas.<\/p>\n<p>Los l\u00e1cteos aportan grandes beneficios:<br \/>\n\ud83e\uddb4 Contribuyen al crecimiento y fortalecimiento de huesos y dientes gracias a su contenido en calcio.<br \/>\n\ud83d\udcaa Son una buena fuente de prote\u00ednas, esenciales para el desarrollo.<br \/>\n\ud83e\udde0 Aportan vitaminas y minerales que favorecen el funcionamiento del organismo.<br \/>\n\u26a1 Proporcionan energ\u00eda para afrontar el d\u00eda con vitalidad.<\/p>\n<p>\u00a1Seguimos apostando por la salud y el bienestar de nuestro alumnado! \ud83d\udc99<\/p>\n<p><a href=\"https:\/\/blogsaverroes.juntadeandalucia.es\/ceipfedericogarcialorcacordoba\/files\/2026\/03\/c332ff40-fa36-4d0c-9dd2-fa7335f8adbd.jpg\"><img loading=\"lazy\" decoding=\"async\" class=\"alignnone size-medium wp-image-5874\" src=\"https:\/\/blogsaverroes.juntadeandalucia.es\/ceipfedericogarcialorcacordoba\/files\/2026\/03\/c332ff40-fa36-4d0c-9dd2-fa7335f8adbd-135x300.jpg\" alt=\"\" width=\"135\" height=\"300\" srcset=\"https:\/\/blogsaverroes.juntadeandalucia.es\/ceipfedericogarcialorcacordoba\/files\/2026\/03\/c332ff40-fa36-4d0c-9dd2-fa7335f8adbd-135x300.jpg 135w, https:\/\/blogsaverroes.juntadeandalucia.es\/ceipfedericogarcialorcacordoba\/files\/2026\/03\/c332ff40-fa36-4d0c-9dd2-fa7335f8adbd-461x1024.jpg 461w, https:\/\/blogsaverroes.juntadeandalucia.es\/ceipfedericogarcialorcacordoba\/files\/2026\/03\/c332ff40-fa36-4d0c-9dd2-fa7335f8adbd-768x1707.jpg 768w, https:\/\/blogsaverroes.juntadeandalucia.es\/ceipfedericogarcialorcacordoba\/files\/2026\/03\/c332ff40-fa36-4d0c-9dd2-fa7335f8adbd-691x1536.jpg 691w, https:\/\/blogsaverroes.juntadeandalucia.es\/ceipfedericogarcialorcacordoba\/files\/2026\/03\/c332ff40-fa36-4d0c-9dd2-fa7335f8adbd.jpg 720w\" sizes=\"(max-width: 135px) 100vw, 135px\" \/><\/a> <a href=\"https:\/\/blogsaverroes.juntadeandalucia.es\/ceipfedericogarcialorcacordoba\/files\/2026\/03\/8175a077-e557-4c53-ba61-2fb95b3c3d79.jpg\"><img loading=\"lazy\" decoding=\"async\" class=\"alignnone size-medium wp-image-5875\" src=\"https:\/\/blogsaverroes.juntadeandalucia.es\/ceipfedericogarcialorcacordoba\/files\/2026\/03\/8175a077-e557-4c53-ba61-2fb95b3c3d79-300x135.jpg\" alt=\"\" width=\"300\" height=\"135\" srcset=\"https:\/\/blogsaverroes.juntadeandalucia.es\/ceipfedericogarcialorcacordoba\/files\/2026\/03\/8175a077-e557-4c53-ba61-2fb95b3c3d79-300x135.jpg 300w, https:\/\/blogsaverroes.juntadeandalucia.es\/ceipfedericogarcialorcacordoba\/files\/2026\/03\/8175a077-e557-4c53-ba61-2fb95b3c3d79-1024x461.jpg 1024w, https:\/\/blogsaverroes.juntadeandalucia.es\/ceipfedericogarcialorcacordoba\/files\/2026\/03\/8175a077-e557-4c53-ba61-2fb95b3c3d79-768x346.jpg 768w, https:\/\/blogsaverroes.juntadeandalucia.es\/ceipfedericogarcialorcacordoba\/files\/2026\/03\/8175a077-e557-4c53-ba61-2fb95b3c3d79-1536x691.jpg 1536w, https:\/\/blogsaverroes.juntadeandalucia.es\/ceipfedericogarcialorcacordoba\/files\/2026\/03\/8175a077-e557-4c53-ba61-2fb95b3c3d79.jpg 1600w\" sizes=\"(max-width: 300px) 100vw, 300px\" \/><\/a><\/p>\n","protected":false},"excerpt":{"rendered":"<p>\ud83e\udd5b\u2728 \u00a1Comienza el programa escolar de consumo de l\u00e1cteos en nuestro cole, el Federico! El alumnado de Infantil y Primaria ya participa en esta iniciativa que fomenta h\u00e1bitos de alimentaci\u00f3n saludables desde edades tempranas. Los l\u00e1cteos aportan grandes beneficios: \ud83e\uddb4 Contribuyen al crecimiento y fortalecimiento de huesos y dientes gracias a su contenido en calcio. [&hellip;]<\/p>\n","protected":false},"author":21611,"featured_media":0,"comment_status":"open","ping_status":"open","sticky":false,"template":"","format":"standard","meta":{"ngg_post_thumbnail":0,"footnotes":""},"categories":[526],"tags":[],"aioseo_notices":[],"_links":{"self":[{"href":"https:\/\/blogsaverroes.juntadeandalucia.es\/ceipfedericogarcialorcacordoba\/wp-json\/wp\/v2\/posts\/5873"}],"collection":[{"href":"https:\/\/blogsaverroes.juntadeandalucia.es\/ceipfedericogarcialorcacordoba\/wp-json\/wp\/v2\/posts"}],"about":[{"href":"https:\/\/blogsaverroes.juntadeandalucia.es\/ceipfedericogarcialorcacordoba\/wp-json\/wp\/v2\/types\/post"}],"author":[{"embeddable":true,"href":"https:\/\/blogsaverroes.juntadeandalucia.es\/ceipfedericogarcialorcacordoba\/wp-json\/wp\/v2\/users\/21611"}],"replies":[{"embeddable":true,"href":"https:\/\/blogsaverroes.juntadeandalucia.es\/ceipfedericogarcialorcacordoba\/wp-json\/wp\/v2\/comments?post=5873"}],"version-history":[{"count":1,"href":"https:\/\/blogsaverroes.juntadeandalucia.es\/ceipfedericogarcialorcacordoba\/wp-json\/wp\/v2\/posts\/5873\/revisions"}],"predecessor-version":[{"id":5876,"href":"https:\/\/blogsaverroes.juntadeandalucia.es\/ceipfedericogarcialorcacordoba\/wp-json\/wp\/v2\/posts\/5873\/revisions\/5876"}],"wp:attachment":[{"href":"https:\/\/blogsaverroes.juntadeandalucia.es\/ceipfedericogarcialorcacordoba\/wp-json\/wp\/v2\/media?parent=5873"}],"wp:term":[{"taxonomy":"category","embeddable":true,"href":"https:\/\/blogsaverroes.juntadeandalucia.es\/ceipfedericogarcialorcacordoba\/wp-json\/wp\/v2\/categories?post=5873"},{"taxonomy":"post_tag","embeddable":true,"href":"https:\/\/blogsaverroes.juntadeandalucia.es\/ceipfedericogarcialorcacordoba\/wp-json\/wp\/v2\/tags?post=5873"}],"curies":[{"name":"wp","href":"https:\/\/api.w.org\/{rel}","templated":true}]}}