{"id":2565,"date":"2021-03-15T09:52:28","date_gmt":"2021-03-15T08:52:28","guid":{"rendered":"http:\/\/blogsaverroes.juntadeandalucia.es\/ceipfernandofeliu\/?p=2565"},"modified":"2022-02-16T18:52:21","modified_gmt":"2022-02-16T17:52:21","slug":"proyecto-la-india-los-mandalas","status":"publish","type":"post","link":"https:\/\/blogsaverroes.juntadeandalucia.es\/ceipfernandofeliu\/proyecto-la-india-los-mandalas\/","title":{"rendered":"PROYECTO \u00abLA INDIA\u00bb. LOS MANDALAS"},"content":{"rendered":"<h3 style=\"text-align: justify\">*LOS MANDALAS*<br \/>\nEsta semana en manos de Jos\u00e9 Antonio hemos aprendido mucho sobre los mandalas , una gran exposici\u00f3n que culmina con la realizaci\u00f3n de unos fabulosos mandalas encima de piedras que tra\u00eda para cada un@ de sus compa\u00f1er@s.<\/h3>\n<h3 style=\"text-align: justify\"><a href=\"https:\/\/drive.google.com\/file\/d\/1KWOG8IV91EPGQfHthUimW8cp3rG_P70T\/view?usp=sharing\">EXPOSICI\u00d3N DE ALUMNO<\/a><\/h3>\n<p><img decoding=\"async\" class=\"CToWUd a6T\" src=\"https:\/\/mail.google.com\/mail\/u\/0?ui=2&amp;ik=45669db16a&amp;attid=0.1&amp;permmsgid=msg-f:1694287231402797477&amp;th=178351429f3e69a5&amp;view=fimg&amp;sz=s0-l75-ft&amp;attbid=ANGjdJ9r8xWpDDWmpCBVU0h6Aa6KQWdr83lY-1eqWpkzqga3MYV1YUId_PBqJpQhIvafjehXCMfR156dKLW4E5OM8XyyAmoM2-j0VzJjajtLArztUgqP366aM0E2Uno&amp;disp=emb&amp;realattid=ef2bf3d15d450a41_0.1.1\" data-image-whitelisted=\"\"><\/p>\n","protected":false},"excerpt":{"rendered":"<p>&#46;&#46;&#46;<\/p>\n","protected":false},"author":4234,"featured_media":2730,"comment_status":"open","ping_status":"open","sticky":false,"template":"","format":"standard","meta":{"ngg_post_thumbnail":0,"footnotes":""},"categories":[25498,526],"tags":[],"aioseo_notices":[],"_links":{"self":[{"href":"https:\/\/blogsaverroes.juntadeandalucia.es\/ceipfernandofeliu\/wp-json\/wp\/v2\/posts\/2565"}],"collection":[{"href":"https:\/\/blogsaverroes.juntadeandalucia.es\/ceipfernandofeliu\/wp-json\/wp\/v2\/posts"}],"about":[{"href":"https:\/\/blogsaverroes.juntadeandalucia.es\/ceipfernandofeliu\/wp-json\/wp\/v2\/types\/post"}],"author":[{"embeddable":true,"href":"https:\/\/blogsaverroes.juntadeandalucia.es\/ceipfernandofeliu\/wp-json\/wp\/v2\/users\/4234"}],"replies":[{"embeddable":true,"href":"https:\/\/blogsaverroes.juntadeandalucia.es\/ceipfernandofeliu\/wp-json\/wp\/v2\/comments?post=2565"}],"version-history":[{"count":3,"href":"https:\/\/blogsaverroes.juntadeandalucia.es\/ceipfernandofeliu\/wp-json\/wp\/v2\/posts\/2565\/revisions"}],"predecessor-version":[{"id":2732,"href":"https:\/\/blogsaverroes.juntadeandalucia.es\/ceipfernandofeliu\/wp-json\/wp\/v2\/posts\/2565\/revisions\/2732"}],"wp:featuredmedia":[{"embeddable":true,"href":"https:\/\/blogsaverroes.juntadeandalucia.es\/ceipfernandofeliu\/wp-json\/wp\/v2\/media\/2730"}],"wp:attachment":[{"href":"https:\/\/blogsaverroes.juntadeandalucia.es\/ceipfernandofeliu\/wp-json\/wp\/v2\/media?parent=2565"}],"wp:term":[{"taxonomy":"category","embeddable":true,"href":"https:\/\/blogsaverroes.juntadeandalucia.es\/ceipfernandofeliu\/wp-json\/wp\/v2\/categories?post=2565"},{"taxonomy":"post_tag","embeddable":true,"href":"https:\/\/blogsaverroes.juntadeandalucia.es\/ceipfernandofeliu\/wp-json\/wp\/v2\/tags?post=2565"}],"curies":[{"name":"wp","href":"https:\/\/api.w.org\/{rel}","templated":true}]}}