{"id":2802,"date":"2022-03-11T19:38:29","date_gmt":"2022-03-11T18:38:29","guid":{"rendered":"http:\/\/blogsaverroes.juntadeandalucia.es\/ceipfernandofeliu\/?p=2802"},"modified":"2022-03-11T19:38:47","modified_gmt":"2022-03-11T18:38:47","slug":"solidaridad-con-ucrania","status":"publish","type":"post","link":"https:\/\/blogsaverroes.juntadeandalucia.es\/ceipfernandofeliu\/solidaridad-con-ucrania\/","title":{"rendered":"SOLIDARIDAD CON UCRANIA CEIP FERNANDO FELI\u00da"},"content":{"rendered":"<p>Desde principios de la semana pasada desde nuestro cole, y gracias a la iniciativa propuesta por nuestra compa\u00f1era <em><strong>Elena Ram\u00edrez Alonso<\/strong> <\/em>(tutora de 5\u00baD y especialista de Ingl\u00e9s). Iniciamos una campa\u00f1a de recogida para ayudar en esta dif\u00edcil situaci\u00f3n.<\/p>\n<p>Ante todo damos las gracias por la colaboraci\u00f3n de nuestras familias, las familias del CEIP Fernando Feli\u00fa.<\/p>\n<p>Gracias, muchas gracias por todo\u2026<\/p>\n<p>.<a href=\"https:\/\/blogsaverroes.juntadeandalucia.es\/ceipfernandofeliu\/files\/2022\/03\/515CF50F-0EFE-4AE1-B7EA-E7D7E73E1D9B.jpeg\"><img loading=\"lazy\" decoding=\"async\" class=\"alignnone size-medium wp-image-2804\" src=\"https:\/\/blogsaverroes.juntadeandalucia.es\/ceipfernandofeliu\/files\/2022\/03\/515CF50F-0EFE-4AE1-B7EA-E7D7E73E1D9B-300x225.jpeg\" alt=\"\" width=\"300\" height=\"225\" srcset=\"https:\/\/blogsaverroes.juntadeandalucia.es\/ceipfernandofeliu\/files\/2022\/03\/515CF50F-0EFE-4AE1-B7EA-E7D7E73E1D9B-300x225.jpeg 300w, https:\/\/blogsaverroes.juntadeandalucia.es\/ceipfernandofeliu\/files\/2022\/03\/515CF50F-0EFE-4AE1-B7EA-E7D7E73E1D9B-1024x769.jpeg 1024w, https:\/\/blogsaverroes.juntadeandalucia.es\/ceipfernandofeliu\/files\/2022\/03\/515CF50F-0EFE-4AE1-B7EA-E7D7E73E1D9B-768x576.jpeg 768w, https:\/\/blogsaverroes.juntadeandalucia.es\/ceipfernandofeliu\/files\/2022\/03\/515CF50F-0EFE-4AE1-B7EA-E7D7E73E1D9B-1536x1153.jpeg 1536w, https:\/\/blogsaverroes.juntadeandalucia.es\/ceipfernandofeliu\/files\/2022\/03\/515CF50F-0EFE-4AE1-B7EA-E7D7E73E1D9B.jpeg 1600w\" sizes=\"(max-width: 300px) 100vw, 300px\" \/><\/a><br \/>\n<a href=\"https:\/\/blogsaverroes.juntadeandalucia.es\/ceipfernandofeliu\/files\/2022\/03\/97204B7D-68EC-4824-B81F-48F4D4A5D955.jpeg\"><img loading=\"lazy\" decoding=\"async\" class=\"alignnone size-medium wp-image-2805\" src=\"https:\/\/blogsaverroes.juntadeandalucia.es\/ceipfernandofeliu\/files\/2022\/03\/97204B7D-68EC-4824-B81F-48F4D4A5D955-300x225.jpeg\" alt=\"\" width=\"300\" height=\"225\" srcset=\"https:\/\/blogsaverroes.juntadeandalucia.es\/ceipfernandofeliu\/files\/2022\/03\/97204B7D-68EC-4824-B81F-48F4D4A5D955-300x225.jpeg 300w, https:\/\/blogsaverroes.juntadeandalucia.es\/ceipfernandofeliu\/files\/2022\/03\/97204B7D-68EC-4824-B81F-48F4D4A5D955-1024x769.jpeg 1024w, https:\/\/blogsaverroes.juntadeandalucia.es\/ceipfernandofeliu\/files\/2022\/03\/97204B7D-68EC-4824-B81F-48F4D4A5D955-768x576.jpeg 768w, https:\/\/blogsaverroes.juntadeandalucia.es\/ceipfernandofeliu\/files\/2022\/03\/97204B7D-68EC-4824-B81F-48F4D4A5D955-1536x1153.jpeg 1536w, https:\/\/blogsaverroes.juntadeandalucia.es\/ceipfernandofeliu\/files\/2022\/03\/97204B7D-68EC-4824-B81F-48F4D4A5D955.jpeg 1600w\" sizes=\"(max-width: 300px) 100vw, 300px\" \/><\/a> <a href=\"https:\/\/blogsaverroes.juntadeandalucia.es\/ceipfernandofeliu\/files\/2022\/03\/4B4FB1CE-79D8-4B9D-B735-4316355DAAC8.jpeg\"><img loading=\"lazy\" decoding=\"async\" class=\"alignnone size-medium wp-image-2806\" src=\"https:\/\/blogsaverroes.juntadeandalucia.es\/ceipfernandofeliu\/files\/2022\/03\/4B4FB1CE-79D8-4B9D-B735-4316355DAAC8-224x300.jpeg\" alt=\"\" width=\"224\" height=\"300\" srcset=\"https:\/\/blogsaverroes.juntadeandalucia.es\/ceipfernandofeliu\/files\/2022\/03\/4B4FB1CE-79D8-4B9D-B735-4316355DAAC8-224x300.jpeg 224w, https:\/\/blogsaverroes.juntadeandalucia.es\/ceipfernandofeliu\/files\/2022\/03\/4B4FB1CE-79D8-4B9D-B735-4316355DAAC8-766x1024.jpeg 766w, https:\/\/blogsaverroes.juntadeandalucia.es\/ceipfernandofeliu\/files\/2022\/03\/4B4FB1CE-79D8-4B9D-B735-4316355DAAC8-768x1027.jpeg 768w, https:\/\/blogsaverroes.juntadeandalucia.es\/ceipfernandofeliu\/files\/2022\/03\/4B4FB1CE-79D8-4B9D-B735-4316355DAAC8-1149x1536.jpeg 1149w, https:\/\/blogsaverroes.juntadeandalucia.es\/ceipfernandofeliu\/files\/2022\/03\/4B4FB1CE-79D8-4B9D-B735-4316355DAAC8.jpeg 1197w\" sizes=\"(max-width: 224px) 100vw, 224px\" \/><\/a> <a href=\"https:\/\/blogsaverroes.juntadeandalucia.es\/ceipfernandofeliu\/files\/2022\/03\/C54206CA-28AE-4BE3-BB69-2B6F545830CA.jpeg\"><img loading=\"lazy\" decoding=\"async\" class=\"alignnone size-medium wp-image-2807\" src=\"https:\/\/blogsaverroes.juntadeandalucia.es\/ceipfernandofeliu\/files\/2022\/03\/C54206CA-28AE-4BE3-BB69-2B6F545830CA-300x225.jpeg\" alt=\"\" width=\"300\" height=\"225\" srcset=\"https:\/\/blogsaverroes.juntadeandalucia.es\/ceipfernandofeliu\/files\/2022\/03\/C54206CA-28AE-4BE3-BB69-2B6F545830CA-300x225.jpeg 300w, https:\/\/blogsaverroes.juntadeandalucia.es\/ceipfernandofeliu\/files\/2022\/03\/C54206CA-28AE-4BE3-BB69-2B6F545830CA-1024x769.jpeg 1024w, https:\/\/blogsaverroes.juntadeandalucia.es\/ceipfernandofeliu\/files\/2022\/03\/C54206CA-28AE-4BE3-BB69-2B6F545830CA-768x576.jpeg 768w, https:\/\/blogsaverroes.juntadeandalucia.es\/ceipfernandofeliu\/files\/2022\/03\/C54206CA-28AE-4BE3-BB69-2B6F545830CA-1536x1153.jpeg 1536w, https:\/\/blogsaverroes.juntadeandalucia.es\/ceipfernandofeliu\/files\/2022\/03\/C54206CA-28AE-4BE3-BB69-2B6F545830CA.jpeg 1600w\" sizes=\"(max-width: 300px) 100vw, 300px\" \/><\/a><\/p>\n<p>&nbsp;<\/p>\n<p>&nbsp;<\/p>\n","protected":false},"excerpt":{"rendered":"<p>&#46;&#46;&#46;<\/p>\n","protected":false},"author":4234,"featured_media":2803,"comment_status":"open","ping_status":"open","sticky":false,"template":"","format":"standard","meta":{"ngg_post_thumbnail":0,"footnotes":""},"categories":[526],"tags":[],"aioseo_notices":[],"_links":{"self":[{"href":"https:\/\/blogsaverroes.juntadeandalucia.es\/ceipfernandofeliu\/wp-json\/wp\/v2\/posts\/2802"}],"collection":[{"href":"https:\/\/blogsaverroes.juntadeandalucia.es\/ceipfernandofeliu\/wp-json\/wp\/v2\/posts"}],"about":[{"href":"https:\/\/blogsaverroes.juntadeandalucia.es\/ceipfernandofeliu\/wp-json\/wp\/v2\/types\/post"}],"author":[{"embeddable":true,"href":"https:\/\/blogsaverroes.juntadeandalucia.es\/ceipfernandofeliu\/wp-json\/wp\/v2\/users\/4234"}],"replies":[{"embeddable":true,"href":"https:\/\/blogsaverroes.juntadeandalucia.es\/ceipfernandofeliu\/wp-json\/wp\/v2\/comments?post=2802"}],"version-history":[{"count":2,"href":"https:\/\/blogsaverroes.juntadeandalucia.es\/ceipfernandofeliu\/wp-json\/wp\/v2\/posts\/2802\/revisions"}],"predecessor-version":[{"id":2809,"href":"https:\/\/blogsaverroes.juntadeandalucia.es\/ceipfernandofeliu\/wp-json\/wp\/v2\/posts\/2802\/revisions\/2809"}],"wp:featuredmedia":[{"embeddable":true,"href":"https:\/\/blogsaverroes.juntadeandalucia.es\/ceipfernandofeliu\/wp-json\/wp\/v2\/media\/2803"}],"wp:attachment":[{"href":"https:\/\/blogsaverroes.juntadeandalucia.es\/ceipfernandofeliu\/wp-json\/wp\/v2\/media?parent=2802"}],"wp:term":[{"taxonomy":"category","embeddable":true,"href":"https:\/\/blogsaverroes.juntadeandalucia.es\/ceipfernandofeliu\/wp-json\/wp\/v2\/categories?post=2802"},{"taxonomy":"post_tag","embeddable":true,"href":"https:\/\/blogsaverroes.juntadeandalucia.es\/ceipfernandofeliu\/wp-json\/wp\/v2\/tags?post=2802"}],"curies":[{"name":"wp","href":"https:\/\/api.w.org\/{rel}","templated":true}]}}