{"id":2626,"date":"2025-01-21T20:02:55","date_gmt":"2025-01-21T19:02:55","guid":{"rendered":"https:\/\/blogsaverroes.juntadeandalucia.es\/ceipfernandogavilan\/?p=2626"},"modified":"2025-01-21T20:02:55","modified_gmt":"2025-01-21T19:02:55","slug":"introduccion","status":"publish","type":"post","link":"https:\/\/blogsaverroes.juntadeandalucia.es\/ceipfernandogavilan\/introduccion\/","title":{"rendered":"INTRODUCCI\u00d3N"},"content":{"rendered":"<p><b>1. INTRODUCCI\u00d3N<\/b><\/p>\n<p>Seg\u00fan la Ley 17\/2007, de 10 de diciembre, de Educaci\u00f3n de Andaluc\u00eda (LEA)<span class=\"Apple-converted-space\">&nbsp; <\/span>Art. 26 recoge:<span class=\"Apple-converted-space\">&nbsp;<\/span><\/p>\n<p>El Plan de Centro es un documento que estar\u00e1 constituido por: El proyecto<span class=\"Apple-converted-space\">&nbsp; <\/span>Educativo, el Reglamento de Organizaci\u00f3n y Funcionamiento y el Proyecto de<span class=\"Apple-converted-space\">&nbsp; <\/span>Gesti\u00f3n. <span class=\"Apple-converted-space\">&nbsp;<\/span><\/p>\n<p>Este ser\u00e1 un documento con car\u00e1cter plurianual, obligar\u00e1 a todo el personal<span class=\"Apple-converted-space\">&nbsp; <\/span>del centro y vincular\u00e1 a la comunidad educativa, seg\u00fan el Art. 20 del Decreto<span class=\"Apple-converted-space\">&nbsp; <\/span>328\/2010, de 13 de julio.<span class=\"Apple-converted-space\">&nbsp;<\/span><\/p>\n<p>Nuestro plan de Centro expresar\u00e1 las se\u00f1as de identidad de nuestro centro<span class=\"Apple-converted-space\">&nbsp; <\/span>tal y como se recoge en el t\u00edtulo IV (cap. I) de la LEA y en el decreto 328\/2010 por el<span class=\"Apple-converted-space\">&nbsp; <\/span>que se regula el reglamento Org\u00e1nico de los colegios y escuelas que imparten<span class=\"Apple-converted-space\">&nbsp; <\/span>Educaci\u00f3n infantil de segundo ciclo y la Educaci\u00f3n Primaria. <span class=\"Apple-converted-space\">&nbsp;<\/span><\/p>\n<p>Este documento es el aut\u00e9ntico referente, con car\u00e1cter sist\u00e9mico e integrado, del<span class=\"Apple-converted-space\">&nbsp; <\/span>principio de autonom\u00eda pedag\u00f3gica, de organizaci\u00f3n y gesti\u00f3n.<span class=\"Apple-converted-space\">&nbsp;<\/span><\/p>\n<p>Tambi\u00e9n la LEA, en su Art. 4, principios del Sistema Educativo Andaluz<span class=\"Apple-converted-space\">&nbsp; <\/span>reconoce que autonom\u00eda, participaci\u00f3n y responsabilidad son los elementos determinantes del funcionamiento y la gesti\u00f3n de los centros docentes. <span class=\"Apple-converted-space\">&nbsp;<\/span><\/p>\n<p>De \u00e9ste modo hemos conformado el dise\u00f1o contextualizado del plan<span class=\"Apple-converted-space\">&nbsp; <\/span>teniendo en cuenta los art\u00edculos de la ley que determinan el contenido de cada uno<span class=\"Apple-converted-space\">&nbsp; <\/span>de los elementos integrantes (Art. 127, Proyecto Educativo, Art. 128 Reglamento de<span class=\"Apple-converted-space\">&nbsp; <\/span>Organizaci\u00f3n y funcionamiento y Art. 129, Proyecto de Gesti\u00f3n).<span class=\"Apple-converted-space\">&nbsp;<\/span><\/p>\n<p>La configuraci\u00f3n de nuestro Plan de Centro nos permite trazar y en<span class=\"Apple-converted-space\">&nbsp; <\/span>consecuencia llevar a cabo modelos de funcionamiento propios. Por ello incluye<span class=\"Apple-converted-space\">&nbsp; <\/span>desde los desarrollos curriculares (a partir de unas pautas para la elaboraci\u00f3n de<span class=\"Apple-converted-space\">&nbsp; <\/span>las programaciones did\u00e1cticas), hasta las medidas de Atenci\u00f3n a la diversidad (de<span class=\"Apple-converted-space\">&nbsp; <\/span>acuerdo con las necesidades Educativas de nuestro alumnado y las caracter\u00edsticas del entorno en el que nos encontramos), los criterios para organizara el tiempo, los programas de intervenci\u00f3n en el tiempo extraescolar, los procedimientos y criterios<span class=\"Apple-converted-space\">&nbsp; <\/span>de evaluaci\u00f3n, el plan de orientaci\u00f3n y la acci\u00f3n tutorial, el plan de convivencia, las<span class=\"Apple-converted-space\">&nbsp; <\/span>medidas para la mejora de la calidad educativa, el y plan de formaci\u00f3n del<span class=\"Apple-converted-space\">&nbsp; <\/span>profesorado.<span class=\"Apple-converted-space\">&nbsp;<\/span><\/p>\n<p>A lo largo de los diferentes apartados iremos dando respuesta a trav\u00e9s de la<span class=\"Apple-converted-space\">&nbsp; <\/span>previsi\u00f3n de medidas y compromisos educativos con las familias y con las distintas<span class=\"Apple-converted-space\">&nbsp; <\/span>instituciones de nuestro entorno. Todo ello persiguiendo la mejora de los<span class=\"Apple-converted-space\">&nbsp; <\/span>rendimientos acad\u00e9micos de nuestro alumnado con una formaci\u00f3n integral y<span class=\"Apple-converted-space\">&nbsp; <\/span>equilibrada.<span class=\"Apple-converted-space\">&nbsp;<\/span><\/p>\n<p>Nuestro Proyecto Educativo es el documento que constituye las se\u00f1as de<span class=\"Apple-converted-space\">&nbsp; <\/span>identidad de nuestro centro y expresa la educaci\u00f3n que deseamos y que vamos a<span class=\"Apple-converted-space\">&nbsp; <\/span>desarrollar en unas condiciones concretas, por lo que contemplaremos los valores,<span class=\"Apple-converted-space\">&nbsp; <\/span>los objetivos y las prioridades de actuaci\u00f3n, no limit\u00e1ndonos s\u00f3lo a los aspectos<span class=\"Apple-converted-space\">&nbsp; <\/span>curriculares, sino tambi\u00e9n a aquellos otros que, desde un punto de vista cultural,<span class=\"Apple-converted-space\">&nbsp; <\/span>hacen de nuestro centro un elemento dinamizador de nuestra zona educativa (recogido en el Art. 21 Del Decreto 328\/2010, de 13 de julio).<\/p>\n<p>El proyecto Educativo definir\u00e1 los objetivos particulares que nuestro centro se<span class=\"Apple-converted-space\">&nbsp; <\/span>propone alcanzar partiendo de su realidad y tomando como referente la Ley Org\u00e1nica 3\/2020 de 29 de diciembre y la ley 17\/2007 de 10 de diciembre, acerca de<span class=\"Apple-converted-space\">&nbsp; <\/span>los principios que orientan cada una de las etapas educativas que se imparten en el<span class=\"Apple-converted-space\">&nbsp; <\/span>mismo y las correspondientes prescripciones acerca del curr\u00edculo.<span class=\"Apple-converted-space\">&nbsp;<\/span><\/p>\n<p>Uno de los aspectos principales que sustentan el Proyecto Educativo es que<span class=\"Apple-converted-space\">&nbsp; <\/span>se adapta, en todo momento, al diagn\u00f3stico de la realidad y a las necesidades del<span class=\"Apple-converted-space\">&nbsp; <\/span>centro, contando con la naturaleza de los recursos (humanos, materiales&#8230;) disponibles; a la vez que orienta otras planificaciones y programaciones de la<span class=\"Apple-converted-space\">&nbsp; <\/span>actividad educativa.<span class=\"Apple-converted-space\">&nbsp;<\/span><\/p>\n<p>Es por lo que, precisa revisiones que, por su car\u00e1cter flexible, lo adecuen a<span class=\"Apple-converted-space\">&nbsp; <\/span>distintas circunstancias, tales como la implantaci\u00f3n de nuevas ense\u00f1anzas, a partir<span class=\"Apple-converted-space\">&nbsp; <\/span>de los an\u00e1lisis que sugiera su proceso de aplicaci\u00f3n.<\/p>\n<p>Como se\u00f1al\u00e1bamos anteriormente, las modificaciones o adecuaciones m\u00e1s<span class=\"Apple-converted-space\">&nbsp; <\/span>relevantes del Proyecto Educativo tienen que ver con la nueva configuraci\u00f3n del<span class=\"Apple-converted-space\">&nbsp; <\/span>curr\u00edculo establecida en el marco normativo que adjuntamos en el apartado 3 de<span class=\"Apple-converted-space\">&nbsp; <\/span>dicho documento.<\/p>\n<p><a title=\"Plan de Centro CEIP Fernando Gavil\u00e1n\" href=\"https:\/\/blogsaverroes.juntadeandalucia.es\/ceipfernandogavilan\/plan-de-centro-ceip-fernando-gavilan\/\">Volver al \u00cdndice<\/a><\/p>\n","protected":false},"excerpt":{"rendered":"<p>1. INTRODUCCI\u00d3N Seg\u00fan la Ley 17\/2007, de 10 de diciembre, de Educaci\u00f3n de Andaluc\u00eda (LEA)&nbsp; Art. 26 recoge:&nbsp; El Plan de Centro es un documento que estar\u00e1 constituido por: El proyecto&nbsp; Educativo, el Reglamento de Organizaci\u00f3n y Funcionamiento y el Proyecto de&nbsp; Gesti\u00f3n. &nbsp; Este ser\u00e1 un documento con car\u00e1cter plurianual, obligar\u00e1 a todo el [&hellip;]<\/p>\n","protected":false},"author":18083,"featured_media":0,"comment_status":"closed","ping_status":"open","sticky":false,"template":"","format":"standard","meta":{"_et_pb_use_builder":"","_et_pb_old_content":"","_et_gb_content_width":"","ngg_post_thumbnail":0,"footnotes":""},"categories":[1],"tags":[],"aioseo_notices":[],"_links":{"self":[{"href":"https:\/\/blogsaverroes.juntadeandalucia.es\/ceipfernandogavilan\/wp-json\/wp\/v2\/posts\/2626"}],"collection":[{"href":"https:\/\/blogsaverroes.juntadeandalucia.es\/ceipfernandogavilan\/wp-json\/wp\/v2\/posts"}],"about":[{"href":"https:\/\/blogsaverroes.juntadeandalucia.es\/ceipfernandogavilan\/wp-json\/wp\/v2\/types\/post"}],"author":[{"embeddable":true,"href":"https:\/\/blogsaverroes.juntadeandalucia.es\/ceipfernandogavilan\/wp-json\/wp\/v2\/users\/18083"}],"replies":[{"embeddable":true,"href":"https:\/\/blogsaverroes.juntadeandalucia.es\/ceipfernandogavilan\/wp-json\/wp\/v2\/comments?post=2626"}],"version-history":[{"count":1,"href":"https:\/\/blogsaverroes.juntadeandalucia.es\/ceipfernandogavilan\/wp-json\/wp\/v2\/posts\/2626\/revisions"}],"predecessor-version":[{"id":2627,"href":"https:\/\/blogsaverroes.juntadeandalucia.es\/ceipfernandogavilan\/wp-json\/wp\/v2\/posts\/2626\/revisions\/2627"}],"wp:attachment":[{"href":"https:\/\/blogsaverroes.juntadeandalucia.es\/ceipfernandogavilan\/wp-json\/wp\/v2\/media?parent=2626"}],"wp:term":[{"taxonomy":"category","embeddable":true,"href":"https:\/\/blogsaverroes.juntadeandalucia.es\/ceipfernandogavilan\/wp-json\/wp\/v2\/categories?post=2626"},{"taxonomy":"post_tag","embeddable":true,"href":"https:\/\/blogsaverroes.juntadeandalucia.es\/ceipfernandogavilan\/wp-json\/wp\/v2\/tags?post=2626"}],"curies":[{"name":"wp","href":"https:\/\/api.w.org\/{rel}","templated":true}]}}