{"id":2631,"date":"2025-01-21T20:08:48","date_gmt":"2025-01-21T19:08:48","guid":{"rendered":"https:\/\/blogsaverroes.juntadeandalucia.es\/ceipfernandogavilan\/?p=2631"},"modified":"2025-01-21T20:08:48","modified_gmt":"2025-01-21T19:08:48","slug":"senas-de-identidad","status":"publish","type":"post","link":"https:\/\/blogsaverroes.juntadeandalucia.es\/ceipfernandogavilan\/senas-de-identidad\/","title":{"rendered":"Se\u00f1as de Identidad"},"content":{"rendered":"<p><b>3. SE\u00d1AS DE IDENTIDAD<span class=\"Apple-converted-space\">&nbsp;<\/span><\/b><\/p>\n<p><b>3.1 <\/b><b>Misi\u00f3n, Visi\u00f3n Y Valores.<span class=\"Apple-converted-space\">&nbsp;<\/span><\/b><\/p>\n<p>\u2219 <b>Misi\u00f3n<i>:<span class=\"Apple-converted-space\">&nbsp;<\/span><\/i><\/b><\/p>\n<p>Los centros p\u00fablicos, C.E.I.P. Benafelix, C.E.I.P. Fernando Gavil\u00e1n, CEIP<span class=\"Apple-converted-space\">&nbsp; <\/span>V\u00edctor de la Serna, CEIP Reina Sof\u00eda, CEIP Ram\u00f3n Crossa, IES Maestro Francisco<span class=\"Apple-converted-space\">&nbsp; <\/span>Fatou, IES Ntra. Sra. de los Remedios de Ubrique e IES Las Cumbres se<span class=\"Apple-converted-space\">&nbsp; <\/span>constituyen en Zona Educativa para permitir la continuidad en el conjunto del<span class=\"Apple-converted-space\">&nbsp; <\/span>proceso educativo, pasando de las ense\u00f1anzas obligatorias a las postobligatorias.<span class=\"Apple-converted-space\">&nbsp;<\/span><\/p>\n<p>Nuestro prop\u00f3sito es la formaci\u00f3n integral del alumnado; para su inserci\u00f3n en la Educaci\u00f3n Secundaria Obligatoria, en una primera etapa, y posteriormente en<span class=\"Apple-converted-space\">&nbsp; <\/span>los estudios superiores y en el mundo laboral. Potenciaremos el desarrollo de las<span class=\"Apple-converted-space\">&nbsp; <\/span>Competencias b\u00e1sicas y el dominio de los Contenidos programados en los distintos<span class=\"Apple-converted-space\">&nbsp; <\/span>curr\u00edculos, prestando especial inter\u00e9s al alumnado que presente cualquier tipo de<span class=\"Apple-converted-space\">&nbsp; <\/span>NEAE, respetando sus ritmos de aprendizaje y contando con la colaboraci\u00f3n<span class=\"Apple-converted-space\">&nbsp; <\/span>familiar. Toda la labor docente se desarrollar\u00e1 en un ambiente de convivencia en el<span class=\"Apple-converted-space\">&nbsp; <\/span>que se ejerzan con responsabilidad tanto derechos como deberes, procurando la<span class=\"Apple-converted-space\">&nbsp; <\/span>adquisici\u00f3n de valores integradores. El respeto a las personas, a los medios<span class=\"Apple-converted-space\">&nbsp; <\/span>materiales y al Medio ambiente ser\u00e1n parte fundamental de nuestra labor.<span class=\"Apple-converted-space\">&nbsp;<\/span><\/p>\n<p>\u2219 <b>Visi\u00f3n:<span class=\"Apple-converted-space\">&nbsp;<\/span><\/b><\/p>\n<p>Nuestra Zona Educativa pretende que todos sus Centros generen confianza<span class=\"Apple-converted-space\">&nbsp; <\/span>y credibilidad en todos los sectores de la comunidad educativa, adem\u00e1s de la<span class=\"Apple-converted-space\">&nbsp; <\/span>potenciaci\u00f3n de todas las capacidades de su alumnado y el desarrollo de<span class=\"Apple-converted-space\">&nbsp; <\/span>habilidades y capacidades en aquel alumnado que presente NEAE, poniendo<span class=\"Apple-converted-space\">&nbsp; <\/span>especial inter\u00e9s en la excelencia de los resultados acad\u00e9micos, contando con la plena colaboraci\u00f3n de las familias, practicando un trabajo continuado, programado en equipo y manteniendo un elevado nivel de formaci\u00f3n continua.<span class=\"Apple-converted-space\">&nbsp;<\/span><\/p>\n<p>A partir de lo establecido en la MISI\u00d3N y VISI\u00d3N, se establecen un conjunto<span class=\"Apple-converted-space\">&nbsp; <\/span>de VALORES, entendidos como conductas esperadas y potenciadas por la zona<span class=\"Apple-converted-space\">&nbsp; <\/span>ESO para seguir cumpliendo con nuestra misi\u00f3n e ir preparando que la Visi\u00f3n tome<span class=\"Apple-converted-space\">&nbsp; <\/span>cuerpo. Deducimos, por tanto, a partir de lo acordado en los dos puntos anteriores, el<span class=\"Apple-converted-space\">&nbsp; <\/span>conjunto de valores que lo posibilita.<span class=\"Apple-converted-space\">&nbsp;<\/span><\/p>\n<p>&#8211; El punto m\u00e1s fuerte de nuestra Misi\u00f3n es la formaci\u00f3n integral. &#8211; Si los dos puntos siguientes tienen que ver con la preparaci\u00f3n para estudios<span class=\"Apple-converted-space\">&nbsp; <\/span>posteriores y para la inserci\u00f3n en el mundo del trabajo, parece razonable<span class=\"Apple-converted-space\">&nbsp; <\/span>que pongamos \u00e9nfasis en el valor del esfuerzo, y en la capacidad de<span class=\"Apple-converted-space\">&nbsp;<\/span> entrega.<span class=\"Apple-converted-space\">&nbsp;<\/span><\/p>\n<p>&#8211; Si a continuaci\u00f3n se habla de derechos, deberes y convivencia esto va a<span class=\"Apple-converted-space\">&nbsp; <\/span>exigir el cultivo de valores como la tolerancia o la solidaridad; el trabajo cooperativo nos compromete a valores relacionados con la capacidad de<span class=\"Apple-converted-space\">&nbsp;<\/span> compartir, a la visi\u00f3n igualitaria desde el punto de vista de g\u00e9nero y de<span class=\"Apple-converted-space\">&nbsp; <\/span>hacernos co-responsables de las acciones colectivas.<span class=\"Apple-converted-space\">&nbsp;<\/span><\/p>\n<p>&#8211; La visi\u00f3n europe\u00edsta nos inculcar\u00eda valores que nos hiciera andar en contra<span class=\"Apple-converted-space\">&nbsp;<\/span> de la xenofobia y el racismo.<\/p>\n<p>&#8211; Partiendo de la visi\u00f3n de futuro a\u00f1adimos alg\u00fan otro como es el caso de los<span class=\"Apple-converted-space\">&nbsp; <\/span>valores relacionados con el compromiso social, como la conciencia cr\u00edtica, la<span class=\"Apple-converted-space\">&nbsp; <\/span>dedicaci\u00f3n a tareas solidarias, sensibilidad para captar las necesidades del otro, la empat\u00eda para poder compartir sus problemas, la sensibilizaci\u00f3n<span class=\"Apple-converted-space\">&nbsp; <\/span>Medioambiental y respeto al entorno. El europe\u00edsmo y las nuevas<span class=\"Apple-converted-space\">&nbsp; <\/span>tecnolog\u00edas nos hablan de mentalidades abiertas, de capacidad de<span class=\"Apple-converted-space\">&nbsp; <\/span>innovaci\u00f3n, de desarrollo de la imaginaci\u00f3n creativa y productiva&#8230;<\/p>\n<ul>\n<li>Propiciar h\u00e1bitos de vida saludable.<\/li>\n<\/ul>\n<p><b>3.2<i>. <\/i><\/b><b>L\u00edneas De Trabajo, Actitudes Y Conductas.<span class=\"Apple-converted-space\">&nbsp;<\/span><\/b><\/p>\n<p>Las L\u00edneas de trabajo, actitudes y conductas que nuestra Zona Educativa considera adecuados para cumplir la misi\u00f3n de \u00e9sta son:<span class=\"Apple-converted-space\">&nbsp;<\/span><\/p>\n<p>\u25cf <b>Hacer bien y cada vez mejor las cosas<\/b>: Hay que hacer un trabajo bien<span class=\"Apple-converted-space\">&nbsp; <\/span>hecho y seguir el principio de mejora continua. Para mejorar nuestra pr\u00e1ctica<span class=\"Apple-converted-space\">&nbsp; <\/span>y la calidad de la formaci\u00f3n que ofrecemos debemos preguntarnos<span class=\"Apple-converted-space\">&nbsp; <\/span>constantemente que cosas deben mejorar.<span class=\"Apple-converted-space\">&nbsp;<\/span><\/p>\n<p>\u25cf <b>Actuar en el c\u00edrculo de influencia.<span class=\"Apple-converted-space\">&nbsp;<\/span><\/b><\/p>\n<p>\u25cf <b>Formaci\u00f3n permanente<\/b>: Animar al profesorado a la formaci\u00f3n permanente<span class=\"Apple-converted-space\">&nbsp; <\/span>y al uso de las nuevas tecnolog\u00edas de la informaci\u00f3n y comunicaci\u00f3n dentro<span class=\"Apple-converted-space\">&nbsp; <\/span>y fuera del aula.<span class=\"Apple-converted-space\">&nbsp;<\/span><\/p>\n<p>\u25cf <b>Trabajo cooperativo<\/b>: Trabajaremos con la metodolog\u00eda y disciplina del trabajo<span class=\"Apple-converted-space\">&nbsp; <\/span>cooperativo, procurando la m\u00e1xima participaci\u00f3n, contribuci\u00f3n, eficacia y rendimiento en nuestro trabajo.<span class=\"Apple-converted-space\">&nbsp;<\/span><\/p>\n<p>\u25cf <b>Innovaci\u00f3n educativa<\/b>: Promoveremos una cultura de innovaci\u00f3n en la ense\u00f1anza, fomentando la creatividad y el pensamiento cr\u00edtico. Nos esforzaremos por implementar metodolog\u00edas activas que respondan a las necesidades del alumnado, integrando nuevas herramientas y enfoques que faciliten un aprendizaje significativo y transformador.<\/p>\n<p>\u25cf <b>Mayor Coordinaci\u00f3n<\/b>: Coordinaci\u00f3n entre profesorado de los distintos ciclos,<span class=\"Apple-converted-space\">&nbsp; <\/span>departamentos&#8230;., adoptando los mismos criterios de evaluaci\u00f3n y<span class=\"Apple-converted-space\">&nbsp; <\/span>funcionamiento.<span class=\"Apple-converted-space\">&nbsp;<\/span><\/p>\n<p>\u25cf <b>Trabajo a trav\u00e9s de competencias espec\u00edficas.<span class=\"Apple-converted-space\">&nbsp;<\/span><\/b><\/p>\n<p>\u25cf <b>Escucharemos la voz del alumnado, familias y otros grupos de inter\u00e9s<\/b>:<span class=\"Apple-converted-space\">&nbsp; <\/span>Para mejorar nuestra actividad diaria tendremos en cuenta sus opiniones y<span class=\"Apple-converted-space\">&nbsp; <\/span>expectativas. Debemos dar una oportuna y eficaz informaci\u00f3n sobre las<span class=\"Apple-converted-space\">&nbsp; <\/span>caracter\u00edsticas de nuestro centro y sobre el funcionamiento did\u00e1ctico.<\/p>\n<p>\u25cf <b>Diversidad e Inclusi\u00f3n<\/b>: Fomentaremos un ambiente inclusivo que valore la diversidad, atendiendo a las necesidades individuales de cada estudiante y garantizando que todos tengan las mismas oportunidades de aprendizaje y participaci\u00f3n.<\/p>\n<p>\u25cf <b>Participaci\u00f3n y respeto<\/b>: Buscaremos las causas de los problemas y no los culpables, bas\u00e1ndonos siempre en el respeto y participaci\u00f3n. Debemos ser<span class=\"Apple-converted-space\">&nbsp; <\/span>consecuentes con nuestras obligaciones y responsabilidades, as\u00ed como con<span class=\"Apple-converted-space\">&nbsp; <\/span>nuestros derechos.<span class=\"Apple-converted-space\">&nbsp;<\/span><\/p>\n<p>\u25cf <b>Seriedad, orden y limpieza<\/b>: Valoramos el orden, la limpieza en las<span class=\"Apple-converted-space\">&nbsp; <\/span>instalaciones del centro, as\u00ed como la seriedad y el compromiso en la<span class=\"Apple-converted-space\">&nbsp; <\/span>asunci\u00f3n de tareas. Valoramos el cumplimiento de las normas establecidas,<span class=\"Apple-converted-space\">&nbsp; <\/span>reforzando la disciplina y la puntualidad.<span class=\"Apple-converted-space\">&nbsp;<\/span><\/p>\n<p>\u25cf <b>Utilizaci\u00f3n responsable de los recursos del Centro<\/b>: Queremos inculcar<span class=\"Apple-converted-space\">&nbsp; <\/span>valores de respeto al medio ambiente, utilizando de forma adecuada los recursos<span class=\"Apple-converted-space\">&nbsp; <\/span>disponibles en nuestro centro y empleando la triple R (reducir, reciclar y reutilizar).<\/p>\n<p><a title=\"Proyecto Educativo CEIP Fernando Gavil\u00e1n\" href=\"https:\/\/blogsaverroes.juntadeandalucia.es\/ceipfernandogavilan\/plan-de-centro-ceip-fernando-gavilan\/\">Volver al \u00cdndice<\/a><\/p>\n","protected":false},"excerpt":{"rendered":"<p>3. SE\u00d1AS DE IDENTIDAD&nbsp; 3.1 Misi\u00f3n, Visi\u00f3n Y Valores.&nbsp; \u2219 Misi\u00f3n:&nbsp; Los centros p\u00fablicos, C.E.I.P. Benafelix, C.E.I.P. Fernando Gavil\u00e1n, CEIP&nbsp; V\u00edctor de la Serna, CEIP Reina Sof\u00eda, CEIP Ram\u00f3n Crossa, IES Maestro Francisco&nbsp; Fatou, IES Ntra. Sra. de los Remedios de Ubrique e IES Las Cumbres se&nbsp; constituyen en Zona Educativa para permitir la continuidad [&hellip;]<\/p>\n","protected":false},"author":18083,"featured_media":0,"comment_status":"closed","ping_status":"open","sticky":false,"template":"","format":"standard","meta":{"_et_pb_use_builder":"","_et_pb_old_content":"","_et_gb_content_width":"","ngg_post_thumbnail":0,"footnotes":""},"categories":[1],"tags":[],"aioseo_notices":[],"_links":{"self":[{"href":"https:\/\/blogsaverroes.juntadeandalucia.es\/ceipfernandogavilan\/wp-json\/wp\/v2\/posts\/2631"}],"collection":[{"href":"https:\/\/blogsaverroes.juntadeandalucia.es\/ceipfernandogavilan\/wp-json\/wp\/v2\/posts"}],"about":[{"href":"https:\/\/blogsaverroes.juntadeandalucia.es\/ceipfernandogavilan\/wp-json\/wp\/v2\/types\/post"}],"author":[{"embeddable":true,"href":"https:\/\/blogsaverroes.juntadeandalucia.es\/ceipfernandogavilan\/wp-json\/wp\/v2\/users\/18083"}],"replies":[{"embeddable":true,"href":"https:\/\/blogsaverroes.juntadeandalucia.es\/ceipfernandogavilan\/wp-json\/wp\/v2\/comments?post=2631"}],"version-history":[{"count":1,"href":"https:\/\/blogsaverroes.juntadeandalucia.es\/ceipfernandogavilan\/wp-json\/wp\/v2\/posts\/2631\/revisions"}],"predecessor-version":[{"id":2632,"href":"https:\/\/blogsaverroes.juntadeandalucia.es\/ceipfernandogavilan\/wp-json\/wp\/v2\/posts\/2631\/revisions\/2632"}],"wp:attachment":[{"href":"https:\/\/blogsaverroes.juntadeandalucia.es\/ceipfernandogavilan\/wp-json\/wp\/v2\/media?parent=2631"}],"wp:term":[{"taxonomy":"category","embeddable":true,"href":"https:\/\/blogsaverroes.juntadeandalucia.es\/ceipfernandogavilan\/wp-json\/wp\/v2\/categories?post=2631"},{"taxonomy":"post_tag","embeddable":true,"href":"https:\/\/blogsaverroes.juntadeandalucia.es\/ceipfernandogavilan\/wp-json\/wp\/v2\/tags?post=2631"}],"curies":[{"name":"wp","href":"https:\/\/api.w.org\/{rel}","templated":true}]}}