{"id":2666,"date":"2025-01-21T22:16:04","date_gmt":"2025-01-21T21:16:04","guid":{"rendered":"https:\/\/blogsaverroes.juntadeandalucia.es\/ceipfernandogavilan\/?p=2666"},"modified":"2025-01-21T22:40:34","modified_gmt":"2025-01-21T21:40:34","slug":"plan-de-orientacion-y-accion-tutorial-poat","status":"publish","type":"post","link":"https:\/\/blogsaverroes.juntadeandalucia.es\/ceipfernandogavilan\/plan-de-orientacion-y-accion-tutorial-poat\/","title":{"rendered":"PLAN DE ORIENTACI\u00d3N Y ACCI\u00d3N TUTORIAL ( POAT)"},"content":{"rendered":"<p><b>10.- Plan de Orientaci\u00f3n y Acci\u00f3n Tutorial<\/b><\/p>\n<p>INDICE&nbsp;<\/p>\n<p>0.- Marco legal.&nbsp;<\/p>\n<p>1.- Justificaci\u00f3n.&nbsp;<\/p>\n<p>2.- Objetivos&nbsp;<\/p>\n<p>2.1.-Objetivos Generales&nbsp;<\/p>\n<p>3.- Funciones y actuaciones a desarrollar por los\/as tutores\/as&nbsp;<\/p>\n<p>3.1.-Funciones Seg\u00fan Marco Normativo&nbsp;<\/p>\n<p>4.- Tutor\u00eda lectiva.&nbsp;<\/p>\n<p>4.1.- Objetivos, Organizaci\u00f3n Y Temas Por Ciclos.&nbsp;<\/p>\n<p>5.- Programa de acogida y tr\u00e1nsito.&nbsp;<\/p>\n<p>5.1.- Acogida De Alumnado Por Diferentes Circunstancias Dentro Y Fuera De&nbsp; Los Plazos Legales.&nbsp;<\/p>\n<p>5.1.1.- Alumnado repetidor.&nbsp;<\/p>\n<p>5.1.2.- Alumnado procedente de otro centro.&nbsp;<\/p>\n<p>5.1.3.- Alumnado con NEE.&nbsp;<\/p>\n<p>5.1.4.- Alumnado inmigrante&nbsp;<\/p>\n<p>5.2.- Acogida Alumnado De Infantil De 3 A\u00f1os.&nbsp;<\/p>\n<p>5.3.- Programa De Tr\u00e1nsito De Educaci\u00f3n Infantil A Educaci\u00f3n Primaria.<span class=\"Apple-converted-space\">&nbsp;<\/span><\/p>\n<p>5.4.- Programa De Tr\u00e1nsito De Educaci\u00f3n Primaria A Educaci\u00f3n Secundaria.<span class=\"Apple-converted-space\">&nbsp;<\/span><\/p>\n<p>5.5.- Informe Personal De Seneca.&nbsp;<\/p>\n<p>6.- Relaciones con las familias.&nbsp;<\/p>\n<p>7.- Tareas Administrativas Del Profesorado.&nbsp;<\/p>\n<p>8.- Reuniones de coordinaci\u00f3n de la acci\u00f3n tutorial&nbsp;<\/p>\n<p>9.- Colaboraci\u00f3n Y Coordinaci\u00f3n Con Agentes Y Servicios Externos<span class=\"Apple-converted-space\">&nbsp;<\/span><\/p>\n<p>10.- Evaluaci\u00f3n del plan<\/p>\n<p><b>0.- Marco Normativo&nbsp;<\/b><\/p>\n<p>\u2043 Ley 17\/2007 de 10 de diciembre de Educaci\u00f3n de Andaluc\u00eda (LEA) en su&nbsp; Art. 127 establece que los Proyectos Educativos de los centros deber\u00e1n&nbsp; abordar, entre otros aspectos, el Plan de Orientaci\u00f3n y Acci\u00f3n Tutorial.&nbsp;<\/p>\n<p>\u2043 Decreto 101\/2023, de 9 de mayo, por el que se establece la ordenaci\u00f3n y&nbsp; el curr\u00edculo de la etapa de Educaci\u00f3n Primaria en la Comunidad&nbsp; Aut\u00f3noma de Andaluc\u00eda (BOJA 15-05-2023).&nbsp;<\/p>\n<p>\u2043 Decreto 100\/2023, de 9 de mayo, por el que se establece la ordenaci\u00f3n y&nbsp; el curr\u00edculo de la etapa de Educaci\u00f3n Infantil en la Comunidad Aut\u00f3noma&nbsp; de Andaluc\u00eda (BOJA 15-05-2023).&nbsp;<\/p>\n<p>\u2043 Decreto 328\/2010 de 13 de julio, en su art. 90 explicita las funciones&nbsp; que ejercer\u00e1n los tutores.&nbsp;<\/p>\n<p>\u2043 Real Decreto. 157\/2022 de 1 de marzo, por el que se establece la ordenaci\u00f3n &nbsp;y las ense\u00f1anzas m\u00ednimas de la Educaci\u00f3n Primaria.&nbsp;<\/p>\n<p>\u2043 Real Decreto 95\/2022 de 1 de febrero por la que se establecen la ordenaci\u00f3n&nbsp; y las ense\u00f1anzas m\u00ednimas de educaci\u00f3n de infantil.&nbsp;<\/p>\n<p><b>1.- Justificaci\u00f3n:&nbsp;<\/b><\/p>\n<p>La Educaci\u00f3n Infantil y la Educaci\u00f3n Primaria, constituyen etapas educativas&nbsp; b\u00e1sicas para el desarrollo personal y educativo del alumnado. Estas ense\u00f1anzas&nbsp; contribuyen a la adquisici\u00f3n de h\u00e1bitos y valores fundamentales para la adecuada&nbsp; socializaci\u00f3n, al desarrollo de capacidades que potencian la autonom\u00eda personal, y&nbsp; al logro de competencias b\u00e1sicas para afrontar etapas educativas posteriores y&nbsp; aprendizajes m\u00e1s complejos. Cuando dichas adquisiciones y logros se ven&nbsp; comprometidos con obst\u00e1culos de diversa \u00edndole, la orientaci\u00f3n y la acci\u00f3n tutorial&nbsp; deben contribuir a articular las medidas necesarias para superar dichas dificultades,&nbsp; recurriendo para ello tanto, a los recursos internos de los centros como a los&nbsp; servicios de apoyo especializados. Se trata, por tanto, de que el alumnado no&nbsp; finalice estas etapas educativas sin alcanzar las competencias b\u00e1sicas para su&nbsp; inclusi\u00f3n y participaci\u00f3n social, as\u00ed como para la continuaci\u00f3n de su proceso&nbsp; educativo en etapas posteriores.&nbsp;<\/p>\n<p>El POAT de la zona educativa persigue unas finalidades que han de verse&nbsp; reflejadas en nuestra tarea educativa com\u00fan. Es por tanto ineludible que la acci\u00f3n&nbsp;tutorial que ejercemos sea tambi\u00e9n com\u00fan y coordinada.&nbsp;<\/p>\n<p>La elaboraci\u00f3n de este Plan Orientaci\u00f3n y Acci\u00f3n Tutorial, har\u00e1 que el&nbsp;proceso educativo se ajuste m\u00e1s a la realidad de cada centro y de las personas que&nbsp; en ellos conviven (alumnado, profesorado y familias), de la misma forma que dar\u00e1 a&nbsp; todos los miembros de la comunidad educativa, una imagen m\u00e1s clara y real de&nbsp; c\u00f3mo se lleva a cabo y qu\u00e9 pretende conseguir con este proceso.Si la acci\u00f3n tutorial goza de buena organizaci\u00f3n y coordinaci\u00f3n, facilitar\u00e1 la&nbsp; incorporaci\u00f3n de nuevos miembros a la comunidad educativa.&nbsp;<\/p>\n<p><b>2.- Objetivos<\/b>:&nbsp;<\/p>\n<p>Decreto 328\/2010 Art. 21. Proyecto Educativo. Art. 89 designaci\u00f3n de los&nbsp; tutores\/as. Art. 90 y funciones de los tutores\/as.&nbsp;<\/p>\n<p>Orden de 20 de agosto de 2010; Art. 9, organizaci\u00f3n de la tutor\u00eda en el centro.<span class=\"Apple-converted-space\">&nbsp;<\/span><\/p>\n<p><b>2.1.-Objetivos Generales<\/b>&nbsp;<\/p>\n<p>a) Desarrollo personal y social del alumnado.&nbsp;<\/p>\n<p>\u25cf Favorecer la adaptaci\u00f3n del alumnado al contexto escolar y la&nbsp; integraci\u00f3n del alumnado con necesidades espec\u00edficas de apoyo&nbsp; educativo en el grupo clase.&nbsp;<\/p>\n<p>\u25cf Realizar un seguimiento personalizado del proceso de&nbsp; aprendizaje del alumnado, haciendo especial hincapi\u00e9 en la&nbsp;prevenci\u00f3n y detecci\u00f3n temprana de las dificultades en el&nbsp;aprendizaje y promoviendo las medidas correctoras oportunas&nbsp;tan pronto como dichas dificultades aparezcan.&nbsp;<\/p>\n<p>\u25cf Desarrollar en el alumnado un adecuado conocimiento y&nbsp; valoraci\u00f3n de s\u00ed mismo, adquiriendo una imagen positiva sobre&nbsp; sus propias posibilidades y capacidades.&nbsp;<\/p>\n<p>\u25cf Potenciar el desarrollo de competencias, h\u00e1bitos b\u00e1sicos de&nbsp; autonom\u00eda personal y social.&nbsp;<\/p>\n<p>\u25cf Contribuir a la equidad en la educaci\u00f3n, potenciando la&nbsp;compensaci\u00f3n de desigualdades y la inclusi\u00f3n social.&nbsp;<\/p>\n<p>\u25cf Adquirir h\u00e1bitos de vida saludable, aprendiendo a valorar la incidencia de las propias acciones y h\u00e1bitos de vida sobre la&nbsp; salud individual y colectiva promoviendo un consumo&nbsp; responsable.&nbsp;<\/p>\n<p>b)Atenci\u00f3n a la diversidad y apoyo a los procesos de ense\u00f1anza y&nbsp; aprendizaje.&nbsp;<\/p>\n<p>\u25cf Impulsar la aplicaci\u00f3n de un Proyecto Educativo inclusivo que&nbsp; contemple medidas organizativas, metodol\u00f3gicas y curriculares&nbsp; facilitadoras de la atenci\u00f3n a la diversidad del conjunto del&nbsp; alumnado.&nbsp;<\/p>\n<p>\u25cf Contribuir a la identificaci\u00f3n y detecci\u00f3n temprana de las&nbsp; dificultades de aprendizaje, poniendo en marcha las medidas&nbsp; educativas oportunas.&nbsp;<\/p>\n<p>\u25cf Optimizar la atenci\u00f3n educativa proporcionada al alumnado con necesidad espec\u00edfica de apoyo educativo.&nbsp;<\/p>\n<p>\u25cf Reforzar la equidad en la educaci\u00f3n, mejorando la inclusi\u00f3n y&nbsp; calidad de la respuesta educativa proporcionada al alumnado en&nbsp; situaci\u00f3n de desventaja socioeducativa.&nbsp;<\/p>\n<p>\u25cf Reforzar la adquisici\u00f3n de aprendizajes instrumentales,&nbsp; competencias claves, estrategias de aprendizaje y t\u00e9cnicas de&nbsp; trabajo intelectual.&nbsp;<\/p>\n<p>\u25cf Potenciar la puesta en marcha, seguimiento y evaluaci\u00f3n de&nbsp; adaptaciones curriculares, planes de refuerzo y apoyo educativo,&nbsp; programa de desarrollo de las competencias b\u00e1sicas para&nbsp; prevenir las dificultades de aprendizaje y la mejora de la atenci\u00f3n&nbsp; a la diversidad del conjunto del alumnado.&nbsp;<\/p>\n<p>c)Orientaci\u00f3n acad\u00e9mica y profesional.&nbsp;<\/p>\n<p>\u25cf Acercar progresivamente al alumnado al mundo de las&nbsp; profesiones.&nbsp;<\/p>\n<p>\u25cf Potenciar competencias relevantes, tanto en el \u00e1mbito educativo&nbsp; como en el laboral, tales como la responsabilidad, la&nbsp; perseverancia, la toma de decisiones, la resoluci\u00f3n de problemas&nbsp; y el trabajo en equipo.&nbsp;<\/p>\n<p>\u25cf Afianzar en el alumnado el autoconocimiento, facilitando la&nbsp; progresiva toma de conciencia sobre sus propias capacidades,&nbsp; posibilidades e intereses.&nbsp;<\/p>\n<p>\u25cf Educar en la igualdad de g\u00e9nero, previniendo la futura elecci\u00f3n&nbsp; de estudios y profesiones en funci\u00f3n de estereotipos sexistas, y&nbsp; concibiendo la igualdad de oportunidades entre hombres y&nbsp; mujeres.&nbsp;<\/p>\n<p>d)Colaboraci\u00f3n y coordinaci\u00f3n con las familias. Apertura al entorno y a&nbsp; la comunidad.&nbsp;<\/p>\n<p>\u25cf Establecer cauces de comunicaci\u00f3n, colaboraci\u00f3n y coordinaci\u00f3n&nbsp; con las familias del alumnado, potenciando su implicaci\u00f3n en la&nbsp; vida del centro.&nbsp;<\/p>\n<p>\u25cf Implicar a las familias en actividades de apoyo al aprendizaje y&nbsp; orientaci\u00f3n de sus hijos\/as.&nbsp;<\/p>\n<p>\u25cf Garantizar el derecho de los padres\/madres\/tutores legales, a&nbsp; ser o\u00eddos en aquellas decisiones que afecten a la orientaci\u00f3n&nbsp; acad\u00e9mica y profesional de sus hijos\/as.&nbsp;<\/p>\n<p>\u25cf Informar a las familias de aquellos asuntos relacionados con la&nbsp; educaci\u00f3n de sus hijos\/as.&nbsp;<\/p>\n<p>\u25cf Coordinar situaciones con servicios y agentes externos (Salud,&nbsp; Servicios Sociales, Municipios&#8230;), aprovechando los recursos socioeducativos que estas instituciones puedan ofrecer.&nbsp;<\/p>\n<p>e)Transici\u00f3n y coordinaci\u00f3n entre etapas educativas.&nbsp;<\/p>\n<p>\u25cf Acoger adecuadamente al alumnado de nuevo ingreso en el&nbsp; centro, prestando singular atenci\u00f3n al inicio de la Educaci\u00f3n&nbsp; Infantil.&nbsp;<\/p>\n<p>\u25cf Apoyar el proceso de transici\u00f3n entre etapas educativas,&nbsp; poniendo en marcha las medidas organizativas y curriculares&nbsp; necesarias para facilitar dicho proceso.&nbsp;<\/p>\n<p>\u25cf Tr\u00e1nsito de Ed. Infantil a Ed. Primaria:&nbsp;<\/p>\n<p>\u25cbVisitas al aula de 1\u00ba.&nbsp;<\/p>\n<p>\u25cbPresentaci\u00f3n, si fuera posible, de la nueva tutor\u00eda.&nbsp;<\/p>\n<p>\u25cbTraspaso de la m\u00e1xima informaci\u00f3n sobre el alumnado que&nbsp; cambia de etapa.&nbsp;<\/p>\n<p>\u25cf Acogida al alumnado de Educaci\u00f3n Infantil:&nbsp;<\/p>\n<p>\u25cbEntrada escalonada.&nbsp;<\/p>\n<p>\u25cbHorario reducido y flexible.&nbsp;<\/p>\n<p>\u25cbReuni\u00f3n del Servicio de Orientaci\u00f3n en mayo con la familia del&nbsp; nuevo alumnado.&nbsp;<\/p>\n<p><b>3.- Funciones Y Actuaciones A Desarrollar Por Los\/As Tutores\/As<\/b>:<span class=\"Apple-converted-space\">&nbsp;<\/span><\/p>\n<p>&nbsp;<\/p>\n<p><b>3.1.-Funciones Seg\u00fan Marco Normativo<\/b>:&nbsp;<\/p>\n<p>Art\u00edculo 90 del Decreto 328\/ 2010.&nbsp;<\/p>\n<p>En educaci\u00f3n Infantil y Primaria los tutores desarrollar\u00e1n las siguientes funciones:&nbsp;<\/p>\n<p>a) Desarrollar las actividades previstas en el plan de orientaci\u00f3n y acci\u00f3n tutorial.&nbsp;<\/p>\n<p>b) Conocer las aptitudes e intereses de cada alumno o alumna, con objeto&nbsp; de orientarle en su proceso de aprendizaje y en la toma de decisiones&nbsp; personales y acad\u00e9micas.&nbsp;<\/p>\n<p>c) Coordinar la intervenci\u00f3n educativa de todos los maestros y maestras que&nbsp; componen el equipo docente del grupo de alumnos y alumnas a su cargo. d) Coordinar las adaptaciones curriculares no significativas propuestas y&nbsp; elaboradas por el equipo docente.&nbsp;<\/p>\n<p>e) Garantizar la coordinaci\u00f3n de las actividades de ense\u00f1anza y aprendizaje&nbsp; que se propongan al alumnado a su cargo.&nbsp;<\/p>\n<p>f) Organizar y presidir las reuniones del equipo docente y las sesiones de&nbsp; evaluaci\u00f3n de su grupo de alumnos y alumnas.&nbsp;<\/p>\n<p>g) Coordinar el proceso de evaluaci\u00f3n continua del alumnado y adoptar,&nbsp; junto con el equipo docente, las decisiones que procedan acerca de la&nbsp; evaluaci\u00f3n y promoci\u00f3n del alumnado, de conformidad con la normativa que resulte de aplicaci\u00f3n.&nbsp;<\/p>\n<p>h) Cumplimentar la documentaci\u00f3n personal y acad\u00e9mica del alumnado a su&nbsp; cargo.&nbsp;<\/p>\n<p>i) Recoger la opini\u00f3n del alumnado a su cargo sobre el proceso de&nbsp; ense\u00f1anza y aprendizaje desarrollado en las distintas \u00e1reas que&nbsp; conforman el curr\u00edculo.&nbsp;<\/p>\n<p>j) Informar al alumnado sobre el desarrollo de su aprendizaje, as\u00ed como a&nbsp; sus padres, madres o representantes legales.&nbsp;<\/p>\n<p>k) Facilitar la cooperaci\u00f3n educativa entre el profesorado del equipo docente&nbsp; y los padres y madres o representantes legales del alumnado. Dicha&nbsp; cooperaci\u00f3n incluir\u00e1 la atenci\u00f3n a la tutor\u00eda electr\u00f3nica a trav\u00e9s de la cual&nbsp; los padres, madres o representantes legales del alumnado menor de edad&nbsp; podr\u00e1n intercambiar informaci\u00f3n relativa a la evoluci\u00f3n escolar de sus&nbsp; hijos e hijas con el profesorado que tenga asignada la tutor\u00eda de los mismos de conformidad con lo que a tales efectos se establezca por&nbsp;Orden de la persona titular de la Consejer\u00eda competente en materia de&nbsp; educaci\u00f3n.&nbsp;<\/p>\n<p>l) Mantener una relaci\u00f3n permanente con los padres, madres o&nbsp; representantes legales del alumnado, a fin de facilitar el ejercicio de los&nbsp; derechos reconocidos en el art\u00edculo 10. A tales efectos, el horario&nbsp; dedicado a las entrevistas con los padres, madres o representantes&nbsp; legales del alumnado se fijar\u00e1 de forma que se posibilite la asistencia de&nbsp; los mismos y, en todo caso, en sesi\u00f3n de tarde.&nbsp;<\/p>\n<p>m) Facilitar la integraci\u00f3n de los alumnos y alumnas en el grupo y fomentar&nbsp; su participaci\u00f3n en las actividades del centro.&nbsp;<\/p>\n<p>n) Colaborar, en la forma que se determine en el reglamento de organizaci\u00f3n&nbsp; y funcionamiento, en la gesti\u00f3n del programa de gratuidad de libros de&nbsp; texto.&nbsp;<\/p>\n<p>o) Cualesquiera otras que le sean atribuidas en el plan de orientaci\u00f3n y&nbsp; acci\u00f3n tutorial del centro o por Orden de la persona titular de la Consejer\u00eda&nbsp; competente en materia de educaci\u00f3n.&nbsp;<\/p>\n<p><b>4.Tutor\u00eda Lectiva<\/b>&nbsp;<\/p>\n<p>A continuaci\u00f3n se detallan las actuaciones de la tutor\u00eda lectiva, donde se recogen&nbsp; por bloques y niveles, los objetivos, contenidos, actividades tipo, metodolog\u00eda,&nbsp; temporalizaci\u00f3n y evaluaci\u00f3n.&nbsp;<\/p>\n<p>Cada curso, el\/la tutor\/a definir\u00e1 para su grupo las actuaciones concretas a realizar y&nbsp; las detallar\u00e1 en su propuesta pedag\u00f3gica o programaci\u00f3n did\u00e1ctica.<\/p>\n<p>&nbsp;&nbsp;<\/p>\n<p>&nbsp;<\/p>\n<p>&nbsp;<\/p>\n<p>&nbsp;<\/p>\n<p><b>5. Programa De Acogida Y Tr\u00e1nsito<\/b>.&nbsp;<\/p>\n<p>El programa de acogida consiste en las actuaciones que se desarrollan los&nbsp; centros de esta zona educativa ante la nueva incorporaci\u00f3n del alumnado y sus&nbsp; familias al mismo.&nbsp;<\/p>\n<p>Por lo tanto, debemos tratar de ofrecer el centro como un espacio abierto,&nbsp; plural, comprensivo e inclusivo donde tengan cabida todo tipo de alumnos, tratando de satisfacer sus necesidades, conectando con sus intereses y&nbsp; aportando todos los recursos que est\u00e9n a nuestra disposici\u00f3n para dicha finalidad.&nbsp;<\/p>\n<p><b>5.1.- Acogida De Alumnado Por Diferentes Circunstancias Dentro Y&nbsp; Fuera De Los Plazos Legales.<\/b>&nbsp;<\/p>\n<p>A. Actuaciones generales para la acogida del alumnado.<\/p>\n<p>Cuando llega al centro un nuevo alumno o alumna, es decir, una nueva&nbsp; familia, ser\u00e1 recibida por un miembro del Equipo Directivo que le informar\u00e1 de los&nbsp; documentos necesarios que ha de traer para formalizar la matr\u00edcula: ficha con&nbsp; datos familiares y del alumno, fotocopia del libro de familia, direcci\u00f3n del \u00faltimo&nbsp; centro donde curso estudios,\u2026&nbsp;<\/p>\n<p>Se les facilita informaci\u00f3n sobre el centro: servicios, actividades&nbsp; extraescolares, calendario, horarios, material escolar necesario y ayudas,&nbsp; recursos humanos para la atenci\u00f3n del alumnado, dependencias, normas de&nbsp; convivencia, justificaci\u00f3n de las faltas de asistencia, garant\u00eda de respeto a las&nbsp; pautas culturales, religiosas\u2026de su hijo o hija, informaci\u00f3n sobre actividades de&nbsp; las AMPAS.&nbsp;<\/p>\n<p>Con la familia se hace una visita al centro, a las aulas, a la clase a la que&nbsp; se incorpore su hijo o hija, patio, biblioteca, etc.&nbsp;<\/p>\n<p>La acogida del alumnado se realiza de la siguiente manera:&nbsp;<\/p>\n<p>\u2043 Se procura su autonom\u00eda en el centro con un ayudante que le gu\u00ede en la&nbsp; localizaci\u00f3n de las dependencias.&nbsp;<\/p>\n<p>\u2043 El d\u00eda de su incorporaci\u00f3n al colegio ser\u00e1 presentado por el tutor o tutora a la&nbsp; clase. Durante los primeros d\u00edas dos compa\u00f1eros o compa\u00f1eras previamente&nbsp; seleccionados se encargan de sentarse a su lado en clase, lo acompa\u00f1an en el&nbsp; recreo\u2026&nbsp;<\/p>\n<p>\u2043 En presencia de todos sus compa\u00f1eros y compa\u00f1eras de clase se elogiar\u00e1n sus&nbsp; habilidades personales con el fin de mejorar su propia autoestima y consideraci\u00f3n&nbsp; de los compa\u00f1eros y compa\u00f1eras.\u2043 Procuraremos que el alumnado nuevo participe lo m\u00e1s posible de las&nbsp; responsabilidades del grupo, h\u00e1bitos, normas,\u2026&nbsp;<\/p>\n<p>B. Actuaciones espec\u00edficas&nbsp;&nbsp;<\/p>\n<p><b>5.1.1.- Alumnado repetidor<\/b>.&nbsp;<\/p>\n<p>El ciclo donde est\u00e1 el alumno realizar\u00e1 una propuesta del curso al que&nbsp; ser\u00eda conveniente incorporarse en el \u00faltimo trimestre del curso escolar.&nbsp;<\/p>\n<p>En la medida de lo posible se realizar\u00e1 una toma de contacto con los&nbsp; compa\u00f1eros del nuevo curso al que se va a incorporar el alumno\/a repetidor\/a en&nbsp; el mes de junio. Si la decisi\u00f3n no se pudo tomar en junio se informar\u00e1 en los&nbsp; primeros d\u00edas de septiembre del curso y tutor\u00eda que le corresponde.&nbsp;<\/p>\n<p><b>5.1.2.- Alumnado procedente de otro centro<\/b>.&nbsp;<\/p>\n<p>Actuaciones comunes a todo el alumnado&nbsp;<\/p>\n<p><b>5.1.3.- Alumnado con NEE<\/b>.&nbsp;<\/p>\n<p>Aunque la acci\u00f3n tutorial con los alumnos\/as con necesidades educativas&nbsp; especiales, en principio debe ser b\u00e1sicamente similar a la realizada con cualquier&nbsp; alumno\/a, existen una serie de factores que recomiendan una consideraci\u00f3n&nbsp; especial para este tipo de alumnado:&nbsp;<\/p>\n<p>&#8211; Necesidad de planificar actuaciones espec\u00edficas de acogida atendiendo a posibles&nbsp; caracter\u00edsticas espec\u00edficas del alumnado.&nbsp;<\/p>\n<p>&#8211; Necesidad de organizar una respuesta educativa a las necesidades de este&nbsp; alumnado lo antes posible.&nbsp;<\/p>\n<p>&#8211; Necesidad de un trabajo coordinado de los distintos profesionales que intervienen&nbsp; con el alumnado, en especial con el profesorado de PT y AL.&nbsp;<\/p>\n<p>&#8211; Necesidad de personalizaci\u00f3n del proceso de ense\u00f1anza-aprendizaje. &#8211; Necesidad de desarrollar estrategias espec\u00edficas para lograr la integraci\u00f3n real del&nbsp; alumnado en el aula y en el centro.&nbsp;<\/p>\n<p><b>5.1.4.- Alumnado inmigrante<\/b>&nbsp;<\/p>\n<p>Medidas a tener en cuenta:&nbsp;<\/p>\n<p>\u2043 Resultar\u00eda bastante \u00fatil dentro del propio profesorado, designar a un compa\u00f1ero\/a&nbsp; que haga las veces de mediador familiar o, cuando por motivos de idioma esta&nbsp; labor se vea dificultada, podr\u00edamos recurrir a familias de la misma nacionalidad&nbsp; cuyos hijos est\u00e9n escolarizados en nuestro centro. Se trata de proporcionar un&nbsp; referente claro a la hora de resolver dudas, contactar con el centro, conocer&nbsp; diferentes servicios que el centro y la comunidad le ofrecen, etc.&nbsp;<\/p>\n<p>\u2043 Una vez que establecemos contacto con las familias es importante, no solo&nbsp; trasmitir la informaci\u00f3n sino tratar de asegurarnos de que \u00e9sta ha sido&nbsp; comprendida. Para ello emplearemos las figuras anteriormente mencionadas, as\u00ed&nbsp; como todos los materiales en soporte gr\u00e1fico que pudieran facilitarnos los&nbsp; mediadores interculturales.&nbsp;<\/p>\n<p>\u2043 Comprobar si cuenta con alguna documentaci\u00f3n previa, cu\u00e1l es su nivel de&nbsp; conocimiento del castellano, el nivel de competencia curricular, la determinaci\u00f3n&nbsp; de necesidades educativas, la provisi\u00f3n de recursos necesarios y la adscripci\u00f3n a&nbsp; un grupo clase concreto. (relaci\u00f3n con documento de atenci\u00f3n a la diversidad.)&nbsp;<\/p>\n<p>El aprendizaje de la lengua castellana es responsabilidad de todo el centro y,&nbsp; especialmente toda la clase ha de involucrarse en esta tarea.&nbsp;<\/p>\n<p>a. Acogida y organizaci\u00f3n de la respuesta educativa&nbsp;<\/p>\n<p>\u2219 PROFESORADO<\/p>\n<table cellspacing=\"0\" cellpadding=\"0\">\n<tbody>\n<tr>\n<td valign=\"middle\"><b>TEMPORALIZACI\u00d3N<\/b><\/td>\n<td valign=\"middle\"><b>ACTUACIONES<\/b><\/td>\n<td valign=\"middle\"><b>ESTRATEGIAS Y\/O&nbsp; RECURSOS<\/b><\/td>\n<td valign=\"middle\"><b>RESPONSABLES<\/b><\/td>\n<\/tr>\n<tr>\n<td valign=\"top\">Mes de junio&nbsp;<\/p>\n<p>Primera quincena de Septiembre<\/td>\n<td valign=\"top\">\u2043 Si se considera conveniente&nbsp; se establecer\u00e1 un primer&nbsp; contacto con el centro y&nbsp; maestro\/a de PT para&nbsp; facilitar su adaptaci\u00f3n al&nbsp; centro&nbsp;<\/p>\n<p>\u2043 Analizar las necesidades&nbsp; educativas del alumno:&nbsp; caracter\u00edsticas generales de&nbsp; la discapacidad y situaci\u00f3n&nbsp; actual del alumno\/a.&nbsp;<\/p>\n<p>\u2043 Si el alumno\/a ha estado&nbsp; escolarizado previamente:&nbsp; an\u00e1lisis de su historia&nbsp; escolar.&nbsp;<\/p>\n<p>\u2043 Organizaci\u00f3n de actividades&nbsp; espec\u00edficas de acogida.&nbsp;<\/p>\n<p>\u2043 Determinaci\u00f3n de la&nbsp; respuesta educativa inicial&nbsp; para el alumno\/a: horas de&nbsp; apoyo, orientaciones para la&nbsp; atenci\u00f3n en el aula&nbsp; ordinaria, organizaci\u00f3n de la&nbsp; evaluaci\u00f3n inicial\u2026&nbsp;<\/p>\n<p>\u2043 Determinaci\u00f3n de&nbsp; actuaciones y responsables&nbsp; del proceso de evaluaci\u00f3n&nbsp; psicopedag\u00f3gica.<\/td>\n<td valign=\"top\">Juegos aula de PT&nbsp; Reuni\u00f3n de trabajo previa a la escolarizaci\u00f3n del alumno\/a.<\/td>\n<td valign=\"top\">Familia- PT&nbsp;<\/p>\n<p>Equipo Educativo, Jefe de Estudios,&nbsp;<\/p>\n<p>&nbsp;<\/p>\n<p>PT, AL y&nbsp;Orientador\/a<\/td>\n<\/tr>\n<tr>\n<td valign=\"top\">Octubre<\/td>\n<td valign=\"top\">An\u00e1lisis de la situaci\u00f3n del alumno\/a.&nbsp;<\/p>\n<p>Toma de decisiones sobre la respuesta educativa: ACI, horario de apoyo, recursos personales y materiales.&nbsp;<\/p>\n<p>Planificaci\u00f3n de tareas y responsables en la elaboraci\u00f3n de ACI y el seguimiento del alumnado.<\/td>\n<td valign=\"top\">Reuni\u00f3n de trabajo&nbsp; tras evaluaci\u00f3n&nbsp;<\/p>\n<p>inicial y&nbsp;<\/p>\n<p>&nbsp;<\/p>\n<p>psicopedag\u00f3gica.<\/td>\n<td valign=\"top\">Equipo Educativo, Jefe de Estudios, PT, AL y Orientador\/a<\/td>\n<\/tr>\n<\/tbody>\n<\/table>\n<p>&nbsp;<\/p>\n<p>\u2219 ALUMNADO&nbsp;<\/p>\n<table cellspacing=\"0\" cellpadding=\"0\">\n<tbody>\n<tr>\n<td valign=\"middle\"><b>TEMPORALIZACI\u00d3N<\/b><\/td>\n<td valign=\"middle\"><b>ACTUACIONES<\/b><\/td>\n<td valign=\"middle\"><b>ESTRATEGIAS Y\/O RECURSOS<\/b><\/td>\n<td valign=\"middle\"><b>RESPONSABLES<\/b><\/td>\n<\/tr>\n<tr>\n<td valign=\"top\">Primera quincena de Septiembre.<\/td>\n<td valign=\"top\">Visita individual al centro del alumno\/a con nee.<\/td>\n<td valign=\"top\">&nbsp;<\/td>\n<td valign=\"top\">Tutor\/a&nbsp;<\/p>\n<p>Familia&nbsp;<\/p>\n<p>Equipos&nbsp;&nbsp;<\/p>\n<p>especializados<\/td>\n<\/tr>\n<tr>\n<td valign=\"top\">Primeros d\u00edas de clase o el tiempo que se considere necesario.<\/td>\n<td valign=\"top\">Autorizaci\u00f3n del alumno\/a&nbsp; durante la primera quincena&nbsp;&nbsp;<\/p>\n<p>&nbsp;<\/p>\n<p>(Especialmente en el caso en&nbsp; que el alumno no se escolarice&nbsp; en EI 3 a\u00f1os).<\/td>\n<td valign=\"top\">&nbsp;<\/td>\n<td valign=\"top\">&nbsp;<\/td>\n<\/tr>\n<tr>\n<td valign=\"top\">Primeros d\u00edas de clase.<\/td>\n<td valign=\"top\">Acogida y per\u00edodo de adaptaci\u00f3n&nbsp; normalizados para EI de 3 a\u00f1os.<\/td>\n<td valign=\"top\">&nbsp;<\/td>\n<td valign=\"top\">Tutor\/a<\/td>\n<\/tr>\n<tr>\n<td valign=\"top\">Primeros d\u00edas de clase.<\/td>\n<td valign=\"top\">Programaci\u00f3n de actividades&nbsp; para la sensibilizaci\u00f3n sobre de&nbsp; las necesidades de alumno\/a al&nbsp; resto de compa\u00f1eros y posibles&nbsp; normas de la clase para su&nbsp; mejor integraci\u00f3n (ej.&nbsp; Disposici\u00f3n del mobiliario,&nbsp; orden\u2026)<\/td>\n<td valign=\"top\">Actividades a incluir dentro de la programaci\u00f3n de tutor\u00eda.<\/td>\n<td valign=\"top\">Tutor\/a<\/td>\n<\/tr>\n<\/tbody>\n<\/table>\n<p>\u2219 FAMILIA<\/p>\n<table cellspacing=\"0\" cellpadding=\"0\">\n<tbody>\n<tr>\n<td valign=\"top\"><b>TEMPORALIZACI\u00d3N<\/b><\/td>\n<td valign=\"top\"><b>ACTUACIONES<\/b><\/td>\n<td valign=\"top\"><b>ESTRATEGIAS Y\/O&nbsp; RECURSOS<\/b><\/td>\n<td valign=\"top\"><b>RESPONSABLES<\/b><\/td>\n<\/tr>\n<tr>\n<td valign=\"top\">Primera quincena de Septiembre<\/td>\n<td valign=\"top\">Temas a tratar:&nbsp;<\/p>\n<p>\u2043 Recogida de informaci\u00f3n&nbsp; sobre el alumno\/a.&nbsp;<\/p>\n<p>\u2043 Informaci\u00f3n sobre de la&nbsp; respuesta educativa inicial y&nbsp; actuaciones con el alumno\/a.&nbsp;<\/p>\n<p>\u2043 Necesidades in\u00edciales de&nbsp; material.&nbsp;<\/p>\n<p>\u2043 Necesidad de coordinaci\u00f3n.<\/td>\n<td valign=\"top\">Entrevista familiar.<\/td>\n<td valign=\"top\">Tutor\/a PT<\/td>\n<\/tr>\n<tr>\n<td valign=\"top\">Octubre\/Noviembre<\/td>\n<td valign=\"top\">Temas a tratar:&nbsp;<\/p>\n<p>\u2043 Respuesta educativa.&nbsp;<\/p>\n<p>\u2043 Orientaciones para desarrollo&nbsp; de programas en el \u00e1mbito&nbsp; familiar.<\/td>\n<td valign=\"top\">Entrevista familiar.<\/td>\n<td valign=\"top\">Tutor\/a PT<\/td>\n<\/tr>\n<tr>\n<td valign=\"top\">Septiembre\/ Octubre<\/td>\n<td valign=\"top\">Desarrollo de contenidos&nbsp; referentes a la atenci\u00f3n n e&nbsp; integraci\u00f3n a alumnado con&nbsp; nee y sobre la necesidad&nbsp; espec\u00edfica.<\/td>\n<td valign=\"top\">Reuni\u00f3n grupal de familias.<\/td>\n<td valign=\"top\">Tutor\/a<\/td>\n<\/tr>\n<tr>\n<td valign=\"top\">A lo largo del curso<\/td>\n<td valign=\"top\">Sensibilizaci\u00f3n a los padres a&nbsp; trav\u00e9s de charlas para tener&nbsp; en cuenta la diversidad de&nbsp; alumnado del aula.<\/td>\n<td valign=\"top\">Reuniones&nbsp;&nbsp;<\/p>\n<p>grupales.<\/td>\n<td valign=\"top\">Tutor\/a<\/td>\n<\/tr>\n<\/tbody>\n<\/table>\n<p>b. Medidas para facilitar la integraci\u00f3n<\/p>\n<ul>\n<li>PROFESORADO&nbsp;<\/li>\n<\/ul>\n<table cellspacing=\"0\" cellpadding=\"0\">\n<tbody>\n<tr>\n<td valign=\"top\"><b>ACTUACIONES<\/b><\/td>\n<td valign=\"top\"><b>ESTRATEGIAS Y\/O&nbsp;&nbsp;<\/b><\/p>\n<p><b>RECURSOS<\/b><\/td>\n<td valign=\"top\"><b>RESPONSABLES<\/b><\/td>\n<\/tr>\n<tr>\n<td valign=\"top\">Establecer mecanismos de coordinaci\u00f3n entre profesorado del aula ordinaria y aula de apoyo a la integraci\u00f3n que favorezca la programaci\u00f3n de actividades a realizar en su grupo de referencia.<\/td>\n<td valign=\"top\">Reuniones Equipos&nbsp; Docentes.&nbsp;<\/p>\n<p>&nbsp;<\/p>\n<p>&nbsp;<\/p>\n<p>Diario del alumno\/a. Reuniones de trabajo.<\/td>\n<td valign=\"top\">Equipo Educativo, Jefe de Estudios, PT, AL y Orientador\/a<\/td>\n<\/tr>\n<\/tbody>\n<\/table>\n<p>&nbsp;<\/p>\n<p>&nbsp;<\/p>\n<ul>\n<li>ALUMNADO&nbsp;<\/li>\n<\/ul>\n<table cellspacing=\"0\" cellpadding=\"0\">\n<tbody>\n<tr>\n<td valign=\"middle\"><b>ACTUACIONES<\/b><\/td>\n<td valign=\"middle\"><b>ESTRATEGIAS Y\/O&nbsp; RECURSOS<\/b><\/td>\n<td valign=\"middle\"><b>RESPONSABLES<\/b><\/td>\n<\/tr>\n<tr>\n<td valign=\"top\">Desarrollo de actividades de conocimiento del grupo, aceptaci\u00f3n de diferencias, educaci\u00f3n en valores (respeto, solidaridad\u2026), habilidades sociales.<\/td>\n<td valign=\"top\">Programaci\u00f3n de&nbsp;las actividades de&nbsp;tutor\u00eda.<\/td>\n<td valign=\"top\">Tutor\/a<\/td>\n<\/tr>\n<tr>\n<td valign=\"top\">Tutor\u00eda entre alumnos\/as:&nbsp;<\/p>\n<p>Entre iguales: Alumno\/a del grupo encargado de acompa\u00f1ar y favorecer las relaciones de alumno\/a con nee.&nbsp;<\/p>\n<p>Entre compa\u00f1eros\/as de distinta edad: alumnado de cursos superiores que ayudan a la integraci\u00f3n de alumnos con nee.&nbsp;<\/p>\n<p>Con inversi\u00f3n de roles: es el propio alumno\/a con nee el que realiza las funciones de tutor de otros alumnos \u201cordinarios\u201d.<\/td>\n<td valign=\"top\">&nbsp;<\/td>\n<td valign=\"top\">Tutor\/a&nbsp;<\/p>\n<p>Equipo Educativo Alumnos\/as tutores<\/td>\n<\/tr>\n<tr>\n<td valign=\"top\">Organizaci\u00f3n de los recreos con juegos cooperativos que favorezcan la integraci\u00f3n de los alumnos\/as nee<\/td>\n<td valign=\"top\">&nbsp;<\/td>\n<td valign=\"top\">Profesorado&nbsp;<\/p>\n<p>Equipo Directivo<\/td>\n<\/tr>\n<tr>\n<td valign=\"top\">Desarrollo de talleres para lograr interacci\u00f3n del alumnado de distintos grupos y niveles, entre ellos los que tienen nee.<\/td>\n<td valign=\"top\">&nbsp;<\/td>\n<td valign=\"top\">Profesorado Equipo Directivo<\/td>\n<\/tr>\n<tr>\n<td valign=\"top\">Considerar las caracter\u00edsticas de los alumnos a la hora de organizar actividades complementarias y extraescolares.<\/td>\n<td valign=\"top\">&nbsp;<\/td>\n<td valign=\"top\">Profesorado Equipo Directivo<\/td>\n<\/tr>\n<\/tbody>\n<\/table>\n<p>&nbsp;<\/p>\n<p>&nbsp;<\/p>\n<p>\u2219 CENTROS CON AULA ESPEC\u00cdFICA&nbsp;<\/p>\n<table cellspacing=\"0\" cellpadding=\"0\">\n<tbody>\n<tr>\n<td valign=\"top\"><b>ACTUACIONES<\/b><\/td>\n<td valign=\"top\"><b>ESTRATEGIAS Y\/O&nbsp;&nbsp;<\/b><\/p>\n<p><b>RECURSOS<\/b><\/td>\n<td valign=\"top\"><b>RESPONSABLES<\/b><\/td>\n<\/tr>\n<tr>\n<td valign=\"top\">Integrar a los alumnos\/as del aula espec\u00edfica en un&nbsp; aula ordinaria de referencia con actividades&nbsp; programadas en determinadas \u00e1reas.<\/td>\n<td valign=\"top\">Actividades rigurosamente planificadas<\/td>\n<td valign=\"top\">Tutor\/a del grupo&nbsp;<\/p>\n<p>Tutor\/a del aula&nbsp;espec\u00edfica Monitor\/a<\/td>\n<\/tr>\n<tr>\n<td valign=\"top\">Compartir espacios y actividades de recreo.<\/td>\n<td valign=\"top\">&nbsp;<\/td>\n<td valign=\"top\">Profesorado Tutor\/a del aula espec\u00edfica&nbsp; Monitor\/a<\/td>\n<\/tr>\n<tr>\n<td valign=\"top\">Apertura del aula espec\u00edfica a peque\u00f1os grupos de&nbsp; alumnos para juegos durante recreo.<\/td>\n<td valign=\"top\">&nbsp;<\/td>\n<td valign=\"top\">Profesorado<\/p>\n<p>Tutor\/a del aula&nbsp;espec\u00edfica Monitor\/a<\/td>\n<\/tr>\n<\/tbody>\n<\/table>\n<p>5.2.- Acogida Alumnado De Infantil De 3 A\u00f1os.&nbsp;<\/p>\n<p>Actividades de acogida a familias&nbsp;<\/p>\n<table cellspacing=\"0\" cellpadding=\"0\">\n<tbody>\n<tr>\n<td valign=\"middle\"><b>Temporalizaci\u00f3n<\/b><\/td>\n<td valign=\"middle\"><b>Actividad<\/b><\/td>\n<td valign=\"middle\"><b>Agentes<\/b><\/td>\n<td valign=\"middle\"><b>Documentos<\/b><\/td>\n<\/tr>\n<tr>\n<td valign=\"top\">Febrero-Marzo<\/td>\n<td valign=\"top\">Proceso de preinscripci\u00f3n matriculaci\u00f3n:&nbsp;<\/p>\n<p>Charlas a padres\/madres:&nbsp;<\/p>\n<p>&#8211; Presentaci\u00f3n de los miembros del Equipo Directivo y de los Maestros\/as de infantil de 3 a\u00f1os.&nbsp;<\/p>\n<p>&#8211; Informaci\u00f3n de la vida del centro y las normas del mismo Entrega de documentos de preinscripci\u00f3n y cuestionarios EOE.<\/td>\n<td valign=\"top\">Maestros\/as de Infantil del CEIP, Equipo directivo, AMPA y familias.<\/td>\n<td valign=\"top\">01Doc.-Convocatoria de reuni\u00f3n&nbsp;<\/p>\n<p>02Doc.-Cuestionario inicial a&nbsp;las familias de ed. Infantil de 3 a\u00f1os del EOE (junto con preinscripci\u00f3n)&nbsp;<\/p>\n<p>03Doc- Tr\u00edptico informativo. 04Doc- Resumen cronograma matriculaci\u00f3n. 05Doc.- Documento de preinscripci\u00f3n. Anexo III (oficial)<\/td>\n<\/tr>\n<tr>\n<td valign=\"top\">Marzo-Abril<\/td>\n<td valign=\"top\">Reuni\u00f3n de&nbsp;<\/p>\n<p>coordinaci\u00f3n EOE&nbsp;<\/p>\n<p>Atenci\u00f3n Temprana<\/td>\n<td valign=\"top\">EOE-Atenci\u00f3n&nbsp; temprana<\/td>\n<td valign=\"top\">Informe de valoraci\u00f3n de atenci\u00f3n temprana.<\/td>\n<\/tr>\n<tr>\n<td valign=\"top\">Junio<\/td>\n<td valign=\"top\">Matriculaci\u00f3n (a entregar en fecha a criterio del centro)&nbsp;<\/p>\n<p>Entrega impreso de matr\u00edcula a las familias junto con el resto de impresos&nbsp;<\/p>\n<p>Asesoramiento sobre estimulaci\u00f3n en el desarrollo e instauraci\u00f3n de h\u00e1bitos b\u00e1sicos&nbsp;<\/p>\n<p>A todos los que solicitan matricula se les entrega un cuestionario m\u00e9dico y general.<\/td>\n<td valign=\"top\">EOE<\/td>\n<td valign=\"top\">06Doc .- Impreso de matr\u00edcula.&nbsp;<\/p>\n<p>07Doc.- Solicitud ense\u00f1anza religi\u00f3n 08 Doc.- Pasen 08Doc.- Autorizaci\u00f3n fotos web&nbsp;<\/p>\n<p>09Doc- Autorizaci\u00f3n actividades&nbsp;&nbsp;<\/p>\n<p>complementarias y salidas localidad.&nbsp;<\/p>\n<p>10Doc.- Consejos a las familias&nbsp;&nbsp;<\/p>\n<p>11Doc.- Solicitud AMPA. 12Doc.- Convocatoria reuni\u00f3n asesoramiento a las familias EOE (Junio)<\/td>\n<\/tr>\n<tr>\n<td valign=\"top\">Septiembre<\/td>\n<td valign=\"top\">Reuni\u00f3n inicial con las familias.<\/td>\n<td valign=\"top\">Cada tutor\/a de infantil<\/td>\n<td valign=\"top\">14 Doc.- Convocatoria reuni\u00f3n inicial familias 3 a\u00f1os nueva incorporaci\u00f3n.&nbsp;<\/p>\n<p>15 Doc &#8211; Calendario para el periodo de adaptaci\u00f3n de 3 a\u00f1os.<\/td>\n<\/tr>\n<tr>\n<td valign=\"top\">&nbsp;<\/td>\n<td valign=\"top\">Participaci\u00f3n en el periodo de adaptaci\u00f3n escolar.&nbsp;<\/p>\n<p>Recogida del anexo al informe individual del alumnado de 3 a\u00f1os de la Guarder\u00eda<\/td>\n<td valign=\"top\">Secretar\u00eda<\/td>\n<td valign=\"top\">16 Doc.- Autorizaci\u00f3n padres periodo de adaptaci\u00f3n&nbsp;<\/p>\n<p>17 Doc .- Acta de la reuni\u00f3n inicial I3&nbsp;<\/p>\n<p>18 Doc.- Cartel horarios primer dia clases.&nbsp;<\/p>\n<p>19 Doc.- Anexo al informe individual del alumnado de 3 a\u00f1os Guarder\u00eda<\/td>\n<\/tr>\n<\/tbody>\n<\/table>\n<p>5.3.- Programa De Tr\u00e1nsito De Educaci\u00f3n Infantil A Educaci\u00f3n&nbsp; Primaria.<\/p>\n<table cellspacing=\"0\" cellpadding=\"0\">\n<tbody>\n<tr>\n<td valign=\"middle\"><b>Temporalizaci\u00f3n<\/b><\/td>\n<td valign=\"middle\"><b>Actividad<\/b><\/td>\n<td valign=\"middle\"><b>Agentes<\/b><\/td>\n<td valign=\"middle\"><b>Documentos<\/b><\/td>\n<\/tr>\n<tr>\n<td valign=\"top\">&nbsp;<\/td>\n<td valign=\"top\">&nbsp;<\/td>\n<td valign=\"top\">&nbsp;<\/td>\n<td valign=\"top\">&nbsp;<\/td>\n<\/tr>\n<tr>\n<td valign=\"top\">Mayo\/Junio<\/td>\n<td valign=\"top\">Visita de los alumnos\/as de Ed. Infantil a las clases de Primaria: &#8211; Conocen las clases de primaria.&nbsp;<\/p>\n<p>&#8211; Se les invita a participar en algunas actividades de clase con alumnos\/as de primer curso<\/td>\n<td valign=\"top\">Maestros\/as de Ed. Infantil y de Primer ciclo de&nbsp;primaria.<\/td>\n<td valign=\"top\">&nbsp;<\/td>\n<\/tr>\n<tr>\n<td valign=\"top\">Septiembre<\/td>\n<td valign=\"top\">Reuni\u00f3n del profesorado de&nbsp; infantil de 5 a\u00f1os del curso&nbsp;&nbsp;<\/p>\n<p>anterior con el profesorado de&nbsp; primero.<\/td>\n<td valign=\"top\">Maestros que&nbsp;&nbsp;<\/p>\n<p>acaban el Ciclo&nbsp; de Infantil,&nbsp;&nbsp;<\/p>\n<p>maestros que&nbsp;&nbsp;<\/p>\n<p>empiezan el&nbsp;&nbsp;<\/p>\n<p>Primer Ciclo de&nbsp; Primaria, EOE y&nbsp; Jefes de&nbsp;&nbsp;<\/p>\n<p>Estudios.<\/td>\n<td valign=\"top\">01 doc- Puntos a tratar&nbsp; en la reuni\u00f3n de&nbsp;&nbsp;<\/p>\n<p>coordinaci\u00f3n EI&nbsp;<\/p>\n<p>Primaria.&nbsp;<\/p>\n<p>02 doc.-Acta de reuni\u00f3n&nbsp; de tr\u00e1nsito de&nbsp;&nbsp;<\/p>\n<p>Educaci\u00f3n Infantil a&nbsp; Educaci\u00f3n Primaria<\/td>\n<\/tr>\n<\/tbody>\n<\/table>\n<p>5.4.- Programa De Tr\u00e1nsito De Educaci\u00f3n Primaria A Educaci\u00f3n&nbsp; Secundaria.&nbsp;<\/p>\n<p>\u2219 Reuni\u00f3n de Coordinaci\u00f3n CEIP e IES:<\/p>\n<table cellspacing=\"0\" cellpadding=\"0\">\n<tbody>\n<tr>\n<td valign=\"middle\"><b>Temporalizaci\u00f3n<\/b><\/td>\n<td valign=\"middle\"><b>Agentes<\/b><\/td>\n<td valign=\"middle\"><b>Actividades<\/b><\/td>\n<td valign=\"middle\"><b>Documentos<\/b><\/td>\n<\/tr>\n<tr>\n<td valign=\"top\">Una vez al trimestre.<\/td>\n<td valign=\"top\">&#8211; CEIP: Jefe\/a de&nbsp; Estudios, Tutores\/as de&nbsp; 6\u00ba, Orientador\/a,&nbsp;&nbsp;<\/p>\n<p>Profesor\/a de Apoyo a&nbsp; la Integraci\u00f3n.&nbsp;<\/p>\n<p>&#8211; IES: Jefe\/a de&nbsp; Estudios, Tutores\/as de&nbsp; 1\u00ba ESO, Orientador\/a,&nbsp; Profesor\/a de Apoyo a&nbsp; la Integraci\u00f3n, Jefes\/as&nbsp; de Departamento de&nbsp; Lengua y Matem\u00e1ticas.<\/td>\n<td valign=\"top\">\u2043 Intercambio de informaci\u00f3n&nbsp; del alumnado:&nbsp;<\/p>\n<p>\u2043 Documentaci\u00f3n o&nbsp; informaci\u00f3n verbal&nbsp; significativa y&nbsp;&nbsp;<\/p>\n<p>complementaria por parte&nbsp; de los centros de primaria&nbsp; del alumnado en general y&nbsp; del alumnado con NEE.&nbsp;<\/p>\n<p>\u2043 Informes y\/o ACIS del&nbsp; alumnado con NE (DIS y&nbsp; trastornos graves de&nbsp; conducta).&nbsp;<\/p>\n<p>\u2043 Dise\u00f1o del plan de acogida&nbsp; y las actuaciones a&nbsp; desarrollar.<\/td>\n<td valign=\"top\">01- doc- Plantilla&nbsp; de recogida de&nbsp; informaci\u00f3n de&nbsp; grupo.&nbsp;<\/p>\n<p>02- doc-Pruebas&nbsp; de evaluaci\u00f3n&nbsp; inicial y finales de&nbsp; los IES.<\/td>\n<\/tr>\n<tr>\n<td valign=\"top\">Junio\/ Septiembre<\/td>\n<td valign=\"top\">&#8211; P.T del CEIP e IES y Orientador\/a IES.( y reuni\u00f3n&nbsp;<\/p>\n<p>si se estima oportuno).<\/td>\n<td valign=\"top\">\u2043 Entrega de la documentaci\u00f3n Oficial del alumnado.<\/td>\n<td valign=\"top\">&nbsp;<\/td>\n<\/tr>\n<\/tbody>\n<\/table>\n<p>\u2219 Actividades a desarrollar con el alumnado.<\/p>\n<table cellspacing=\"0\" cellpadding=\"0\">\n<tbody>\n<tr>\n<td valign=\"middle\"><b>Temporalizaci\u00f3n<\/b><\/td>\n<td valign=\"middle\"><b>Actividades<\/b><\/td>\n<td valign=\"middle\"><b>Documentos<\/b><\/td>\n<\/tr>\n<tr>\n<td valign=\"top\">Mayo\/Junio<\/td>\n<td valign=\"top\">\u2043 Evaluaci\u00f3n final de las diferentes \u00e1reas.<\/td>\n<td valign=\"top\">03 doc -Pruebas de evaluaci\u00f3n final.<\/td>\n<\/tr>\n<tr>\n<td valign=\"top\">septiembre\/junio<\/td>\n<td valign=\"top\">\u2043 Conocer los propios intereses y necesidades. \u2043 Desarrollar h\u00e1bitos de trabajo y estudio. \u2043 Conocer el sistema educativo<\/td>\n<td valign=\"top\">04doc -Cuadernillo de&nbsp; tutor\u00eda para la orientaci\u00f3n&nbsp; acad\u00e9mica y profesional<\/td>\n<\/tr>\n<tr>\n<td valign=\"top\">Junio\/Septiembre<\/td>\n<td valign=\"top\">\u2043 Realizaci\u00f3n de actividades para el alumnado NEAE que lo requiera con el objetivo de personalizar el proceso de transici\u00f3n entre etapa.<\/td>\n<td valign=\"top\">&nbsp;<\/td>\n<\/tr>\n<tr>\n<td valign=\"top\">Marzo\/ Junio<\/td>\n<td valign=\"top\">\u2043 Visita IES<\/td>\n<td valign=\"top\">&nbsp;<\/td>\n<\/tr>\n<tr>\n<td valign=\"top\">Mayo\/Junio \u2043<\/td>\n<td valign=\"top\">Charla informativa de tr\u00e1nsito al alumnado de 6\u00ba Ed. Primaria (orientador\/a centro).<\/td>\n<td valign=\"top\">&nbsp;<\/td>\n<\/tr>\n<\/tbody>\n<\/table>\n<p>\u2219 Actividades a desarrollar con las familias.&nbsp;<\/p>\n<table cellspacing=\"0\" cellpadding=\"0\">\n<tbody>\n<tr>\n<td valign=\"middle\"><b>Temporalizaci\u00f3n<\/b><\/td>\n<td valign=\"middle\"><b>Agentes<\/b><\/td>\n<td valign=\"middle\"><b>Actividades<\/b><\/td>\n<\/tr>\n<tr>\n<td valign=\"top\">Febrero\/Marzo<\/td>\n<td valign=\"top\">&#8211; Tutor\/a de 6\u00ba&nbsp;<\/p>\n<p>&#8211; Orientador\/a (E.O.E- IES).&nbsp;<\/p>\n<p>&#8211; Direcci\u00f3n de los centros.&nbsp;<\/p>\n<p>&#8211; Jefaturas de estudios de los IES.&nbsp;<\/p>\n<p>&#8211; Padres<\/td>\n<td valign=\"top\">\u2043 Charla informativa y entrega de documentaci\u00f3n<\/td>\n<\/tr>\n<tr>\n<td valign=\"top\">Marzo\/Junio<\/td>\n<td valign=\"top\">&#8211; Orientador-a IES&nbsp;<\/p>\n<p>&#8211; padres&nbsp;<\/p>\n<p>&#8211; tutores IES<\/td>\n<td valign=\"top\">Jornada de puertas abiertas<\/td>\n<\/tr>\n<\/tbody>\n<\/table>\n<p>\u25cf Coordinaci\u00f3n entre departamentos de orientaci\u00f3n \u2013 E.O.E.<\/p>\n<table cellspacing=\"0\" cellpadding=\"0\">\n<tbody>\n<tr>\n<td valign=\"middle\"><b>Temporalizaci\u00f3n<\/b><\/td>\n<td valign=\"middle\"><b>Agentes<\/b><\/td>\n<td valign=\"middle\"><b>Actividades<\/b><\/td>\n<\/tr>\n<tr>\n<td valign=\"top\">Primer lunes de cada&nbsp;mes&nbsp;<\/p>\n<p>Segundo y tercer trimestre.<\/td>\n<td valign=\"top\">Orientador\/a responsable del programa, coordinadores\/a del tercer ciclo.<\/td>\n<td valign=\"top\">\u2043 Asesoramiento a&nbsp; coordinadores\/a de tercer ciclo&nbsp;&nbsp;<\/p>\n<p>&nbsp;<\/p>\n<p>sobre el desarrollo de las&nbsp; actividades programadas en la&nbsp; tutor\u00eda lectiva.&nbsp;<\/p>\n<p>\u2043 Desarrollo de las&nbsp; actividades programadas para&nbsp; el alumnado:&nbsp; autoconocimiento, toma de&nbsp; decisiones, t\u00e9cnicas de&nbsp; estudios.<\/td>\n<\/tr>\n<tr>\n<td valign=\"top\">Septiembre<\/td>\n<td valign=\"top\">&#8211; Orientador\/a (E.O.E- IES).<\/td>\n<td valign=\"top\">\u2043 Plan de trabajo anual.<\/td>\n<\/tr>\n<tr>\n<td valign=\"top\">Febrero<\/td>\n<td valign=\"top\">&#8211; Orientador\/a (E.O.E- IES).<\/td>\n<td valign=\"top\">\u2043 Temporalizaci\u00f3n&nbsp;de actividades de&nbsp;tr\u00e1nsito.<\/td>\n<\/tr>\n<tr>\n<td valign=\"top\">Junio<\/td>\n<td valign=\"top\">Orientador\/a (E.O.E- IES).<\/td>\n<td valign=\"top\">\u2043 Traspaso de informaci\u00f3n&nbsp; del alumnado NEAE.&nbsp;<\/p>\n<p>\u2043 Valoraci\u00f3n del programa&nbsp; de tr\u00e1nsito.<\/td>\n<\/tr>\n<\/tbody>\n<\/table>\n<p><b>5.5.- Informe Personal De Seneca.<\/b>&nbsp;<\/p>\n<p>Cumplimentar y generar informe de Seneca, adjuntar documento de atenci\u00f3n a&nbsp; la diversidad. Los centros Biling\u00fces adem\u00e1s adjuntar\u00e1n el certificado de ense\u00f1anzas&nbsp; biling\u00fces al alumnado de 6\u00bade educaci\u00f3n Primaria (generado en S\u00e9neca).&nbsp;<\/p>\n<p><b>6.- Relaciones Con Las Familias.&nbsp;<\/b><\/p>\n<p><b>6.1.- Introducci\u00f3n.&nbsp;<\/b><\/p>\n<p>La coordinaci\u00f3n con las familias representa un aspecto crucial que, en muchos&nbsp; casos, supondr\u00e1 una garant\u00eda para lograr los objetivos que nos estamos&nbsp; proponiendo. Lo trabajado en el aula debe tener un reflejo y una continuaci\u00f3n en el&nbsp; \u00e1mbito familiar, por lo que debemos asegurar cauces de comunicaci\u00f3n fluidos que&nbsp; nos permitan poder intercambiar informaci\u00f3n de manera bidireccional. De este modo&nbsp; se podr\u00e1n plantear l\u00edneas de actuaci\u00f3n comunes y referentes claros, a la hora de&nbsp; afrontar la tarea escolar, de manera particular, y la formaci\u00f3n integral del alumnado,&nbsp; de manera general.&nbsp;<\/p>\n<p>En un primer momento, ante la inminente incorporaci\u00f3n al centro, el Equipo&nbsp; Directivo y el Personal de Administraci\u00f3n y Servicios ser\u00e1n los encargados de ir&nbsp; guiando el proceso de matriculaci\u00f3n, solventando las dudas que pudieran surgir y&nbsp; guiando el inicio del proceso.&nbsp;<\/p>\n<p>Tras este momento, en funci\u00f3n de la marcha del alumnado, de las necesidades&nbsp; detectadas y del seguimiento de las actuaciones desarrolladas, el Tutor\/a se&nbsp; convierte en la pieza clave en cuanto a la colaboraci\u00f3n e informaci\u00f3n a las familias.&nbsp;<\/p>\n<p>Finalmente, cualquier medida que se adopte referente al alumnado ha de ser&nbsp; comunicada a la familia, interviniendo el profesional que corresponda en dicha labor&nbsp; de asesoramiento e informaci\u00f3n. Pero, al margen de lo relativo al alumnado&nbsp; concreto, desde el centro educativo y en especial desde la tutor\u00eda se debe tratar de&nbsp; impulsar la participaci\u00f3n e implicaci\u00f3n de las familias en todas aquellas actividades&nbsp; que se organicen e invitarlos a participar en las decisiones adoptadas en el centro&nbsp; mediante los cauces de participaci\u00f3n establecidos en el Proyecto de Centro: AMPAs,&nbsp; Consejo Escolar, Delegados\/as de madres y madres.&nbsp;<\/p>\n<p><b>6.2.- Organizaci\u00f3n De La Tutor\u00eda Individualizada&nbsp;<\/b><\/p>\n<p>La conexi\u00f3n familia-escuela est\u00e1 garantizada por las disposiciones organizativas&nbsp; actuales que regulan el funcionamiento de los centros. Se mantendr\u00e1n contactos&nbsp; peri\u00f3dicos con las familias, pudiendo ser \u00e9stos a petici\u00f3n de las familias o del&nbsp; profesorado.El horario de tutor\u00eda es de una hora semanal, de las de obligada permanencia en&nbsp; el centro educativo y se dedicar\u00e1 a las entrevistas con la familia del alumnado. Esta&nbsp; hora se ha fijado de forma que posibilite la asistencia de las familias. El horario&nbsp; establecido de tutor\u00eda es: lunes de 18.00 a 19.00 horas.&nbsp;<\/p>\n<p>A lo largo del primer trimestre el tutor o tutora de un grupo \u2013 clase deber\u00e1&nbsp; haberse entrevistado, al menos, una vez con cada familia.&nbsp;<\/p>\n<p>Ver documento IV: 01Doc: Acta tutor\u00eda individualizada Infantil y 02 Doc: Acta&nbsp; tutor\u00eda individualizada Primaria.&nbsp;<\/p>\n<p><b>6.3.- Organizaci\u00f3n De Las Reuniones Grupales&nbsp;<\/b><\/p>\n<p>Cada tutor\/a realizar\u00e1 en el mes de octubre una reuni\u00f3n grupal con todas las&nbsp; familias del alumnado para exponer el plan global de trabajo del curso.&nbsp;<\/p>\n<p>Ver documento IV. 03 Doc: Acta primera reuni\u00f3n grupal de tutor\u00eda. Ver documento IV. 04 Doc: Gui\u00f3n para la primera reuni\u00f3n grupal de tutor\u00eda.&nbsp;<\/p>\n<p>Al finalizar cada trimestre, el tutor realizar\u00e1 una reuni\u00f3n conjunta para informar a&nbsp; las familias del rendimiento acad\u00e9mico del alumnado.&nbsp;<\/p>\n<p>Ver documento IV 05 Doc: Acta reuniones grupal de entrega de notas. 6.4.- Compromisos Educativos Y De Convivencia.&nbsp;<\/p>\n<p>El Decreto 19\/2007, de 23 de enero, por el que se adoptan medidas para la&nbsp; promoci\u00f3n de la Cultura de Paz y la mejora de la convivencia en los centros&nbsp; sostenidos con fondos p\u00fablicos, se\u00f1ala como el objetivo fundamental: Concienciar y&nbsp; sensibilizar a la comunidad educativa y a los agentes sociales sobre la importancia&nbsp; de una adecuada convivencia escolar y sobre los procedimientos para mejorarla.\u201d&nbsp; Adem\u00e1s de tomar conciencia, corresponde a la comunidad educativa poner medios&nbsp; de todo tipo para prevenir aquellas situaciones de conflicto, facilitando as\u00ed un buen&nbsp; clima de centro que propicie que la vida escolar se desarrolle de manera ordenada y&nbsp; gratificante y, con ello, el incremento del tiempo dedicado a la ense\u00f1anza y al&nbsp; aprendizaje, lo que redundar\u00e1 en un mayor \u00e9xito personal y acad\u00e9mico del&nbsp; alumnado.&nbsp;<\/p>\n<p>COMPROMISO EDUCATIVO. Estos compromisos educativos, que ser\u00e1n&nbsp; voluntarios, est\u00e1n especialmente dirigidos al alumnado con dificultades de&nbsp; aprendizaje, con el objetivo de estimular y apoyar su proceso educativo y estrechar&nbsp; la colaboraci\u00f3n entre el profesorado y las familias.<\/p>\n<p>&nbsp;&nbsp;<\/p>\n<p>COMPROMISO DE CONVIVENCIA Para usar en tutor\u00eda con aquel alumnado&nbsp; que no acepta las normas establecidas en el aula o en el centro, bajo grado de&nbsp; disciplina y\/o con conductas contrarias a las normas de convivencia, con numerosas&nbsp; faltas de asistencia sin justificar y que dificultan su integraci\u00f3n y alumnado con&nbsp; dificultades para su integraci\u00f3n escolar.&nbsp;<\/p>\n<p>Ver documento 6: Relaciones con las familias: Doc 05: Compromiso educativo.&nbsp; Doc 06: Compromiso de convivencia&nbsp;<\/p>\n<p>PROCESO&nbsp;<\/p>\n<p>\u2043 El\/la tutor\/a mantendr\u00e1 reuni\u00f3n con las familias y explicar\u00e1 las&nbsp; pautas a seguir en una primera tutor\u00eda.&nbsp;<\/p>\n<p>\u2043 Despu\u00e9s de un tiempo determinado sin producirse cambios, se&nbsp; informar\u00e1 al EOC de la necesidad de realizar compromiso&nbsp; educativo o de convivencia.&nbsp;<\/p>\n<p>\u2043 El EOC o Equipo docente tambi\u00e9n puede informar al tutor\/a de la&nbsp; necesidad de realizar un compromiso.&nbsp;<\/p>\n<p>\u2043 El\/la tutor\/a citar\u00e1 a la familia para firmar el compromiso. Se ver\u00e1&nbsp; si es conveniente la presencia de alg\u00fan miembro del Equipo&nbsp; docente y EOC para respaldar al tutor\/a.&nbsp;<\/p>\n<p>\u2043 El CE o CC se revisar\u00e1 a criterio del tutor (mensual ,&nbsp; trimestralmente \u2026).&nbsp;<\/p>\n<p>\u2043 Al incumplir el compromiso por un n\u00ba determinado de veces (a&nbsp; criterio del tutor\/a), se mantendr\u00e1 una reuni\u00f3n con el Equipo&nbsp; Docente. En un segundo incumplimiento se mantendr\u00e1 reuni\u00f3n&nbsp; con el Equipo directivo y Equipo docente.&nbsp;<\/p>\n<p>Se trasladar\u00e1n los compromisos a la Comisi\u00f3n de Convivencia, que realizar\u00e1 el&nbsp; seguimiento y propondr\u00e1 las medidas e iniciativas a adoptar en funci\u00f3n de lo previsto&nbsp; en el Plan de Convivencia a tal efecto.&nbsp;<\/p>\n<p><b>6.5.- Delegados\/As De Padres Y Madres&nbsp;<\/b><\/p>\n<p>En el Decreto 328\/2010, se establece que el Plan de Convivencia contemplar\u00e1 la&nbsp; figura del delegado o delegada de los padres y madres del alumnado en cada uno&nbsp; de los grupos fomentando la participaci\u00f3n e implicaci\u00f3n de las familias en el proceso&nbsp; educativo de sus hijas e hijos. Entre sus funciones se incluir\u00e1n:&nbsp;<\/p>\n<p>a) Representar a las madres y los padres del alumnado de cada grupo-aula&nbsp; interes\u00e1ndose y velando por las necesidades e intereses de sus hijas e&nbsp; hijos.<\/p>\n<p>b) Velar por el respeto de los derechos y deberes del alumnado, del&nbsp; profesorado y de las familias.&nbsp;<\/p>\n<p>c) Implicar a las familias en la mejora de la convivencia y de la actividad&nbsp; docente en el grupo y en el centro educativo.&nbsp;<\/p>\n<p>d) Fomentar y facilitar la comunicaci\u00f3n de las madres y los padres del&nbsp; alumnado con la tutora o el tutor del grupo.&nbsp;<\/p>\n<p>e) Colaborar en todas aquellas tareas que favorezcan el buen&nbsp; funcionamiento del grupo.&nbsp;<\/p>\n<p>f) Servir de enlace entre las familias y la AMPA, la Junta de delegados y&nbsp; delegadas, los representantes de los padres y madres en el Consejo&nbsp; Escolar, la comisi\u00f3n de convivencia o el equipo directivo del centro.&nbsp;<\/p>\n<p>g) Recoger y trasladar a las personas o a los \u00f3rganos de gesti\u00f3n&nbsp; responsables propuestas del sector de madres y padres para la mejora de&nbsp; la organizaci\u00f3n y funcionamiento del centro.&nbsp;<\/p>\n<p>h) Intervenir con actitudes de mediaci\u00f3n ante situaciones que lo precisen a&nbsp; solicitud de cualquiera de los agentes de la comunidad educativa.&nbsp;<\/p>\n<p>i) Potenciar los compromisos educativos, sociales y de convivencia.&nbsp;<\/p>\n<p>j) Impulsar la participaci\u00f3n de las familias en las actividades organizadas&nbsp; por el centro.&nbsp;<\/p>\n<p>k) Impulsar medidas que favorezcan la integraci\u00f3n y la educaci\u00f3n para la&nbsp; igualdad, evitando cualquier tipo de discriminaci\u00f3n por razones de g\u00e9nero.&nbsp;<\/p>\n<p>l) Colaborar en el seguimiento del alumnado absentista, conjuntamente con&nbsp; otros servicios si es necesario, generando una red de apoyo a las&nbsp; familias.&nbsp;<\/p>\n<p>m) Potenciar la creaci\u00f3n de espacios de intercambio, formaci\u00f3n y ayuda&nbsp; mutua entre las familias del centro.&nbsp;<\/p>\n<p>n) Cualesquiera otras recogidas en el Plan de convivencia, Plan de Acci\u00f3n&nbsp; Tutorial u otro documento planificador del centro, en base a la normativa&nbsp; vigente.&nbsp;<\/p>\n<p>Para el desarrollo de estas funciones, la delegada o el delegado de madres y&nbsp; padres del alumnado, actuar\u00e1 de manera coordinada con el maestro maestra tutor, actuando de enlace entre \u00e9ste y las familias y transmitiendo las sugerencias,&nbsp; propuestas, demandas y acuerdos de \u00e9stas. Para ello, se establecer\u00e1n, cuantas&nbsp; reuniones se estimen oportunas, celebrando, al menos, una reuni\u00f3n al trimestre.&nbsp;<\/p>\n<p>La persona delegada de madres y padres ser\u00e1 elegida para cada curso&nbsp; acad\u00e9mico, por los propios padres y madres en la reuni\u00f3n que las tutoras y los&nbsp; tutores de cada grupo deben realizar a principio de cada curso escolar. En la&nbsp; convocatoria de esta reuni\u00f3n, deber\u00e1 hacerse constar como un punto del orden del&nbsp; d\u00eda la elecci\u00f3n de delegado o delegada de padres y madres.&nbsp;<\/p>\n<p>La delegada o el delegado de madres y padres se elegir\u00e1 por sufragio directo y&nbsp; secreto, por mayor\u00eda simple, de entre las madres y padres del alumnado de cada&nbsp; unidad escolar presentes en la reuni\u00f3n. Las madres y los padres previamente se&nbsp; podr\u00e1n dar a conocer y ofrecerse como candidata o candidato para su elecci\u00f3n.&nbsp;<\/p>\n<p>En este proceso, la segunda y tercera personas con mayor n\u00famero de votos,&nbsp; ser\u00e1n designadas como subdelegadas 1\u00aa y 2\u00aa, que sustituir\u00e1n a la persona delegada&nbsp; y podr\u00e1n colaborar con ella en el desarrollo de sus funciones. En este proceso de&nbsp; elecci\u00f3n se procurar\u00e1 contar con una representaci\u00f3n equilibrada de hombres y&nbsp; mujeres.&nbsp;<\/p>\n<p>Ver documento VI Relaci\u00f3n con las familias 07 Doc: Presentaci\u00f3n power point&nbsp; delegados\/as padres y madres.&nbsp;<\/p>\n<p><b>6.6.- Formaci\u00f3n De Familias (Eoe, Escuelas De Familia)<\/b>&nbsp;<\/p>\n<p>\u2043 El objetivo esencial de la escuela de familias es ofrecer un medio de&nbsp; participaci\u00f3n y cooperaci\u00f3n com\u00fan entre las familias, el profesorado y las&nbsp; personas vinculadas con la educaci\u00f3n, creando un ambiente de trabajo en&nbsp; el que reflexionar y compartir experiencias, sirviendo esa diversidad de&nbsp; opiniones, vivencias y pareceres como instrumento para enriquecer el&nbsp; conocimiento individual de cada participante.&nbsp;<\/p>\n<p>\u2043 Servir de cauce de revisi\u00f3n y aprendizaje de las familias en los temas&nbsp; relacionados con la educaci\u00f3n de sus hijos e hijas.&nbsp;<\/p>\n<p>\u2043 Potenciar la comunicaci\u00f3n sobre las situaciones que se viven en la familia,&nbsp; creando un ambiente de amistad.&nbsp;<\/p>\n<p>\u2043 Aumentar la integraci\u00f3n de las familias en los colegios, ofreci\u00e9ndoles&nbsp; campos concretos de actividad.&nbsp;<\/p>\n<p>\u2043 informar y formar sobre temas vinculados con la educaci\u00f3n de los hijos e&nbsp; hijas.<\/p>\n<p>\u2043 Ofrecer orientaciones generales y pautas de actuaci\u00f3n que respondan a los&nbsp; problemas comunes de la infancia.&nbsp;<\/p>\n<p>\u2043 Favorecer el acercamiento entre familias y escuela.&nbsp;<\/p>\n<p>\u2043 Consolidar la relaci\u00f3n familia-escuela ofreciendo un lugar de intercambio y&nbsp; encuentro entre las dos instituciones educativas.&nbsp;<\/p>\n<p>\u2043 Transmitir a las familias una secci\u00f3n de conocimientos y t\u00e9cnicas que&nbsp; favorezcan su formaci\u00f3n personal.&nbsp;<\/p>\n<p>ACTIVIDADES.&nbsp;<\/p>\n<p>&#8211; Realizaci\u00f3n de reuniones, con una duraci\u00f3n de hora y cuarto por&nbsp; sesi\u00f3n, siempre el mismo d\u00eda de la semana. Se recomienda llevar a&nbsp; cabo de cuatro a seis sesiones anuales.&nbsp;<\/p>\n<p>\u2043 Estas reuniones se podr\u00e1n realizar en peque\u00f1os grupos en el&nbsp; propio centro o en gran grupo intercentro. La coordinaci\u00f3n la llevar\u00e1 a&nbsp; cabo la Comisi\u00f3n Escuela de Familia del Proyecto Intercentro de&nbsp; Ubrique Blanco de Paz.&nbsp;<\/p>\n<p>&#8211; Se establece la figura del Coordinador o Coordinadora, que ejercer\u00e1&nbsp; funciones de moderador, animador y colaborador.&nbsp;<\/p>\n<p>&#8211; El proceso de captaci\u00f3n de participantes se realizar\u00e1 ofertando esta&nbsp; actividad a la comunidad educativa. Los criterios para la participaci\u00f3n&nbsp; se establecer\u00e1n anualmente\u2026&nbsp;<\/p>\n<p>&#8211; El Coordinador\/a, para planificar el desarrollo de la escuela de familias&nbsp; contar\u00e1 con la participaci\u00f3n de la Junta de Padres Colaboradores y&nbsp; diferentes organismos p\u00fablicos o privados. Esta comisi\u00f3n aportar\u00e1&nbsp; propuestas de temas demandados entre las familias, iniciativas,&nbsp; horarios m\u00e1s aconsejables, calendario mejor adaptado a las familias,&nbsp; etc\u2026As\u00ed como promocionar entre el colectivo de familias los beneficios&nbsp; de estas iniciativas.&nbsp;<\/p>\n<p>&#8211; Como principio \u00e9tico fundamental e imprescindible debe hacerse&nbsp; hincapi\u00e9 en la privacidad de las opiniones y experiencias personales&nbsp; que se expongan en las reuniones.&nbsp;<\/p>\n<p>&#8211; Es importante para posibilitar la asistencia de las familias crear un&nbsp; Servicio de Guarder\u00eda en el centro, estar\u00e1 dirigido por monitores o por&nbsp; padres\/madres voluntarios\/as y en el mismo se realizar\u00e1n juegos de&nbsp; animaci\u00f3n que haga la espera corta y enriquecedora.&nbsp;&nbsp;<\/p>\n<p>&#8211; En la primera reuni\u00f3n Escuela de Familias se facilitar\u00e1 el calendario a&nbsp; seguir, de manera que no sea necesario la convocatoria de todas y&nbsp; cada una de las sesiones.&nbsp;<\/p>\n<p>&#8211; En cada sesi\u00f3n se entregar\u00e1 o se informar\u00e1 de documentaci\u00f3n&nbsp; relacionada con el tema tratado, de manera que cada asistente posea&nbsp; un material de lectura sobre los temas del que puede hacer uso.&nbsp;<\/p>\n<p>&#8211; Posibles temas a tratar:&nbsp;<\/p>\n<table cellspacing=\"0\" cellpadding=\"0\">\n<tbody>\n<tr>\n<td valign=\"top\">\n<ul>\n<li>TECNICAS B\u00c1SICAS DE LA DISCIPLINA.<\/li>\n<\/ul>\n<\/td>\n<\/tr>\n<tr>\n<td valign=\"top\">\n<ul>\n<li>LA AUTOESTIMA.<\/li>\n<\/ul>\n<\/td>\n<\/tr>\n<tr>\n<td valign=\"top\">\n<ul>\n<li>LA LECTURA, UN PLACER DESDE LA INFANCIA.<\/li>\n<\/ul>\n<\/td>\n<\/tr>\n<tr>\n<td valign=\"top\">\n<ul>\n<li>PERFILES DE EDAD: CARACTER\u00cdSTICAS PSICOEVOLUTIVAS.<\/li>\n<\/ul>\n<\/td>\n<\/tr>\n<tr>\n<td valign=\"top\">\n<ul>\n<li>T\u00c9CNICAS DE ESTUDIOS.<\/li>\n<\/ul>\n<\/td>\n<\/tr>\n<tr>\n<td valign=\"top\">\n<ul>\n<li>LA TELEVIS\u00d3N Y LOS VIDEOJUEGOS.<\/li>\n<\/ul>\n<\/td>\n<\/tr>\n<tr>\n<td valign=\"top\">\n<ul>\n<li>LOS JUGUETES<\/li>\n<\/ul>\n<\/td>\n<\/tr>\n<tr>\n<td valign=\"top\">\n<ul>\n<li>EL PAPEL DE LOS PADRES EN EL APRENDIZAJE Y DESARROLLO DE ACTITUDES<\/li>\n<\/ul>\n<\/td>\n<\/tr>\n<tr>\n<td valign=\"top\">\n<ul>\n<li>LA RESPONSABILIDAD.<\/li>\n<\/ul>\n<\/td>\n<\/tr>\n<tr>\n<td valign=\"top\">\n<ul>\n<li>LA INTELIGENCIA EMOCIONAL.<\/li>\n<\/ul>\n<\/td>\n<\/tr>\n<tr>\n<td valign=\"top\">\n<ul>\n<li>HABILIDADES SOCIALES Y COMUNICATIVAS.<\/li>\n<\/ul>\n<\/td>\n<\/tr>\n<tr>\n<td valign=\"top\">\n<ul>\n<li>H\u00c1BITOS DE AUTONOM\u00cdA PERSONAL.<\/li>\n<\/ul>\n<\/td>\n<\/tr>\n<tr>\n<td valign=\"top\">\n<ul>\n<li>OTROS TEMAS PROPUESTOS POR:&nbsp;<\/li>\n<\/ul>\n<p>&#8211; PLAN DIRECTOR&nbsp;<\/p>\n<p>&#8211; FAMILIA-INFANCIA AYUNTAMIENTO<\/td>\n<\/tr>\n<\/tbody>\n<\/table>\n<p>Puede ser interesante la participaci\u00f3n puntual de profesionales,&nbsp; organizaciones e instituciones que ayuden con sus conocimientos al tratamiento de&nbsp; estos temas.&nbsp;<\/p>\n<p><b>6.7.- Agenda<\/b>.&nbsp;<\/p>\n<p>La agenda escolar confeccionada por una comisi\u00f3n de U.B.P, revisada&nbsp; anualmente y mejorada con las aportaciones del profesorado, alumnado y padres madres, se convierte en un veh\u00edculo m\u00e1s de comunicaci\u00f3n entre familias y&nbsp; profesorado para mejorar la convivencia y la organizaci\u00f3n escolar.&nbsp;<\/p>\n<p>Los objetivos de la agenda escolar son:&nbsp;<\/p>\n<p>1.- Impulsar y fomentar el di\u00e1logo y la participaci\u00f3n entre todos los sectores de la&nbsp; comunidad educativa, creando espacios de consenso, comunicaci\u00f3n y de&nbsp; interrelaci\u00f3n que posibiliten la toma de conciencia de los derechos y deberes de&nbsp; cada uno, de las normas de comportamiento y de los valores compartidos.&nbsp;<\/p>\n<p>2.- Ofrecer un medio como \u201cLa Agenda\u201d que se ha comprobado positivo para la&nbsp; organizaci\u00f3n escolar del alumnado de Ed. Primaria durante varios a\u00f1os en los&nbsp; centros.&nbsp;<\/p>\n<p>3.- Ofrecer un medio de control, recuerdo y organizaci\u00f3n de las tareas a realizar, as\u00ed&nbsp; como medio de intercambio de informaci\u00f3n entre los sectores de la Comunidad&nbsp; Educativa.&nbsp;<\/p>\n<p>4.- Tener informaci\u00f3n sobre: calendario escolar, fecha de controles, entregas de&nbsp; trabajos, consejos sobre organizaci\u00f3n de estudio, t\u00e9cnicas, etc.&nbsp;<\/p>\n<p>5.- Conseguir que \u201cLa Agenda\u201d sea un medio m\u00e1s dentro de la acci\u00f3n tutorial para la&nbsp; comunicaci\u00f3n e informaci\u00f3n por parte de las familias de la marcha y organizaci\u00f3n&nbsp; escolar del alumnado.&nbsp;<\/p>\n<p>6.- Mejorar y ampliar la comunicaci\u00f3n entre las familias, alumnado y profesorado a&nbsp; trav\u00e9s de \u201cLa Agenda\u201d y con ello la convivencia escolar, ya que esta puede servir de&nbsp; veh\u00edculo de comunicaci\u00f3n entre estos sectores de la Comunidad Escolar.<\/p>\n<p>7.- La Agenda contiene un resumen de los derechos y deberes de los alumnado as\u00ed&nbsp; como las normas de clase, por lo que sirve de instrumento para el aprendizaje de&nbsp; normas y valores compartidos por todos.&nbsp;<\/p>\n<p>8.- La Agenda contiene un apartado de direcciones que servir\u00e1 para anotar los datos&nbsp; de los compa\u00f1eros\/as, as\u00ed como fechas se\u00f1aladas, cumplea\u00f1os, etc. Que aumentan&nbsp; la convivencia y relaci\u00f3n entre los alumnos.&nbsp;<\/p>\n<p>9.- La agenda se confecciona anualmente teniendo en cuenta el valor que se va a&nbsp; trabajar en ese curso escolar, haciendo menci\u00f3n de \u00e9l, tanto en la portada como en&nbsp; las p\u00e1ginas interiores donde redefine y proponen actividades.&nbsp;<b>9.- Colaboraci\u00f3n Y Coordinaci\u00f3n Con Agentes Y Servicios Externos&nbsp;<\/b><\/p>\n<p>La Direcci\u00f3n o Jefatura de Estudios presentar\u00e1 entre septiembre y octubre&nbsp; todos los programas educativos ofertados por servicios y agentes externos:&nbsp; Ayuntamiento, Diputaci\u00f3n, Centro de Salud&#8230;&nbsp;&nbsp;<\/p>\n<p>El Claustro, previo estudio por parte de los Ciclos y del ETCP, aprobar\u00e1&nbsp; aquellos programas de colaboraci\u00f3n que estimen m\u00e1s oportunos para incluirlos en la&nbsp; Planificaci\u00f3n del Centro.&nbsp;&nbsp;<\/p>\n<p>Las actividades relacionadas con programas que afecten a un Ciclo, ser\u00e1n&nbsp; coordinadas por la Jefatura de Estudios o por el\/la coordinadora del Ciclo&nbsp; correspondiente.&nbsp;&nbsp;<\/p>\n<p>Como regla general, las actuaciones de colaboraci\u00f3n con otros servicios&nbsp; externos relacionadas con la acci\u00f3n tutorial, tanto a nivel general de centro como a&nbsp; nivel individual, deben ser conocidas por la direcci\u00f3n del centro y estar incluidas en&nbsp; el Proyecto Educativo.&nbsp;<\/p>\n<p>7.- Tareas Administrativas Del Profesorado.<\/p>\n<table cellspacing=\"0\" cellpadding=\"0\">\n<tbody>\n<tr>\n<td valign=\"middle\"><b>FECHA<\/b><\/td>\n<td valign=\"middle\"><b>ACTUACI\u00d3N<\/b><\/td>\n<td valign=\"middle\"><b>IMPLICADOS<\/b><\/td>\n<td valign=\"middle\"><b>INDICACIONES<\/b><\/td>\n<\/tr>\n<tr>\n<td valign=\"top\">Mensual<\/td>\n<td valign=\"top\">Parte de Faltas del alumnado.<\/td>\n<td valign=\"top\">Tutores\/as<\/td>\n<td valign=\"top\">Incluir en S\u00e9neca antes del d\u00eda cinco de cada mes.<\/td>\n<\/tr>\n<tr>\n<td valign=\"top\">Septiembre<\/td>\n<td valign=\"top\">Revisi\u00f3n del informe personal del &nbsp;alumnado de cada tutor\u00eda.<\/td>\n<td valign=\"top\">Equipo docente.<\/td>\n<td valign=\"top\">El tutor\/a realizar\u00e1 una revisi\u00f3n de los expedientes del alumnado e&nbsp; informar\u00e1 al equipo docente de los datos mas relevantes: atenci\u00f3n&nbsp; a la diversidad, enfermedades cr\u00f3nicas, situaci\u00f3n familiar, etc..<\/td>\n<\/tr>\n<tr>\n<td rowspan=\"3\" valign=\"top\">Octubre<\/td>\n<td valign=\"top\">Evaluaci\u00f3n Inicial.<\/td>\n<td valign=\"top\">Equipo docente de 1\u00ba, 3\u00ba y 5\u00ba Ed.&nbsp; Primaria y el profesorado de&nbsp; nueva incorporaci\u00f3n al centro.<\/td>\n<td valign=\"top\">Introducir los resultados en Seneca antes de la Junta de&nbsp; Evaluaci\u00f3n Inicial.<\/td>\n<\/tr>\n<tr>\n<td valign=\"top\">Realizar las Planificaciones y&nbsp; Programaciones anuales.<\/td>\n<td valign=\"top\">Claustro<\/td>\n<td valign=\"top\">Se entregar\u00e1 en la Jefatura de Estudios a finales de octubre. Siguiendo con el modelo establecido en el Proyecto Educativo&nbsp; (anexo\u2026\u2026)<\/td>\n<\/tr>\n<tr>\n<td valign=\"top\">Documentos atenci\u00f3n a la&nbsp;&nbsp;<\/p>\n<p>diversidad<\/td>\n<td valign=\"top\">Tutores\/as y especialistas.<\/td>\n<td valign=\"top\">Los documentos est\u00e1n en el cuaderno del profesorado. Los&nbsp; documentos de atenci\u00f3n a la diversidad se rellena en Equipo&nbsp; docente.&nbsp;<\/p>\n<p>Si hay necesidad de demanda, se entregar\u00e1 el documento&nbsp; correspondiente a la Jefatura de Estudios<\/td>\n<\/tr>\n<tr>\n<td valign=\"top\">Diciembre<\/td>\n<td valign=\"top\">Junta de Evaluaci\u00f3n&nbsp;<\/p>\n<p>1\u00ba trimestre<\/td>\n<td valign=\"top\">Claustro<\/td>\n<td valign=\"top\">El documento de tenci\u00f3n a la diversidad individual del alumnado se &nbsp;debe revisar trimestralmente.&nbsp;<\/p>\n<p>Las notas deber\u00e1n estar en Seneca con anterioridad a la Junta de&nbsp; Evaluaci\u00f3n, al igual que las faltas de asistencias.&nbsp;<\/p>\n<p>Entregar en la Jefatura de Estudios las actas ( tras la sesi\u00f3n de&nbsp; evaluaci\u00f3n)<\/td>\n<\/tr>\n<tr>\n<td valign=\"top\">Marzo\/Abril<\/td>\n<td valign=\"top\">Junta de Evaluaci\u00f3n&nbsp;<\/p>\n<p>2\u00ba trimestre<\/td>\n<td valign=\"top\">Claustro<\/td>\n<td valign=\"top\">El documento de tenci\u00f3n a la diversidad individual del alumnado se &nbsp;debe revisar trimestralmente.&nbsp;<\/p>\n<p>Las notas deber\u00e1n estar en Seneca con anterioridad a la Junta de&nbsp; Evaluaci\u00f3n, al igual que las faltas de asistencias.&nbsp;<\/p>\n<p>Entregar en la Jefatura de Estudios las actas ( tras la sesi\u00f3n de&nbsp; evaluaci\u00f3n)<\/td>\n<\/tr>\n<tr>\n<td valign=\"top\">Mayo<\/td>\n<td valign=\"top\">Prueba de evaluaci\u00f3n&nbsp;&nbsp;<\/p>\n<p>Diagn\u00f3stico<\/td>\n<td valign=\"top\">Equipo docente de primer ciclo<\/td>\n<td valign=\"top\">Seguir instrucciones anuales de Consejer\u00eda<\/td>\n<\/tr>\n<tr>\n<td valign=\"top\">Principios&nbsp;&nbsp;<\/p>\n<p>Junio<\/td>\n<td valign=\"top\">Detecci\u00f3n Altas Capacidades<\/td>\n<td valign=\"top\">Tutores I5 y 6\u00ba&nbsp;<\/p>\n<p>Eq. De orientaci\u00f3n<\/td>\n<td valign=\"top\">Pasar cuestionarios y remitir al EOE<\/td>\n<\/tr>\n<tr>\n<td valign=\"top\">Junio<\/td>\n<td valign=\"top\">Junta de Evaluaci\u00f3n&nbsp;<\/p>\n<p>3er\u00ba trimestre<\/td>\n<td valign=\"top\">Claustro<\/td>\n<td valign=\"top\">El documento de tenci\u00f3n a la diversidad individual del alumnado se &nbsp;debe revisar trimestralmente.&nbsp;<\/p>\n<p>Las notas deber\u00e1n estar en Seneca con anterioridad a la Junta de&nbsp; Evaluaci\u00f3n, al igual que las faltas de asistencias.&nbsp;<\/p>\n<p>Entregar en la Jefatura de Estudios las actas ( tras la sesi\u00f3n de&nbsp; evaluaci\u00f3n)&nbsp;<\/p>\n<p>A los alumnos que terminan ciclo se les debe indicar en&nbsp; Observaciones si promociona o no promociona (bolet\u00edn notas)&nbsp;<\/p>\n<p>Cumplimentar en los alumnos que terminan ciclo la tercera&nbsp; evaluaci\u00f3n y la ordinaria (los resultados de la evaluaci\u00f3n&nbsp; final)S\u00e9neca<\/td>\n<\/tr>\n<tr>\n<td valign=\"top\">Ultimas&nbsp;&nbsp;<\/p>\n<p>semanas<\/td>\n<td valign=\"top\">Equipo Orientaci\u00f3n DIV-2<\/td>\n<td valign=\"top\">Equipo de Orientaci\u00f3n&nbsp;<\/p>\n<p>+ Tutores+<\/td>\n<td valign=\"top\">Tener rellenos los DIV-2<\/td>\n<\/tr>\n<tr>\n<td valign=\"top\">&nbsp;<\/td>\n<td valign=\"top\">Revisi\u00f3n y recogida de libros de&nbsp; texto.<\/td>\n<td valign=\"top\">Tutores y especialistas&nbsp;<\/p>\n<p>de 3\u00ba a 6\u00ba<\/td>\n<td valign=\"top\">&#8211; En caso de alg\u00fan extrav\u00edo o deterioro grave informar en&nbsp; secretar\u00eda.&nbsp;<\/p>\n<p>&#8211; Entregar en secretar\u00eda el listado de recogida del material junto&nbsp; con las incidencias.<\/td>\n<\/tr>\n<tr>\n<td rowspan=\"2\" valign=\"top\">&nbsp;<\/td>\n<td valign=\"top\">Despedida alumnado 6\u00ba<\/td>\n<td valign=\"top\">Claustro&nbsp;<\/p>\n<p>Eq. Directivo + tutor 6\u00ba<\/td>\n<td valign=\"top\">Planificar:&nbsp;<\/p>\n<p>-Fotos y elaboraci\u00f3n orlas.&nbsp;<\/p>\n<p>-Presentaci\u00f3n para proyectar y discurso.&nbsp;<\/p>\n<p>-DVD fotos (regalo para alumnos)&nbsp;<\/p>\n<p>-AMPA<\/td>\n<\/tr>\n<tr>\n<td valign=\"top\">Generar cheque libro<\/td>\n<td valign=\"top\">Secretar\u00eda<\/td>\n<td valign=\"top\">&nbsp;<\/td>\n<\/tr>\n<tr>\n<td valign=\"top\">\u00daltimas&nbsp;&nbsp;<\/p>\n<p>semanas de<\/td>\n<td valign=\"top\">Firma de actillas final de ciclo (se &nbsp;sacan en direcci\u00f3n)<\/td>\n<td valign=\"top\">Equipo Docente<\/td>\n<td valign=\"top\">Se sacan de S\u00e9neca y firman las actillas de Evaluaci\u00f3n en 2\u00ba, 4\u00ba y&nbsp; 6\u00ba.<\/td>\n<\/tr>\n<tr>\n<td valign=\"top\">Junio<\/td>\n<td valign=\"top\">Generar boletines notas, revisar,&nbsp; sellar y firmar junto con hoja de&nbsp; registro de entrega de notas Entregar cheque-libros y registro&nbsp; de recogida<\/td>\n<td valign=\"top\">Eq. Directivo y&nbsp;<\/p>\n<p>tutores<\/td>\n<td valign=\"top\">Entregar a familias en la entrega de notas y firmar el registro de&nbsp; recogida.<\/td>\n<\/tr>\n<tr>\n<td valign=\"top\">&nbsp;<\/td>\n<td valign=\"top\">Cumplimentaci\u00f3n de Res\u00famenes &nbsp;de Escolarizaci\u00f3n&nbsp;<\/p>\n<p>Una vez rellenos, avisar en&nbsp; direcci\u00f3n. Hay que generar,&nbsp; firmar por director y tutores\/as y&nbsp; ellos\/as los archivan en&nbsp;&nbsp;<\/p>\n<p>expediente.<\/td>\n<td valign=\"top\">Tutoras de Infantil&nbsp;<\/p>\n<p>Una vez cumplimentado avisar&nbsp; para que el Equipo Directivo lo&nbsp; imprima (solo I5) y se entregar\u00e1&nbsp;&nbsp;<\/p>\n<p>para su firma y guardar en el&nbsp; expediente del alumno.<\/td>\n<td valign=\"top\">Seleccionar S\u00e9neca: Documentos, alumnado, evaluaci\u00f3n,&nbsp; documentos oficiales de evaluaci\u00f3n, expediente de 2\u00ba ciclo de Ed. Infantil, resumen de escolaridad en el 2\u00ba ciclo, se elige curso,&nbsp; unidad y se pasan los alumnos al lado derecho pulsamos Aceptar y &nbsp;por \u00faltimo aparece el documento.<\/td>\n<\/tr>\n<tr>\n<td valign=\"top\">\u00daltimas&nbsp;&nbsp;<\/p>\n<p>semanas de&nbsp; junio<\/td>\n<td valign=\"top\">Cumplimentaci\u00f3n del Informe&nbsp; Personal (Primaria) e Informe&nbsp; Anual de Evaluaci\u00f3n&nbsp;&nbsp;<\/p>\n<p>Individualizado (Infantil)&nbsp;<\/p>\n<p>Generar, imprimir, sellar, firmar y &nbsp;los tutores archivar\u00e1n los&nbsp;&nbsp;<\/p>\n<p>expedientes&nbsp;<\/p>\n<p>Cumplimentar informe&nbsp;&nbsp;<\/p>\n<p>individualizado final de ciclo I5 y&nbsp; rellenar evaluaci\u00f3n final&nbsp;<\/p>\n<p>Cumplimentar Evaluaci\u00f3n del&nbsp; desarrollo del alumno\/a a lo largo &nbsp;de la Etapa de Ed. Infantil<\/td>\n<td valign=\"top\">Tutores de Primaria e Infantil&nbsp;<\/p>\n<p>Direcci\u00f3n&nbsp;<\/p>\n<p>Tutores&nbsp;<\/p>\n<p>Tutores final de ciclo infantil&nbsp;<\/p>\n<p>Tutoras de infantil<\/td>\n<td valign=\"top\">Seleccionar en S\u00e9neca: alumnado, informes, informe personal,&nbsp; cumplimentar informe; en la siguiente pantalla seleccionar curso,&nbsp; unidad, informe, y pinchar en el bot\u00f3n Refrescar. Nos aparece la&nbsp; pantalla para ir cumplimentando. No olvidar pinchar en el bot\u00f3n&nbsp; Aceptar una vez introducidos los datos. Si pulsamos sobre el bot\u00f3n &nbsp;Aceptar que est\u00e1 dentro de un folio, nos guarda los datos del&nbsp; alumno y pasa al siguiente. Estos informes se rellenar\u00e1n lo m\u00e1s&nbsp; completos posibles (se reflejan alumno que destaca, refuerzos,&nbsp; apoyos, dificultades,\u2026)&nbsp;<\/p>\n<p>Seguir mismo procedimiento indicado arriba y elegir informe final&nbsp; de ciclo.&nbsp;<\/p>\n<p>En papel.<\/td>\n<\/tr>\n<tr>\n<td valign=\"top\">&nbsp;<\/td>\n<td valign=\"top\">Revisi\u00f3n de datos&nbsp;&nbsp;<\/p>\n<p>complementarios del expediente<\/td>\n<td valign=\"top\">Tutores de Primaria e Infantil<\/td>\n<td valign=\"top\">Seleccionar en S\u00e9neca: alumnado, informes, datos&nbsp;&nbsp;<\/p>\n<p>complementarios del expediente, cumplimentar informe.&nbsp; Seleccionar expediente de Educaci\u00f3n Infantil\/ Primaria y pinchar&nbsp; sobre el bot\u00f3n refrescar. En la siguiente pantalla sale la lista del alumnado, se pincha sobre uno y luego en cumplimentar. En la&nbsp; siguiente pantalla nos aparece un cuadro con el nombre del&nbsp; alumno\/a y seleccionamos Cualquiera. En la siguiente pantalla nos&nbsp; aparecen las columnas para rellenar. No olvidar pinchar en el&nbsp; bot\u00f3n Aceptar una vez introducidos los datos. Si pulsamos Aceptar &nbsp;que est\u00e1 dentro de un folio, nos guarda lo datos de este alumno\/a y &nbsp;pasa al siguiente.<\/td>\n<\/tr>\n<tr>\n<td valign=\"top\">&nbsp;<\/td>\n<td valign=\"top\">ETCP<\/td>\n<td valign=\"top\">Miembros de ETCP<\/td>\n<td valign=\"top\">-An\u00e1lisis resultados pruebas externas.&nbsp;<\/p>\n<p>-Memoria autoevaluaci\u00f3n.&nbsp;<\/p>\n<p>-Evaluaci\u00f3n memoria EOE.&nbsp;<\/p>\n<p>-Exposici\u00f3n y aprobaci\u00f3n de memorias proyectos.<\/td>\n<\/tr>\n<tr>\n<td valign=\"top\">&nbsp;<\/td>\n<td valign=\"top\">Generar para alumnos 6\u00ba:&nbsp;<\/p>\n<p>-Historial acad\u00e9mico&nbsp;<\/p>\n<p>(3 copias: alumno, centro, IES) -Expediente acad\u00e9mico(2 copias&nbsp; IES y centro)&nbsp;<\/p>\n<p>-Informe individualizado(2 copias &nbsp;IES y centro)&nbsp;<\/p>\n<p>-Certificado centro biling\u00fce (1&nbsp; copia alumno)<\/td>\n<td valign=\"top\">Direcci\u00f3n y tutor 6\u00ba<\/td>\n<td valign=\"top\">Revisar y firmar documentaci\u00f3n<\/td>\n<\/tr>\n<tr>\n<td valign=\"top\">\u00daltimas&nbsp;&nbsp;<\/p>\n<p>semanas de&nbsp; junio<\/td>\n<td valign=\"top\">Entrega de notas Infantil&nbsp;<\/p>\n<p>Entrega de notas 1\u00ba ciclo&nbsp;<\/p>\n<p>Entrega de notas 2\u00ba ciclo&nbsp;<\/p>\n<p>Entrega de notas 3\u00ba ciclo<\/td>\n<td valign=\"top\">Tutores\/as&nbsp;<\/p>\n<p>Tutores\/as&nbsp;<\/p>\n<p>Tutores\/as&nbsp;<\/p>\n<p>Tutores\/as<\/td>\n<td valign=\"top\">La tutora de I-5 entregar\u00e1 tambi\u00e9n cheque&nbsp;<\/p>\n<p>Los tutores que tengan que entregar cheque-libro lo har\u00e1n tambi\u00e9n &nbsp;en esta reuni\u00f3n.&nbsp;<\/p>\n<p>Los tutores implicados en las pruebas externas entregar\u00e1n los&nbsp; informes a las familias.&nbsp;<\/p>\n<p>.El tutor\/a de sexto entregar\u00e1 el historial acad\u00e9mico.&nbsp;<\/p>\n<p>NOTA: En caso de p\u00e9rdida o deterioro de libros, se le entregar\u00e1 a&nbsp; la familia el anexo correspondiente para su reposici\u00f3n. Si el centro presta los libros a alg\u00fan alumno durante el verano para &nbsp;repasar, la familia debe rellenar un documento de pr\u00e9stamo (pedir&nbsp; en secretar\u00eda).<\/td>\n<\/tr>\n<tr>\n<td valign=\"top\">&nbsp;<\/td>\n<td valign=\"top\">Claustro&nbsp;<\/p>\n<p>Consejo Escolar&nbsp;<\/p>\n<p>Entregas de Actas: Sesi\u00f3n de&nbsp; Evaluaci\u00f3n, Equipos docentes,&nbsp; Ciclos, ETCP, Eq. Orientaci\u00f3n<\/td>\n<td valign=\"top\">Claustro&nbsp;<\/p>\n<p>Miembros Consejo Escolar&nbsp;<\/p>\n<p>Tutores, coordinadores de ciclo y&nbsp; secretaria ETCP.<\/td>\n<td valign=\"top\">-Resumen resultados pruebas externas tercera evaluaci\u00f3n. -Despedida compa\u00f1eros\/as.&nbsp;<\/p>\n<p>-Posible previsi\u00f3n de adscripci\u00f3n para el curso siguiente. -Varios.<\/td>\n<\/tr>\n<\/tbody>\n<\/table>\n<p><b>8.- Reuniones De Coordinaci\u00f3n De La Acci\u00f3n Tutorial&nbsp;<\/b><\/p>\n<p><b>8.1.- Coordinaci\u00f3n Docente (Boja 139 Cap Iv 16 Julio 2010)&nbsp;<\/b><\/p>\n<p>a) Equipos docentes.&nbsp;<\/p>\n<p>b) Equipos de ciclo.&nbsp;<\/p>\n<p>c) Equipo de orientaci\u00f3n.&nbsp;<\/p>\n<p>d) Equipo t\u00e9cnico de coordinaci\u00f3n pedag\u00f3gica.&nbsp;<\/p>\n<p>e) Tutor\u00edas.&nbsp;<\/p>\n<p>a. EQUIPO DOCENTE<\/p>\n<table cellspacing=\"0\" cellpadding=\"0\">\n<tbody>\n<tr>\n<td valign=\"middle\"><b>PERIODICIDAD<\/b><\/td>\n<td valign=\"middle\"><b>ASISTENTES<\/b><\/td>\n<td valign=\"middle\"><b>CONVOCATORIA<\/b><\/td>\n<td valign=\"middle\"><b>CONTENIDOS A&nbsp;&nbsp;<\/b><\/p>\n<p><b>TRATAR<\/b><\/td>\n<td valign=\"middle\"><b>COMPETENCIAS<\/b><\/td>\n<\/tr>\n<tr>\n<td valign=\"top\">1 vez al mes<\/td>\n<td valign=\"top\">Todos los profesores que&nbsp; imparten clase a un&nbsp;&nbsp;<\/p>\n<p>grupo, coordinados por el&nbsp; tutor<\/td>\n<td valign=\"top\">Jefatura de&nbsp;&nbsp;<\/p>\n<p>Estudios<\/td>\n<td valign=\"top\">Rendimiento acad\u00e9mico&nbsp; del alumnado&nbsp;<\/p>\n<p>Propuestas de mejora de &nbsp;rendimiento del&nbsp;&nbsp;<\/p>\n<p>alumnado y decisiones Valoraci\u00f3n de las&nbsp;&nbsp;<\/p>\n<p>relaciones sociales en el grupo&nbsp;<\/p>\n<p>Propuestas para la&nbsp;&nbsp;<\/p>\n<p>mejora de la convivencia<\/td>\n<td valign=\"top\">Los equipos docentes tendr\u00e1n las siguientes funciones: a) Llevar a cabo el seguimiento global del alumnado del&nbsp; grupo, estableciendo las medidas necesarias para mejorar&nbsp; su aprendizaje, de acuerdo con el proyecto educativo del&nbsp; centro.&nbsp;<\/p>\n<p>b) Realizar de manera colegiada la evaluaci\u00f3n del&nbsp; alumnado, de acuerdo con la normativa vigente y con el&nbsp; proyecto educativo del centro y adoptar las decisiones que&nbsp; correspondan en materia de promoci\u00f3n.&nbsp;<\/p>\n<p>c) Garantizar que cada maestro y maestra proporcione al<\/td>\n<\/tr>\n<\/tbody>\n<\/table>\n<table cellspacing=\"0\" cellpadding=\"0\">\n<tbody>\n<tr>\n<td valign=\"top\">&nbsp;<\/td>\n<td valign=\"top\">&nbsp;<\/td>\n<td valign=\"top\">&nbsp;<\/td>\n<td valign=\"top\">en el grupo y decisiones Desarrollo y seguimiento&nbsp; de las adaptaciones&nbsp;&nbsp;<\/p>\n<p>curriculares&nbsp;<\/p>\n<p>Desarrollo y seguimiento&nbsp; de otras medidas de&nbsp;&nbsp;<\/p>\n<p>atenci\u00f3n a la diversidad.<\/td>\n<td valign=\"top\">alumnado informaci\u00f3n relativa a la programaci\u00f3n del \u00e1rea&nbsp; que imparte, con especial referencia a los objetivos, los&nbsp; m\u00ednimos exigibles y los criterios de evaluaci\u00f3n.&nbsp;<\/p>\n<p>d) Establecer actuaciones para mejorar el clima de&nbsp; convivencia del grupo.&nbsp;<\/p>\n<p>e) Tratar coordinadamente los conflictos que surjan en el&nbsp; seno del grupo, estableciendo medidas para resolverlos y&nbsp; sin perjuicio de las competencias que correspondan a otros&nbsp; \u00f3rganos en materia de prevenci\u00f3n y resoluci\u00f3n de&nbsp; conflictos.&nbsp;<\/p>\n<p>f) Conocer y participar en la elaboraci\u00f3n de la informaci\u00f3n&nbsp; que, en su caso, se proporcione a los padres, madres o&nbsp; representantes legales de cada uno de los alumnos o&nbsp; alumnas del grupo.&nbsp;<\/p>\n<p>g) Proponer y elaborar las adaptaciones curriculares no&nbsp; significativas bajo la coordinaci\u00f3n del profesor o profesora&nbsp; tutor y con el asesoramiento del equipo de orientaci\u00f3n a&nbsp; que se refiere el art\u00edculo 86.&nbsp;<\/p>\n<p>h) Atender a los padres, madres o representantes legales&nbsp; del alumnado del grupo de acuerdo con lo que se&nbsp; establezca&nbsp;<\/p>\n<p>en el plan de orientaci\u00f3n y acci\u00f3n tutorial del centro y en la&nbsp; normativa vigente.&nbsp;<\/p>\n<p>i) Cuantas otras se determinen en el plan de orientaci\u00f3n y acci\u00f3n tutorial del centro.<\/td>\n<\/tr>\n<\/tbody>\n<\/table>\n<p>b. EQUIPOS DE CICLO<\/p>\n<table cellspacing=\"0\" cellpadding=\"0\">\n<tbody>\n<tr>\n<td valign=\"middle\"><b>PERIODICIDAD<\/b><\/td>\n<td valign=\"middle\"><b>ASISTENTES<\/b><\/td>\n<td valign=\"middle\"><b>CONVOCATORIA<\/b><\/td>\n<td valign=\"middle\"><b>CONTENIDOS A&nbsp; TRATAR<\/b><\/td>\n<td valign=\"middle\"><b>COMPETENCIAS<\/b><\/td>\n<\/tr>\n<tr>\n<td valign=\"top\">1 vez al mes<\/td>\n<td valign=\"top\">Los tutores\/as de un mismo ciclo ( el&nbsp; orientador\/a, y otros miembros del EOE + profesor de PT y de AL del centro, asistir\u00e1n a dichas reuniones seg\u00fan su&nbsp; disponibilidad horaria y de acuerdo con&nbsp; un calendario de actuaci\u00f3n,&nbsp;&nbsp;<\/p>\n<p>previamente acordado con la Jefatura&nbsp; de Estudios y recogido en el PAT<\/td>\n<td valign=\"top\">La convocatoria y supervisi\u00f3n&nbsp; ser\u00e1 competencia del Jefe de&nbsp; estudios quien organizar\u00e1 el&nbsp; calendario y contenido de las&nbsp; mismas, en coordinaci\u00f3n con el &nbsp;orientador\/a<\/td>\n<td valign=\"top\">Actividades a&nbsp;&nbsp;<\/p>\n<p>Realizar&nbsp;<\/p>\n<p>Orientaci\u00f3n&nbsp;&nbsp;<\/p>\n<p>Acad\u00e9mica y&nbsp;&nbsp;<\/p>\n<p>profesional en 5\u00ba y&nbsp; 6\u00ba&nbsp;<\/p>\n<p>Atenci\u00f3n a la&nbsp;&nbsp;<\/p>\n<p>diversidad&nbsp;<\/p>\n<p>Programas&nbsp;&nbsp;<\/p>\n<p>Espec\u00edficos&nbsp;<\/p>\n<p>Evoluci\u00f3n de los&nbsp;&nbsp;<\/p>\n<p>grupos&nbsp;<\/p>\n<p>Convivencia y&nbsp;&nbsp;<\/p>\n<p>desarrollo curricular Sesiones de&nbsp;&nbsp;<\/p>\n<p>evaluaci\u00f3n&nbsp;<\/p>\n<p>Tratamiento&nbsp;&nbsp;<\/p>\n<p>individualizado a&nbsp; alumnado y familias Coordinaci\u00f3n de los &nbsp;Equipos Docentes Otras que redunden &nbsp;en la mejora de la&nbsp; atenci\u00f3n educativa&nbsp; al alumnado<\/td>\n<td valign=\"top\">a) Colaborar con el equipo directivo&nbsp; en la elaboraci\u00f3n de los aspectos&nbsp; docentes del proyecto educativo. b) Elaborar las programaciones&nbsp; did\u00e1cticas o, en su caso, las&nbsp;&nbsp;<\/p>\n<p>propuestas pedag\u00f3gicas&nbsp;<\/p>\n<p>correspondientes al mismo, de acuerdo con el proyecto educativo. c) Velar para que en las&nbsp;&nbsp;<\/p>\n<p>programaciones did\u00e1cticas de todas&nbsp; las \u00e1reas se incluyen medidas para&nbsp; estimular el inter\u00e9s y el h\u00e1bito de la&nbsp;&nbsp;<\/p>\n<p>lectura y la mejora de la expresi\u00f3n&nbsp; oral y escrita del alumnado.&nbsp;<\/p>\n<p>d) Realizar el seguimiento del grado&nbsp; de cumplimiento de la programaci\u00f3n&nbsp; did\u00e1ctica y proponer las medidas de&nbsp;&nbsp;<\/p>\n<p>mejora que se deriven del mismo. e) Colaborar en la aplicaci\u00f3n de las&nbsp; medidas de atenci\u00f3n a la diversidad&nbsp; que se desarrollen para el alumnado&nbsp; del ciclo.&nbsp;<\/p>\n<p>f) Promover, organizar y realizar las&nbsp; actividades complementarias y&nbsp; extraescolares, de conformidad con&nbsp; lo establecido en la normativa&nbsp;&nbsp;<\/p>\n<p>vigente.&nbsp;<\/p>\n<p>g) Mantener actualizada la metodolog\u00eda did\u00e1ctica,&nbsp;&nbsp;<\/p>\n<p>especialmente aquella que favorezca &nbsp;el desarrollo de las capacidades en el &nbsp;alumnado de educaci\u00f3n infantil y de&nbsp; las competencias b\u00e1sicas en el&nbsp; alumnado de educaci\u00f3n primaria. h) Evaluar la pr\u00e1ctica docente y los&nbsp; resultados del proceso de&nbsp;&nbsp;<\/p>\n<p>ense\u00f1anza-aprendizaje.&nbsp;<\/p>\n<p>i) Cualesquiera otras que le sean&nbsp; atribuidas en el proyecto educativo&nbsp; del centro o por Orden de la persona&nbsp; titular de la Consejer\u00eda competente&nbsp; en materia de educaci\u00f3n.<\/td>\n<\/tr>\n<\/tbody>\n<\/table>\n<p>c. EQUIPO DE ORIENTACI\u00d3N<\/p>\n<table cellspacing=\"0\" cellpadding=\"0\">\n<tbody>\n<tr>\n<td valign=\"top\">PERIODICIDAD<\/td>\n<td valign=\"top\">ASISTENTES<\/td>\n<td valign=\"top\">CONVOCATORIA<\/td>\n<td valign=\"top\">CONTENIDOS A TRATAR<\/td>\n<td valign=\"top\">COMPETENCIA DEL ORIENTADOR\/A<\/td>\n<\/tr>\n<tr>\n<td valign=\"top\">1 vez al mes<\/td>\n<td valign=\"top\">Orientador, maestros\/as&nbsp; especializados en la&nbsp;&nbsp;<\/p>\n<p>atenci\u00f3n del alumnado con&nbsp; necesidades especificas de &nbsp;apoyo educativo,&nbsp;&nbsp;<\/p>\n<p>maestro\/a PT,A.L,&nbsp;&nbsp;<\/p>\n<p>maestros responsables de&nbsp; atenci\u00f3n a la diversidad.<\/td>\n<td valign=\"top\">Jefatura de&nbsp;&nbsp;<\/p>\n<p>Estudios<\/td>\n<td valign=\"top\">-Canalizaci\u00f3n de las demandas del&nbsp; centro hacia el EOE.&nbsp;<\/p>\n<p>-Organizaci\u00f3n de la atenci\u00f3n a la&nbsp; diversidad del centro.&nbsp;<\/p>\n<p>El equipo de orientaci\u00f3n asesorar\u00e1&nbsp; sobre la elaboraci\u00f3n del plan de&nbsp; orientaci\u00f3n y acci\u00f3n tutorial, colaborar\u00e1&nbsp; con los equipos de ciclo en el desarrollo &nbsp;del mismo, especialmente en la&nbsp; prevenci\u00f3n y detecci\u00f3n temprana de las&nbsp; necesidades espec\u00edficas de apoyo&nbsp; educativo, y asesorar\u00e1 en la elaboraci\u00f3n&nbsp; de las adaptaciones curriculares para el alumnado que las precise.&nbsp;<\/p>\n<p>\u25cb El orientador del EOE visitar\u00e1 el centro &nbsp;semanalmente. Se establecer\u00e1 un&nbsp; horario de coordinaci\u00f3n con la Jefatura&nbsp; de Estudios y con el Coordinador\/a del&nbsp; Equipo de Orientaci\u00f3n del centro. \u25cb Coordinaci\u00f3n y canalizaci\u00f3n de las&nbsp; intervenciones en el centro, de otros&nbsp; profesionales del EOE sobre aspectos&nbsp; como seguimiento y control de&nbsp;&nbsp;<\/p>\n<p>absentismo, la educaci\u00f3n para la salud,&nbsp; la intervenci\u00f3n con familias en situaci\u00f3n&nbsp; compleja y problem\u00e1tica o los&nbsp;&nbsp;<\/p>\n<p>problemas de convivencia.&nbsp;<\/p>\n<p>\u25cb Criterios generales y procedimiento a&nbsp; seguir, para las intervenciones&nbsp;&nbsp;<\/p>\n<p>individualizadas sobre el alumnado, por&nbsp; parte del&nbsp;<\/p>\n<p>EOE.&nbsp;<\/p>\n<p>\u25cb Anualmente el orientador\/a del EOE&nbsp; presentar\u00e1 el plan de actuaci\u00f3n del&nbsp; EOE para el curso correspondiente que&nbsp; se aprobar\u00e1 en Claustro en las fechas&nbsp; que se indiquen.&nbsp;<\/p>\n<p>\u25cb La colaboraci\u00f3n con los servicios&nbsp; sanitarios de la zona ir\u00e1 especialmente&nbsp; dirigida a la puesta en marcha de&nbsp; actuaciones y programas, de educaci\u00f3n&nbsp; para la salud, que promuevan la&nbsp; adquisici\u00f3n de h\u00e1bitos de vida saludable.<\/td>\n<td valign=\"top\">a) Realizar la evaluaci\u00f3n psicopedag\u00f3gica&nbsp; del alumnado, de acuerdo con lo previsto&nbsp; en la normativa vigente.&nbsp;<\/p>\n<p>b) Asesorar al profesorado en el proceso&nbsp; de evaluaci\u00f3n continua del alumnado. c) Asesorar al profesorado en el desarrollo&nbsp; del curr\u00edculo sobre el ajuste del proceso de &nbsp;ense\u00f1anza y aprendizaje a las&nbsp;&nbsp;<\/p>\n<p>necesidades del alumnado.&nbsp;<\/p>\n<p>d) Asesorar a la comunidad educativa en la &nbsp;aplicaci\u00f3n de las medidas relacionadas&nbsp; con la mediaci\u00f3n, resoluci\u00f3n y regulaci\u00f3n de conflictos en el \u00e1mbito escolar.&nbsp;<\/p>\n<p>e) Asesorar al equipo directivo y al profesorado en la aplicaci\u00f3n de las&nbsp; diferentes actuaciones y medidas de&nbsp; atenci\u00f3n a la diversidad, especialmente&nbsp; las orientadas al alumnado que presente&nbsp; necesidades espec\u00edficas de apoyo&nbsp; educativo.&nbsp;<\/p>\n<p>f) Colaborar en el desarrollo del plan de&nbsp; orientaci\u00f3n y acci\u00f3n tutorial, asesorando en &nbsp;sus funciones al profesorado que tenga&nbsp; asignadas las tutor\u00edas, facilit\u00e1ndoles los&nbsp; recursos did\u00e1cticos o educativos&nbsp;&nbsp;<\/p>\n<p>necesarios y, excepcionalmente,&nbsp;&nbsp;<\/p>\n<p>interviniendo directamente con el&nbsp;&nbsp;<\/p>\n<p>alumnado, ya sea en grupos o de forma&nbsp; individual, todo ello de acuerdo con lo que&nbsp; se recoja en dicho plan.&nbsp;<\/p>\n<p>g) Asesorar a las familias o a los&nbsp;&nbsp;<\/p>\n<p>representantes legales del alumnado en&nbsp; los aspectos que afecten a la orientaci\u00f3n&nbsp; psicopedag\u00f3gica del mismo.&nbsp;<\/p>\n<p>h) Cualesquiera otras que le sean&nbsp;&nbsp;<\/p>\n<p>atribuidas en el proyecto educativo o por&nbsp; Orden de la persona titular de la&nbsp;&nbsp;<\/p>\n<p>Consejer\u00eda competente en materia de&nbsp; educaci\u00f3n.<\/td>\n<\/tr>\n<\/tbody>\n<\/table>\n<p>d. EQUIPO T\u00c9CNICO DE COORDINACI\u00d3N PEDAG\u00d3GICA<\/p>\n<table cellspacing=\"0\" cellpadding=\"0\">\n<tbody>\n<tr>\n<td valign=\"middle\"><b>PERIODICIDAD<\/b><\/td>\n<td valign=\"middle\"><b>ASISTENTES<\/b><\/td>\n<td valign=\"middle\"><b>CONVOCATORIA<\/b><\/td>\n<td valign=\"middle\"><b>COMPETENCIA<\/b><\/td>\n<\/tr>\n<tr>\n<td valign=\"top\">1 vez al mes<\/td>\n<td valign=\"top\">Director\/a, jefe\/a de estudios, los&nbsp;&nbsp;<\/p>\n<p>coordinadores\/as de ciclo, y en su caso, coordinador\/a del equipo de orientaci\u00f3n, orientador\/a.&nbsp;<\/p>\n<p>-Coordinador\/a biling\u00fce&nbsp;&nbsp;<\/p>\n<p>-Coordinador\/a del Equipo de Orientaci\u00f3n<\/td>\n<td valign=\"top\">Jefatura de&nbsp;&nbsp;<\/p>\n<p>Estudios<\/td>\n<td valign=\"top\">a) Establecer las directrices generales para la elaboraci\u00f3n de los&nbsp; aspectos educativos del Plan de Centro y sus modificaciones. b) Fijar las l\u00edneas generales de actuaci\u00f3n pedag\u00f3gica del proyecto&nbsp; educativo.&nbsp;<\/p>\n<p>c) Asesorar al equipo directivo en la elaboraci\u00f3n del Plan de Centro d) Establecer las directrices generales para la elaboraci\u00f3n y revisi\u00f3n&nbsp; de las programaciones did\u00e1cticas.&nbsp;<\/p>\n<p>e) Asesorar a los equipos de ciclo y al Claustro de Profesorado sobre&nbsp; el aprendizaje y la evaluaci\u00f3n en competencias y velar porque las&nbsp; programaciones de las \u00e1reas contribuyan al desarrollo de las&nbsp; competencias b\u00e1sicas.&nbsp;<\/p>\n<p>f) Elaborar la propuesta de criterios y procedimientos previstos para&nbsp; realizar las medidas y programas de atenci\u00f3n a la diversidad del&nbsp; alumnado.&nbsp;<\/p>\n<p>g) Establecer criterios y procedimientos de funcionamiento del aula de &nbsp;convivencia.&nbsp;<\/p>\n<p>h) Velar por el cumplimiento y posterior evaluaci\u00f3n de los aspectos&nbsp; educativos del Plan de Centro.&nbsp;<\/p>\n<p>i) Realizar el diagn\u00f3stico de las necesidades formativas del&nbsp; profesorado como consecuencia de los resultados de la&nbsp; autoevaluaci\u00f3n o de las evaluaciones internas o externas que se&nbsp; realicen&nbsp;<\/p>\n<p>j) Proponer al equipo directivo las actividades formativas que&nbsp; constituir\u00e1n, cada curso escolar, el plan de formaci\u00f3n del profesorado,&nbsp; para su inclusi\u00f3n en el proyecto educativo&nbsp;<\/p>\n<p>k) Elaborar, en colaboraci\u00f3n con el correspondiente centro del&nbsp; profesorado, los proyectos de formaci\u00f3n en centros.&nbsp;<\/p>\n<p>l) Coordinar la realizaci\u00f3n de las actividades de perfeccionamiento del profesorado.&nbsp;<\/p>\n<p>m) Colaborar con el centro del profesorado que corresponda en&nbsp; cualquier otro aspecto relativo a la oferta de actividades formativas e&nbsp; informar al Claustro de Profesorado de las mismas.&nbsp;<\/p>\n<p>n) Investigar sobre el uso de las buenas pr\u00e1cticas docentes existentes &nbsp;y trasladarlas a los equipos de ciclo y de orientaci\u00f3n para su&nbsp; conocimiento y aplicaci\u00f3n.&nbsp;<\/p>\n<p>\u00f1) Informar a los maestros y maestras sobre l\u00edneas de investigaci\u00f3n&nbsp; did\u00e1ctica innovadoras que se est\u00e9n llevando a cabo con respecto al&nbsp; curr\u00edculo.&nbsp;<\/p>\n<p>o) Establecer indicadores de calidad que permitan valorar la eficacia&nbsp; de las actividades desarrolladas por el centro y realizar su&nbsp; seguimiento.&nbsp;<\/p>\n<p>p) Elevar al Claustro de Profesorado el plan para evaluar los aspectos &nbsp;educativos del Plan de Centro, la evoluci\u00f3n del aprendizaje y el&nbsp; proceso de ense\u00f1anza.&nbsp;<\/p>\n<p>q) Colaborar con la Agencia Andaluza de Evaluaci\u00f3n Educativa en la&nbsp; aplicaci\u00f3n y el seguimiento de las pruebas de evaluaci\u00f3n de&nbsp; diagn\u00f3stico y con aquellas otras actuaciones relacionadas con la&nbsp; evaluaci\u00f3n que se lleven a cabo en el centro.&nbsp;<\/p>\n<p>r) Proponer, al equipo directivo y al Claustro de Profesorado, planes&nbsp; de mejora como resultado de las evaluaciones llevadas a cabo en el&nbsp; centro.&nbsp;<\/p>\n<p>Coordinaci\u00f3n con los Centros de Profesorado para la detecci\u00f3n&nbsp; de necesidades formativas en materia de orientaci\u00f3n y acci\u00f3n tutorial.&nbsp; El&nbsp;<\/p>\n<p>Equipo T\u00e9cnico de Coordinaci\u00f3n Pedag\u00f3gica con el asesoramiento&nbsp; del Orientador\/a tiene la responsabilidad de canalizar dichas&nbsp; necesidades, trasmiti\u00e9ndolas al Centro de Profesorado.<\/td>\n<\/tr>\n<\/tbody>\n<\/table>\n<p>e. TUTOR\u00cdAS<\/p>\n<table cellspacing=\"0\" cellpadding=\"0\">\n<tbody>\n<tr>\n<td valign=\"middle\"><b>PERIODICIDAD<\/b><\/td>\n<td valign=\"middle\"><b>FUNCIONES DE LA TUTOR\u00cdA<\/b><\/td>\n<\/tr>\n<tr>\n<td valign=\"top\">Ser\u00e1 nombrado por la direcci\u00f3n del centro a propuesta de &nbsp;la jefatura del centro anualmente.&nbsp;<\/p>\n<p>Permanecer\u00e1n en el mismo ciclo hasta su finalizaci\u00f3n.&nbsp;<\/p>\n<p>La tutor\u00eda del alumnado con necesidades educativas&nbsp; especiales ser\u00e1 ejercida en las aulas espec\u00edficas de&nbsp; educaci\u00f3n especial por el profesorado especializado para &nbsp;la atenci\u00f3n de este alumnado. En el caso del alumnado con necesidades educativas especiales escolarizado en&nbsp; un grupo ordinario, la tutor\u00eda ser\u00e1 ejercida de manera&nbsp; compartida&nbsp;entre el maestro o maestra que ejerza la tutor\u00eda del&nbsp; grupo donde est\u00e9 integrado y el profesorado especialista.<\/td>\n<td valign=\"top\">a) Desarrollar las actividades previstas en el plan de orientaci\u00f3n y acci\u00f3n tutorial. b) Conocer las aptitudes e intereses de cada alumno o alumna, con objeto de orientarle en su&nbsp; proceso de aprendizaje y en la toma de decisiones personales y acad\u00e9micas. c) Coordinar la intervenci\u00f3n educativa de todos los maestros y maestras que componen el&nbsp; equipo docente del grupo de alumnos y alumnas a su cargo.&nbsp;<\/p>\n<p>d) Coordinar las adaptaciones curriculares no significativas propuestas y elaboradas por el&nbsp; equipo docente.&nbsp;<\/p>\n<p>e) Garantizar la coordinaci\u00f3n de las actividades de ense\u00f1anza y aprendizaje que se propongan&nbsp; al alumnado a su cargo.&nbsp;<\/p>\n<p>f) Organizar y presidir las reuniones del equipo docente y las sesiones de evaluaci\u00f3n de su&nbsp; grupo de alumnos y alumnas.&nbsp;<\/p>\n<p>g) Coordinar el proceso de evaluaci\u00f3n continua del alumnado y adoptar, junto con el equipo&nbsp; docente, las decisiones que procedan acerca de la evaluaci\u00f3n y promoci\u00f3n del alumnado, de&nbsp; conformidad con la normativa que resulte de aplicaci\u00f3n.&nbsp;<\/p>\n<p>h) Cumplimentar la documentaci\u00f3n personal y acad\u00e9mica del alumnado a su cargo. i) Recoger la opini\u00f3n del alumnado a su cargo sobre el proceso de ense\u00f1anza y aprendizaje&nbsp; desarrollado en las distintas \u00e1reas que conforman el curr\u00edculo.&nbsp;<\/p>\n<p>j) Informar al alumnado sobre el desarrollo de su aprendizaje, as\u00ed como a sus padres, madres o &nbsp;representantes legales.&nbsp;<\/p>\n<p>k) Facilitar la cooperaci\u00f3n educativa entre el profesorado del equipo docente y los padres y&nbsp; madres o representantes legales del alumnado. Dicha cooperaci\u00f3n incluir\u00e1 la atenci\u00f3n a la&nbsp; tutor\u00eda electr\u00f3nica a trav\u00e9s de la cual los padres, madres o representantes legales del alumnado &nbsp;menor de edad podr\u00e1n intercambiar informaci\u00f3n relativa a la evoluci\u00f3n escolar de sus hijos e&nbsp; hijas con el profesorado que tenga asignada la tutor\u00eda de los mismos de conformidad con lo que &nbsp;a tales efectos se establezca por Orden de la persona titular de la Consejer\u00eda competente en&nbsp; materia de educaci\u00f3n.&nbsp;<\/p>\n<p>l) Mantener una relaci\u00f3n permanente con los padres, madres o representantes legales del&nbsp; alumnado, a fin de facilitar el ejercicio de los derechos reconocidos en el art\u00edculo 10. A tales efectos, el horario dedicado a las entrevistas con los padres, madres o representantes legales del alumnado se fijar\u00e1 de forma que se posibilite la asistencia de los mismos y, en todo caso,&nbsp; en sesi\u00f3n de tarde.&nbsp;<\/p>\n<p>m) Facilitar la integraci\u00f3n de los alumnos y alumnas en el grupo y fomentar su participaci\u00f3n en&nbsp; las actividades del centro.&nbsp;<\/p>\n<p>n) Colaborar, en la forma que se determine en el reglamento de organizaci\u00f3n y funcionamiento,&nbsp; en la gesti\u00f3n del programa de gratuidad de libros de texto.&nbsp;<\/p>\n<p>\u00f1) Cualesquiera otras que le sean atribuidas en el plan de orientaci\u00f3n y acci\u00f3n tutorial del&nbsp; centro o por Orden de la persona titular de la Consejer\u00eda competente en materia de educaci\u00f3n.<\/td>\n<\/tr>\n<\/tbody>\n<\/table>\n<p><b>8.2.- \u00d3rganos Colegiados<\/b>&nbsp;<\/p>\n<p>Consejo Escolar<\/p>\n<table cellspacing=\"0\" cellpadding=\"0\">\n<tbody>\n<tr>\n<td valign=\"middle\"><b>ASISTENTES<\/b><\/td>\n<td valign=\"middle\"><b>CONVOCATORIA<\/b><\/td>\n<td valign=\"middle\"><b>COMPETENCIAS<\/b><\/td>\n<\/tr>\n<tr>\n<td valign=\"top\"><b>1<\/b>. El Consejo Escolar de los&nbsp; centros que tengan 18 o m\u00e1s unidades <b>estar\u00e1 compuesto&nbsp;&nbsp;<\/b><\/p>\n<p><b>por los siguientes miembros: <\/b>a) El director o la directora del&nbsp; centro, que ejercer\u00e1 la&nbsp;&nbsp;<\/p>\n<p>presidencia.&nbsp;<\/p>\n<p>b) El jefe o la jefa de estudios. c) Ocho maestros o maestras. d) Nueve padres, madres o&nbsp; representantes legales del&nbsp; alumnado, de los que uno ser\u00e1&nbsp; designado, en su caso, por la&nbsp; asociaci\u00f3n de padres y madres&nbsp; del alumnado con mayor n\u00famero &nbsp;de personas asociadas.&nbsp;<\/p>\n<p>e) Una persona representante del personal de administraci\u00f3n y&nbsp; servicios.&nbsp;<\/p>\n<p>f) Una concejal\u00eda o persona&nbsp; representante del Ayuntamiento&nbsp; del municipio en cuyo t\u00e9rmino se &nbsp;halle radicado el centro.&nbsp;<\/p>\n<p>g) El secretario o la secretaria&nbsp; del centro, que ejercer\u00e1 la&nbsp;&nbsp;<\/p>\n<p>secretar\u00eda del Consejo Escolar,&nbsp; con voz y sin voto.&nbsp;<\/p>\n<p><b>&#8211; <\/b>El Consejo Escolar de los&nbsp; centros de 9 o m\u00e1s unidades y&nbsp; menos de 18 <b>estar\u00e1 compuesto <\/b><b>&nbsp;<\/b><b>por los siguientes miembros: <\/b>a) El director o la directora del&nbsp; centro, que ejercer\u00e1 la&nbsp;&nbsp;<\/p>\n<p>presidencia.&nbsp;<\/p>\n<p>b) El jefe o la jefa de estudios. c) Cinco maestros o maestras. d) Seis padres, madres o&nbsp;representantes legales del&nbsp; alumnado, de los que uno ser\u00e1&nbsp; designado, en su caso, por la&nbsp; asociaci\u00f3n de padres y madres&nbsp; del alumnado con mayor n\u00famero &nbsp;de personas asociadas.&nbsp;<\/p>\n<p>e) Una persona representante&nbsp; del personal de administraci\u00f3n y&nbsp; servicios.&nbsp;<\/p>\n<p>f) Una concejal\u00eda o persona&nbsp; representante del Ayuntamiento&nbsp; del municipio en cuyo t\u00e9rmino se halle radicado el centro.&nbsp;<\/p>\n<p>g) El secretario o la secretaria&nbsp; del centro, que ejercer\u00e1 la&nbsp;secretar\u00eda del Consejo Escolar,&nbsp; con voz y sin voto.<\/td>\n<td valign=\"top\">El Consejo Escolar ser\u00e1 convocado por orden de&nbsp; la presidencia, adoptado por propia iniciativa o a&nbsp; solicitud de, al menos, un tercio de sus miembros.&nbsp;<\/p>\n<p>Para la celebraci\u00f3n de las reuniones ordinarias, el &nbsp;secretario o secretaria del Consejo Escolar, por&nbsp; orden de la&nbsp;presidencia, convocar\u00e1 con el correspondiente&nbsp; orden del d\u00eda a los miembros del mismo, con una&nbsp; antelaci\u00f3n m\u00ednima de una semana, y pondr\u00e1 a su&nbsp; disposici\u00f3n la correspondiente informaci\u00f3n sobre&nbsp; los temas a tratar en la reuni\u00f3n. Podr\u00e1n&nbsp; realizarse, adem\u00e1s, convocatorias extraordinarias&nbsp; con una antelaci\u00f3n m\u00ednima de cuarenta y ocho&nbsp; horas, cuando la naturaleza de los asuntos que&nbsp; hayan de tratarse as\u00ed lo aconseje.&nbsp;<\/p>\n<p>-La elecci\u00f3n de todos los representantes de los&nbsp; distintos sectores de la comunidad educativa en el Consejo Escolar se realizar\u00e1 por dos a\u00f1os.<\/td>\n<td valign=\"top\">a) Aprobar y evaluar el Plan de Centro, sin&nbsp; perjuicio de las&nbsp;<\/p>\n<p>competencias del Claustro de Profesorado que&nbsp; se establecen&nbsp;<\/p>\n<p>en el art\u00edculo 66.b) y c) en relaci\u00f3n con la&nbsp; planificaci\u00f3n y la organizaci\u00f3n docente.&nbsp;<\/p>\n<p>b) Aprobar el proyecto de presupuesto del centro&nbsp; y la justificaci\u00f3n de la cuenta de gesti\u00f3n. c) Conocer las candidaturas a la direcci\u00f3n y los&nbsp; proyectos de direcci\u00f3n presentados por las&nbsp; personas candidatas.&nbsp;<\/p>\n<p>d) Participar en la selecci\u00f3n del director o&nbsp; directora del centro en los t\u00e9rminos que establece &nbsp;la Ley Org\u00e1nica 2\/2006, de 3 de mayo. Ser&nbsp; informado del nombramiento y cese de los dem\u00e1s &nbsp;miembros del equipo directivo.&nbsp;<\/p>\n<p>En su caso, previo acuerdo de sus miembros, adoptado por mayor\u00eda de dos tercios, proponer la&nbsp; revocaci\u00f3n del nombramiento del director o&nbsp; directora.&nbsp;<\/p>\n<p>e) Decidir sobre la admisi\u00f3n del alumnado con&nbsp; sujeci\u00f3n a lo establecido en la Ley Org\u00e1nica&nbsp; 2\/2006, de 3 de mayo, y disposiciones que la&nbsp; desarrollen.&nbsp;<\/p>\n<p>f) Realizar el seguimiento de los compromisos&nbsp; educativos y de convivencia suscritos en el&nbsp; centro, para garantizar su efectividad y proponer&nbsp; la adopci\u00f3n de medidas e iniciativas en caso de&nbsp; incumplimiento.&nbsp;<\/p>\n<p>g) Conocer la resoluci\u00f3n de conflictos&nbsp;&nbsp;<\/p>\n<p>disciplinarios y velar porque se atengan al&nbsp; presente Reglamento y dem\u00e1s normativa de&nbsp; aplicaci\u00f3n. Cuando las medidas disciplinarias&nbsp; adoptadas por el director o directora&nbsp;&nbsp;<\/p>\n<p>correspondan a conductas del alumno o alumna&nbsp; que perjudiquen gravemente la convivencia del&nbsp; centro, el Consejo Escolar, a instancia de padres, &nbsp;madres o representantes legales del alumnado,&nbsp; podr\u00e1 revisar la decisi\u00f3n adoptada y proponer, en &nbsp;su caso, las medidas oportunas.&nbsp;<\/p>\n<p>h) Proponer medidas e iniciativas que favorezcan&nbsp; la convivencia en el centro, la igualdad entre&nbsp; hombres y mujeres y la resoluci\u00f3n pac\u00edfica de&nbsp; conflictos en todos los \u00e1mbitos de la vida&nbsp; personal, familiar y social.&nbsp;<\/p>\n<p>i) Reprobar a las personas que causen da\u00f1os,&nbsp; injurias u ofensas al profesorado. En todo caso,&nbsp; la resoluci\u00f3n de reprobaci\u00f3n se emitir\u00e1 tras la&nbsp; instrucci\u00f3n de un expediente, previa audiencia al interesado.&nbsp;<\/p>\n<p>j) Promover la conservaci\u00f3n y renovaci\u00f3n de las&nbsp; instalaciones y equipo escolar y aprobar la&nbsp; obtenci\u00f3n de recursos complementarios de&nbsp; acuerdo con lo establecido en el art\u00edculo 25. k) Fijar las directrices para la colaboraci\u00f3n, con&nbsp; fines educativos y culturales, con las&nbsp;&nbsp;<\/p>\n<p>Administraciones locales, con otros centros,&nbsp; entidades y organismos.&nbsp;<\/p>\n<p>l) Analizar y valorar el funcionamiento general del&nbsp; centro, la evoluci\u00f3n del rendimiento escolar y los&nbsp; resultados de las evaluaciones internas y&nbsp; externas en las que participe el centro.&nbsp;<\/p>\n<p>m) Elaborar propuestas e informes, a iniciativa&nbsp; propia o a petici\u00f3n de la Administraci\u00f3n&nbsp; competente, sobre el funcionamiento del centro y&nbsp; la mejora de la calidad de la gesti\u00f3n, as\u00ed como&nbsp; sobre aquellos otros aspectos relacionados con&nbsp; la calidad de la misma.&nbsp;<\/p>\n<p>n) Cualesquiera otras que le sean atribuidas por&nbsp; la Consejer\u00eda competente en materia de&nbsp; educaci\u00f3n.&nbsp;<\/p>\n<p>Cap IV boja 139 (16 de julio 2010) pag 46<\/td>\n<\/tr>\n<\/tbody>\n<\/table>\n<p>Claustro<\/p>\n<table cellspacing=\"0\" cellpadding=\"0\">\n<tbody>\n<tr>\n<td valign=\"middle\"><b>CONV OCATORIA<\/b><\/td>\n<td valign=\"middle\"><b>ASISTENTES<\/b><\/td>\n<td valign=\"middle\"><b>COMPETENCIA<\/b><\/td>\n<\/tr>\n<tr>\n<td valign=\"top\">-En las reuniones ordinarias, el secretario o secretaria del&nbsp; Claustro de Profesorado, por orden del director o&nbsp; directora, convocar\u00e1 con el correspondiente orden del d\u00eda&nbsp; a los miembros del mismo, con una antelaci\u00f3n m\u00ednima de&nbsp; cuatro d\u00edas y pondr\u00e1 a su disposici\u00f3n la correspondiente informaci\u00f3n sobre los temas incluidos en \u00e9l. Podr\u00e1n&nbsp; realizarse, adem\u00e1s, convocatorias extraordinarias con una&nbsp; antelaci\u00f3n m\u00ednima de cuarenta y ocho horas, cuando la&nbsp; naturaleza de los asuntos que hayan de tratarse as\u00ed lo&nbsp; aconseje.&nbsp;<\/p>\n<p>-El Claustro de Profesorado ser\u00e1 convocado por acuerdo&nbsp; del director o directora, adoptado por propia iniciativa o a&nbsp; solicitud de, al menos, un tercio de sus miembros. La&nbsp; asistencia a las sesiones del Claustro de Profesorado ser\u00e1 &nbsp;obligatoria para todos sus miembros, consider\u00e1ndose la&nbsp; falta injustificada a los mismos como un incumplimiento&nbsp; del horario laboral.<\/td>\n<td valign=\"top\">El Claustro de Profesorado ser\u00e1&nbsp; presidido por el director o directora&nbsp; del centro y estar\u00e1 integrado por la&nbsp; totalidad de los maestros y&nbsp;&nbsp;<\/p>\n<p>maestras que presten servicios en el mismo.&nbsp;<\/p>\n<p>2. Ejercer\u00e1 la secretar\u00eda del&nbsp;&nbsp;<\/p>\n<p>Claustro de Profesorado el&nbsp;&nbsp;<\/p>\n<p>secretario o secretaria del centro. 3. Los maestros y maestras que&nbsp; prestan servicios en m\u00e1s de un&nbsp; centro docente se integrar\u00e1n en el&nbsp; Claustro de Profesorado del centro&nbsp; donde impartan m\u00e1s horas de&nbsp; docencia.<\/td>\n<td valign=\"top\">a) Formular al equipo directivo y al&nbsp; Consejo Escolar propuestas para la&nbsp; elaboraci\u00f3n del Plan de Centro. b) Aprobar y evaluar los aspectos&nbsp; educativos del Plan de Centro, a que se refiere el art\u00edculo&nbsp; 20.3.&nbsp;<\/p>\n<p>c) Aprobar las programaciones&nbsp; did\u00e1cticas y las propuestas&nbsp;&nbsp;<\/p>\n<p>pedag\u00f3gicas.&nbsp;<\/p>\n<p>d) Fijar criterios referentes a la&nbsp; orientaci\u00f3n y tutor\u00eda del&nbsp;&nbsp;<\/p>\n<p>alumnado.&nbsp;<\/p>\n<p>e) Promover iniciativas en el \u00e1mbito&nbsp; de la experimentaci\u00f3n,&nbsp;<\/p>\n<p>de la innovaci\u00f3n y de la investigaci\u00f3n&nbsp; pedag\u00f3gica y en la&nbsp;<\/p>\n<p>formaci\u00f3n del profesorado del centro. f) Elegir sus representantes en el&nbsp; Consejo Escolar del centro&nbsp;<\/p>\n<p>y participar en la selecci\u00f3n del director &nbsp;o directora en los t\u00e9rminos&nbsp;&nbsp;<\/p>\n<p>establecidos en la Ley Org\u00e1nica&nbsp; 2\/2006, de 3 de mayo, y dem\u00e1s&nbsp; normativa de aplicaci\u00f3n.&nbsp;<\/p>\n<p>g) Conocer las candidaturas a la&nbsp; direcci\u00f3n y los proyectos de direcci\u00f3n&nbsp; presentados por las personas&nbsp;&nbsp;<\/p>\n<p>candidatas.&nbsp;<\/p>\n<p>h) Analizar y valorar el funcionamiento &nbsp;general del centro, la evoluci\u00f3n del&nbsp; rendimiento escolar y los resultados&nbsp; de las evaluaciones internas y&nbsp;&nbsp;<\/p>\n<p>externas en las que participe el centro. i) Informar el reglamento de&nbsp;&nbsp;<\/p>\n<p>organizaci\u00f3n y funcionamiento del&nbsp; centro.<\/p>\n<p>j) Informar la memoria de&nbsp;&nbsp;<\/p>\n<p>autoevaluaci\u00f3n a que se refiere el&nbsp; art\u00edculo 26.&nbsp;<\/p>\n<p>k) Conocer la resoluci\u00f3n de conflictos&nbsp; disciplinarios y la imposici\u00f3n de&nbsp; sanciones y velar para que estas se&nbsp; atengan a la normativa vigente&nbsp;<\/p>\n<p>m) Cualesquiera otras que le sean&nbsp; atribuidas por el reglamento&nbsp;<\/p>\n<p>de organizaci\u00f3n y funcionamiento del&nbsp; centro o por Orden de la persona&nbsp; titular de la Consejer\u00eda competente en&nbsp; materia de educaci\u00f3n.&nbsp;<\/p>\n<p>l) Proponer medidas e iniciativas que&nbsp; favorezcan la convivencia en el&nbsp; centro.<\/td>\n<\/tr>\n<\/tbody>\n<\/table>\n<p>&nbsp;<\/p>\n<p>8.3.- Equipos Directivos&nbsp;<\/p>\n<p>&nbsp;a) direcci\u00f3n&nbsp;<\/p>\n<p>&nbsp;b) jefatura de Estudios&nbsp;<\/p>\n<p>&nbsp;c) secretar\u00eda&nbsp;<\/p>\n<p>&nbsp;d) equipos directivos zona Educativa<\/p>\n<table cellspacing=\"0\" cellpadding=\"0\">\n<tbody>\n<tr>\n<td valign=\"top\">PERIODICIDAD<\/td>\n<td valign=\"top\">ASISTENTES<\/td>\n<td valign=\"top\">CONVOCATORIA<\/td>\n<td valign=\"top\">COMPETENCIA<\/td>\n<\/tr>\n<tr>\n<td valign=\"top\">1 o 2 veces por&nbsp; semana<\/td>\n<td valign=\"top\">Direcci\u00f3n, secretar\u00eda&nbsp; y jefatura de&nbsp;estudios.<\/td>\n<td valign=\"top\">El director<\/td>\n<td valign=\"top\">a) Velar por el buen funcionamiento del centro.&nbsp;<\/p>\n<p>b) Establecer el horario que corresponde a cada \u00e1rea y, en general, el de cualquier otra&nbsp; actividad docente y no docente.&nbsp;<\/p>\n<p>c) Adoptar las medidas necesarias para la ejecuci\u00f3n coordinada de los acuerdos&nbsp; adoptados por el Consejo Escolar y el Claustro de Profesorado, as\u00ed como velar por el&nbsp; cumplimiento de las decisiones de los \u00f3rganos de coordinaci\u00f3n docente, en el \u00e1mbito de&nbsp; sus respectivas competencias.&nbsp;<\/p>\n<p>d) Elaborar el Plan de Centro y la memoria de autoevaluaci\u00f3n, de conformidad con lo establecido en los art\u00edculos 20.2 y 3 y 26.5.&nbsp;<\/p>\n<p>e) Impulsar la actuaci\u00f3n coordinada del centro con el resto de centros docentes de su&nbsp; zona educativa, especialmente con el instituto de educaci\u00f3n secundaria al que est\u00e9&nbsp; adscrito.&nbsp;<\/p>\n<p>f) Favorecer la participaci\u00f3n del centro en redes de centros que promuevan planes y&nbsp; proyectos educativos para la mejora permanente de la ense\u00f1anza.&nbsp;<\/p>\n<p>g) Colaborar con la Consejer\u00eda competente en materia de educaci\u00f3n en aquellos \u00f3rganos&nbsp; de participaci\u00f3n que, a tales efectos, se establezcan.&nbsp;<\/p>\n<p>h) Cumplimentar la documentaci\u00f3n solicitada por los \u00f3rganos y entidades dependientes&nbsp; de la Consejer\u00eda competente en materia de educaci\u00f3n.&nbsp;<\/p>\n<p>i) Cualesquiera otras que le sean atribuidas por Orden de la persona titular de la&nbsp; Consejer\u00eda competente en materia de educaci\u00f3n.<\/td>\n<\/tr>\n<\/tbody>\n<\/table>\n<table cellspacing=\"0\" cellpadding=\"0\">\n<tbody>\n<tr>\n<td colspan=\"4\" valign=\"top\">a) COMPETENCIAS DE LA DIRECCI\u00d3N<\/td>\n<\/tr>\n<tr>\n<td colspan=\"4\" valign=\"top\">a) Ostentar la representaci\u00f3n del centro, representar a la administraci\u00f3n educativa en el mismo y hacerle llegar a esta los planteamientos, aspiraciones y&nbsp; necesidades de la comunidad educativa.&nbsp;<\/p>\n<p>b) Dirigir y coordinar todas las actividades del centro, sin perjuicio de las competencias atribuidas al Claustro de Profesorado y al Consejo Escolar. c) Ejercer la direcci\u00f3n pedag\u00f3gica, facilitar un clima de colaboraci\u00f3n entre el profesorado, designar el profesorado responsable de la aplicaci\u00f3n de las&nbsp; medidas de atenci\u00f3n a la diversidad, promover la innovaci\u00f3n educativa e impulsar y realizar el seguimiento de los planes para la consecuci\u00f3n de los&nbsp; objetivos del proyecto educativo del centro.&nbsp;<\/p>\n<p>d) Garantizar el cumplimiento de las leyes y dem\u00e1s disposiciones vigentes.&nbsp;<\/p>\n<p>e) Ejercer la jefatura de todo el personal adscrito al centro.&nbsp;<\/p>\n<p>f) Ejercer la potestad disciplinaria de acuerdo con lo establecido en el art\u00edculo 71.&nbsp;<\/p>\n<p>g) Favorecer la convivencia en el centro, garantizar la mediaci\u00f3n en la resoluci\u00f3n de los conflictos e imponer las medidas disciplinarias que correspondan al&nbsp; alumnado, en cumplimiento de la normativa vigente y del proyecto educativo del centro, sin perjuicio de las competencias atribuidas al Consejo Escolar. h) Impulsar la colaboraci\u00f3n con las familias, con instituciones y con organismos que faciliten la relaci\u00f3n del centro con el entorno y fomentar un clima escolar&nbsp; que favorezca el estudio y el desarrollo de cuantas actuaciones propicien una formaci\u00f3n integral del alumnado en conocimientos y valores. i) Impulsar las evaluaciones internas del centro y colaborar en las evaluaciones externas y en la evaluaci\u00f3n del profesorado j) Convocar y presidir los actos acad\u00e9micos y las reuniones del Consejo Escolar y del Claustro de Profesorado y ejecutar los acuerdos adoptados en el&nbsp; \u00e1mbito de sus competencias.&nbsp;<\/p>\n<p>k) Realizar las contrataciones de obras, servicios y suministros, as\u00ed como autorizar los gastos de acuerdo con el presupuesto del centro y ordenar los pagos,&nbsp; todo ello de conformidad con lo que establezca la Consejer\u00eda competente en materia de educaci\u00f3n.&nbsp;<\/p>\n<p>l) Visar las certificaciones y documentos oficiales del centro, as\u00ed como de los centros privados que, en su caso, se adscriban a \u00e9l, de acuerdo con lo que establezca la Consejer\u00eda competente en materia de educaci\u00f3n.&nbsp;<\/p>\n<p>m) Proponer requisitos de especializaci\u00f3n y capacitaci\u00f3n profesional respecto de determinados puestos de trabajo docentes del centro, de acuerdo con lo&nbsp; que a tales efectos se determine por Orden de la persona titular de la Consejer\u00eda competente en materia de educaci\u00f3n.&nbsp;<\/p>\n<p>n) Proponer a la persona titular de la Delegaci\u00f3n Provincial de la Consejer\u00eda competente en materia de educaci\u00f3n el nombramiento y cese de los miembros&nbsp; del equipo directivo, previa informaci\u00f3n al Claustro de Profesorado y al Consejo Escolar.&nbsp;<\/p>\n<p>\u00f1) Establecer el horario de dedicaci\u00f3n de los miembros del equipo directivo a la realizaci\u00f3n de sus funciones, de conformidad con el n\u00famero total de horas&nbsp; que, a tales efectos, se determine por Orden de la persona titular de la Consejer\u00eda competente en materia de educaci\u00f3n. o) Proponer a la persona titular de la Delegaci\u00f3n Provincial de la Consejer\u00eda competente en materia de educaci\u00f3n el nombramiento y cese de las personas&nbsp; coordinadoras de ciclo, o\u00eddo el Claustro de Profesorado.&nbsp;<\/p>\n<p>p) Nombrar y cesar a los tutores y tutoras de grupo, a propuesta de la jefatura de estudios.&nbsp;<\/p>\n<p>q) Decidir en lo que se refiere a las sustituciones del profesorado que se pudieran producir, por enfermedad, ausenciau otra causa de acuerdo con lo que a&nbsp; tales efectos se determine por Orden de la persona titular de la Consejer\u00eda competente en materia de educaci\u00f3n y respetando, en todo caso, los criterios&nbsp; establecidos normativamente para la provisi\u00f3n de puestos de trabajo docentes.&nbsp;<\/p>\n<p>r) Cualesquiera otras que le sean atribuidas por Orden de la persona titular de la Consejer\u00eda competente en materia de educaci\u00f3n.<\/td>\n<\/tr>\n<\/tbody>\n<\/table>\n<p>&nbsp;<\/p>\n<p>&nbsp;<\/p>\n<p>b) COMPETENCIA DE LA JEFATURA DE ESTUDIOS<\/p>\n<p>a) Ejercer, por delegaci\u00f3n de la direcci\u00f3n y bajo su autoridad, la jefatura del personal docente en todo lo relativo al r\u00e9gimen acad\u00e9mico y controlar la&nbsp; asistencia al trabajo del mismo.&nbsp;<\/p>\n<p>b) Sustituir al director o directora en caso de vacante, ausencia o enfermedad.&nbsp;<\/p>\n<p>c) Ejercer, por delegaci\u00f3n de la direcci\u00f3n, la presidencia de las sesiones del equipo t\u00e9cnico de coordinaci\u00f3n pedag\u00f3gica. d) Proponer a la direcci\u00f3n del centro el nombramiento y cese de los tutores y tutoras de grupo.&nbsp;<\/p>\n<p>e) Coordinar las actividades de car\u00e1cter acad\u00e9mico y de orientaci\u00f3n, incluidas las derivadas de la coordinaci\u00f3n con los institutos de educaci\u00f3n secundaria a&nbsp; los que se encuentre adscrito el centro.&nbsp;<\/p>\n<p>f) Elaborar, en colaboraci\u00f3n con los restantes miembros del equipo directivo, el horario general del centro, as\u00ed como el horario lectivo del alumnado y el&nbsp; individual de cada maestro y maestra, de acuerdo con los criterios incluidos en el proyecto educativo, as\u00ed como velar por su estricto cumplimiento. g) Elaborar el plan de reuniones de los \u00f3rganos de coordinaci\u00f3n docente.&nbsp;<\/p>\n<p>h) Elaborar la planificaci\u00f3n general de las sesiones de evaluaci\u00f3n.&nbsp;<\/p>\n<p>i) Coordinar las actividades de los coordinadores de ciclo.&nbsp;<\/p>\n<p>j) Garantizar el cumplimiento de las programaciones did\u00e1cticas.&nbsp;<\/p>\n<p>k) Organizar los actos acad\u00e9micos.&nbsp;<\/p>\n<p>l) Organizar la atenci\u00f3n y el cuidado del alumnado en los per\u00edodos de recreo y en las actividades no lectivas.&nbsp;<\/p>\n<p>m) Cualesquiera otras que le sean atribuidas en el Plan de Centro o por Orden de la persona titular de la Consejer\u00eda competente en materia de educaci\u00f3n.<\/p>\n<table cellspacing=\"0\" cellpadding=\"0\">\n<tbody>\n<tr>\n<td valign=\"top\">c) COMPETENCIA DE LA SECRETAR\u00cdA<\/td>\n<\/tr>\n<tr>\n<td valign=\"top\">a) Ordenar el r\u00e9gimen administrativo del centro, de conformidad con las directrices de la direcci\u00f3n.&nbsp;<\/p>\n<p>b) Ejercer la secretar\u00eda de los \u00f3rganos colegiados de gobierno del centro, establecer el plan de reuniones de dichos \u00f3rganos, levantar acta de las sesiones y&nbsp; dar fe de los acuerdos, todo ello con el visto bueno de la direcci\u00f3n.&nbsp;<\/p>\n<p>c) Custodiar los libros oficiales y archivos del centro&nbsp;<\/p>\n<p>d) Expedir, con el visto bueno de la direcci\u00f3n, las certificaciones que soliciten las autoridades y las personas interesadas. e) Realizar el inventario general del centro y mantenerlo actualizado.&nbsp;<\/p>\n<p>f) Adquirir el material y el equipamiento del centro, custodiar y gestionar la utilizaci\u00f3n del mismo y velar por su mantenimiento en todos los aspectos, de&nbsp; acuerdo con la normativa vigente y las indicaciones de la direcci\u00f3n, sin perjuicio de las facultades que en materia de contrataci\u00f3n corresponden a la persona&nbsp; titular de la direcci\u00f3n, de conformidad con lo recogido en el art\u00edculo 70.1.k)&nbsp;<\/p>\n<p>g) Ejercer, por delegaci\u00f3n de la direcci\u00f3n y bajo su autoridad, la jefatura del personal de administraci\u00f3n y servicios y de atenci\u00f3n educativa complementaria&nbsp; adscrito al centro y controlar la asistencia al trabajo del mismo.&nbsp;<\/p>\n<p>h) Elaborar, en colaboraci\u00f3n con los restantes miembros del equipo directivo, el horario del personal de administraci\u00f3n y servicios y de atenci\u00f3n educativa&nbsp; complementaria, as\u00ed como velar por su estricto cumplimiento.&nbsp;<\/p>\n<p>i) Elaborar el anteproyecto de presupuesto de ingresos y gastos del centro.&nbsp;<\/p>\n<p>j) Ordenar el r\u00e9gimen econ\u00f3mico del centro, de conformidad con las instrucciones de la direcci\u00f3n, realizar la contabilidad y rendir cuentas ante la Consejer\u00eda&nbsp; competente en materia de educaci\u00f3n y los \u00f3rganos a los que se refiere el art\u00edculo 25.4.&nbsp;<\/p>\n<p>k) Cualesquiera otras que le sean atribuidas en el Plan de Centro o por Orden de la persona titular de la Consejer\u00eda competente en materia de educaci\u00f3n.<\/td>\n<\/tr>\n<\/tbody>\n<\/table>\n<p><b>10.- Evaluaci\u00f3n Del Plan.&nbsp;<\/b><\/p>\n<p>\u25cf N\u00ba de sesiones realizadas de tutor\u00edas lectivas y temas trabajados. \u25cf N\u00ba de alumnos\/as al que se ha realizado el Plan de acogida.&nbsp;<\/p>\n<p>\u25cf Medidas adoptadas con alumnos\/as de nuevo ingreso.&nbsp;<\/p>\n<p>\u25cf N\u00ba de familias a las que se le ha informado del proceso de acogida a&nbsp; alumnado de Ed. Infantil a Primaria.&nbsp;<\/p>\n<p>\u25cf N\u00ba de familias a las que se le ha informado del proceso de acogida a&nbsp; alumnado de 3 a\u00f1os.&nbsp;<\/p>\n<p>\u25cf N\u00ba de familias a los que se le ha informado del proceso de tr\u00e1nsito de ED.&nbsp; Primaria a ESO.&nbsp;<\/p>\n<p>\u25cf Se levanta acta en las tutor\u00edas grupales, con la firma de las familias. \u25cf N\u00ba de compromisos educativos y de convivencia firmados.&nbsp;<\/p>\n<p>\u25cf N\u00ba de compromisos que se han cumplidos.&nbsp;<\/p>\n<p>\u25cf N\u00ba de reuniones e informaci\u00f3n dada a los delegados de familias. \u25cf N\u00ba de alumnos\/as que usan la agenda de forma habitual: n\u00ba de agendas \u25cf N\u00ba de familias participantes en las Escuelas de Familias.&nbsp;<\/p>\n<p>\u25cf Sesiones de ETCP, ciclo, claustros, consejos escolares realizados en el a\u00f1o&nbsp; escolar.<\/p>\n<p><a title=\"Proyecto Educativo CEIP Fernando Gavil\u00e1n\" href=\"https:\/\/blogsaverroes.juntadeandalucia.es\/ceipfernandogavilan\/plan-de-centro-ceip-fernando-gavilan\/\">Volver al \u00cdndice<\/a><\/p>\n","protected":false},"excerpt":{"rendered":"<p>10.- Plan de Orientaci\u00f3n y Acci\u00f3n Tutorial INDICE&nbsp; 0.- Marco legal.&nbsp; 1.- Justificaci\u00f3n.&nbsp; 2.- Objetivos&nbsp; 2.1.-Objetivos Generales&nbsp; 3.- Funciones y actuaciones a desarrollar por los\/as tutores\/as&nbsp; 3.1.-Funciones Seg\u00fan Marco Normativo&nbsp; 4.- Tutor\u00eda lectiva.&nbsp; 4.1.- Objetivos, Organizaci\u00f3n Y Temas Por Ciclos.&nbsp; 5.- Programa de acogida y tr\u00e1nsito.&nbsp; 5.1.- Acogida De Alumnado Por Diferentes Circunstancias Dentro Y [&hellip;]<\/p>\n","protected":false},"author":18083,"featured_media":0,"comment_status":"closed","ping_status":"open","sticky":false,"template":"","format":"standard","meta":{"_et_pb_use_builder":"","_et_pb_old_content":"","_et_gb_content_width":"","ngg_post_thumbnail":0,"footnotes":""},"categories":[1],"tags":[],"aioseo_notices":[],"_links":{"self":[{"href":"https:\/\/blogsaverroes.juntadeandalucia.es\/ceipfernandogavilan\/wp-json\/wp\/v2\/posts\/2666"}],"collection":[{"href":"https:\/\/blogsaverroes.juntadeandalucia.es\/ceipfernandogavilan\/wp-json\/wp\/v2\/posts"}],"about":[{"href":"https:\/\/blogsaverroes.juntadeandalucia.es\/ceipfernandogavilan\/wp-json\/wp\/v2\/types\/post"}],"author":[{"embeddable":true,"href":"https:\/\/blogsaverroes.juntadeandalucia.es\/ceipfernandogavilan\/wp-json\/wp\/v2\/users\/18083"}],"replies":[{"embeddable":true,"href":"https:\/\/blogsaverroes.juntadeandalucia.es\/ceipfernandogavilan\/wp-json\/wp\/v2\/comments?post=2666"}],"version-history":[{"count":3,"href":"https:\/\/blogsaverroes.juntadeandalucia.es\/ceipfernandogavilan\/wp-json\/wp\/v2\/posts\/2666\/revisions"}],"predecessor-version":[{"id":2684,"href":"https:\/\/blogsaverroes.juntadeandalucia.es\/ceipfernandogavilan\/wp-json\/wp\/v2\/posts\/2666\/revisions\/2684"}],"wp:attachment":[{"href":"https:\/\/blogsaverroes.juntadeandalucia.es\/ceipfernandogavilan\/wp-json\/wp\/v2\/media?parent=2666"}],"wp:term":[{"taxonomy":"category","embeddable":true,"href":"https:\/\/blogsaverroes.juntadeandalucia.es\/ceipfernandogavilan\/wp-json\/wp\/v2\/categories?post=2666"},{"taxonomy":"post_tag","embeddable":true,"href":"https:\/\/blogsaverroes.juntadeandalucia.es\/ceipfernandogavilan\/wp-json\/wp\/v2\/tags?post=2666"}],"curies":[{"name":"wp","href":"https:\/\/api.w.org\/{rel}","templated":true}]}}