{"id":2676,"date":"2025-01-21T22:28:06","date_gmt":"2025-01-21T21:28:06","guid":{"rendered":"https:\/\/blogsaverroes.juntadeandalucia.es\/ceipfernandogavilan\/?p=2676"},"modified":"2025-01-21T22:32:28","modified_gmt":"2025-01-21T21:32:28","slug":"el-plan-de-formacion-del-profesorado","status":"publish","type":"post","link":"https:\/\/blogsaverroes.juntadeandalucia.es\/ceipfernandogavilan\/el-plan-de-formacion-del-profesorado\/","title":{"rendered":"EL PLAN DE FORMACI\u00d3N DEL PROFESORADO"},"content":{"rendered":"<p><b>14 PLAN DE FORMACI\u00d3N DEL PROFESORADO&nbsp;<\/b><\/p>\n<p><b>14.1- Referente Normativo:&nbsp; <\/b><\/p>\n<p>&#8211; Decreto 93\/2013, de 27 de agosto, por el que se regula la formaci\u00f3n inicial y&nbsp; permanente del profesorado en la Comunidad Aut\u00f3noma de Andaluc\u00eda, as\u00ed como el&nbsp; Sistema Andaluz de Formaci\u00f3n Permanente del Profesorado.&nbsp;<\/p>\n<p>&#8211; Orden de 31 de julio de 2014, por la que se aprueba el III Plan Andaluz de&nbsp; Formaci\u00f3n Permanente del Profesorado.&nbsp;<\/p>\n<p>&#8211; Cada curso escolar: la resoluci\u00f3n con la concreci\u00f3n de las L\u00edneas Estrat\u00e9gicas del&nbsp; III Plan Andaluz, las instrucciones de Formaciones en Centros y Grupos de Trabajo,&nbsp; la resoluci\u00f3n convocatoria de Programas de Innovaci\u00f3n y otros.&nbsp;<\/p>\n<p>El Plan de Formaci\u00f3n del Profesorado quiere ser un proceso de reflexi\u00f3n sobre&nbsp; nuestra propia pr\u00e1ctica y se presenta como una herramienta de planificaci\u00f3n y&nbsp; mejora de la calidad de ense\u00f1anza en nuestro centro.&nbsp;<\/p>\n<p>Las actuaciones desarrolladas en este Plan pretenden responder, tanto a las&nbsp; necesidades de formaci\u00f3n surgidas de la aplicaci\u00f3n de las l\u00edneas de trabajo&nbsp; impulsadas por la propia administraci\u00f3n educativa, como a las detectadas a trav\u00e9s&nbsp; de los procesos de an\u00e1lisis y diagn\u00f3stico puestos en marcha en nuestro centro y&nbsp; estar\u00e1n basadas preferentemente en el an\u00e1lisis, la reflexi\u00f3n y la mejora de la&nbsp; pr\u00e1ctica docente y de la organizaci\u00f3n de los centros, a trav\u00e9s de metodolog\u00edas, de&nbsp; investigaci\u00f3n y acci\u00f3n con implicaci\u00f3n directa de todos los participantes en ellas&nbsp; (decreto 93\/2013, art.10.3)&nbsp;<\/p>\n<p><b>14.2.- Justificaci\u00f3n.&nbsp;<\/b><\/p>\n<p>&nbsp;<\/p>\n<p>La formaci\u00f3n del profesorado constituye un elemento fundamental para dar&nbsp; respuesta a los nuevos retos educativos que plantea la educaci\u00f3n actual,&nbsp; contribuyendo a la mejora de la competencia profesional de los docentes.&nbsp;<\/p>\n<p>&nbsp;<\/p>\n<p>El Plan Andaluz de Formaci\u00f3n del Profesorado, establece que sean los propios&nbsp; Centros a trav\u00e9s de sus Claustro y sus Consejos Escolares, quienes determinen los&nbsp; aspectos concretos que la formaci\u00f3n en el mismo debe tener.&nbsp;<\/p>\n<p>Nuestra zona est\u00e1 inmersa en una serie de planes y programas, que&nbsp; consideramos importantes para nuestra pr\u00e1ctica educativa. Por ello es&nbsp; imprescindible una continua labor formativa y de renovaci\u00f3n, sobre todo&nbsp; metodol\u00f3gica, del profesorado, al ser este el motor fundamental para sacar adelante&nbsp; el c\u00famulo de programas cada vez m\u00e1s amplios y complejos.<\/p>\n<p><b>14.3.- Criterios Generales Para La Elaboraci\u00f3n&nbsp;&nbsp;<\/b><\/p>\n<p>La elaboraci\u00f3n del Plan de Formaci\u00f3n del Profesorado cumple los siguientes&nbsp; criterios:&nbsp;<\/p>\n<ul>\n<li>Se constituye como foro para la reflexi\u00f3n sobre la pr\u00e1ctica docente en el&nbsp; propio centro, concediendo al profesorado el protagonismo y la capacidad de&nbsp; decisi\u00f3n para la propuesta de acciones formativas.&nbsp;<\/li>\n<li>Recoge propuestas y soluciones eficaces, bajo criterios de profesionalidad,&nbsp; que propician el perfeccionamiento de la pr\u00e1ctica educativa, tanto individual&nbsp; como colectivamente.&nbsp;<\/li>\n<li>El eje central es la atenci\u00f3n a los aspectos del Proyecto de Centro que&nbsp; demanden mayor o mejor preparaci\u00f3n del profesorado.&nbsp;<\/li>\n<li>Es considerado como iniciativa de desarrollo profesional.&nbsp;<\/li>\n<li>Garantiza la continuidad precisa para conseguir los objetivos propuestos.<span class=\"Apple-converted-space\">&nbsp;<\/span><\/li>\n<li>Persigue la mejora o el cambio de la cultura profesional.&nbsp;<\/li>\n<li>Intenta dar soluciones a situaciones problem\u00e1ticas detectadas en el centro y&nbsp; en la pr\u00e1ctica docente.&nbsp;<\/li>\n<\/ul>\n<p><b>14.4.- Objetivos Del Plan&nbsp;<\/b><\/p>\n<p>La formaci\u00f3n del profesorado debe perseguir como finalidad el logro de una&nbsp; mayor capacitaci\u00f3n y competencia profesional como elemento esencial para obtener&nbsp; mejores resultados y conseguir el \u00e9xito educativo de todo el alumnado, tal y como&nbsp; dice el III Plan Andaluz de Formaci\u00f3n del Profesorado.&nbsp;<\/p>\n<p>Para ello, y en consonancia con las l\u00edneas estrat\u00e9gicas del III Plan, se plantean los&nbsp; siguientes objetivos:&nbsp;<\/p>\n<p>1. Facilitar al profesorado la formaci\u00f3n y el asesoramiento necesario para la&nbsp; mejora de las pr\u00e1cticas educativas, el rendimiento y el \u00e9xito educativo de todo el&nbsp; alumnado.&nbsp;<\/p>\n<p>2. Fomentar la cultura del trabajo en equipo, la toma de decisiones y los acuerdos&nbsp; compartidos.&nbsp;<\/p>\n<p>3. Propiciar el intercambio de buenas pr\u00e1cticas profesionales generando una&nbsp; actitud de reflexi\u00f3n permanente sobre la pr\u00e1ctica docente.&nbsp;<\/p>\n<p>4. Respaldar el desarrollo de modelos educativos y estrategias de ense\u00f1anza aprendizaje que permitan dar respuesta a la diversidad del alumnado,&nbsp; contribuyendo al incremento de la equidad y la igualdad de oportunidades,&nbsp; favoreciendo la transformaci\u00f3n del centro en un entorno colaborativo de&nbsp;&nbsp;<\/p>\n<p>aprendizaje en la que participen todos los miembros de la comunidad educativa. 5. Apoyar, mediante actuaciones espec\u00edficas de formaci\u00f3n, el asesoramiento para&nbsp; la mejora de las competencias docentes.<\/p>\n<p><b>14.5. Proceso De Elaboraci\u00f3n Del Plan Anual De Formaci\u00f3n<\/b>&nbsp;<\/p>\n<p>Para la elaboraci\u00f3n del Plan de Formaci\u00f3n, el Equipo coordinador de la&nbsp; misma ETCP (Decreto 328\/2010 art. 88 apartados i, j, k, l, m, n, \u00f1) o DFEIE (Decreto&nbsp; 327\/2010 art.87.2 apartados. a, b, c, d, e, f, g, h) se tendr\u00e1n en cuenta estas tres&nbsp; fases:&nbsp;<\/p>\n<p>14.5.1. Detecci\u00f3n De Necesidades&nbsp;<\/p>\n<p>Dado que las actuaciones de formaci\u00f3n persiguen la mejora de la calidad de la&nbsp; educaci\u00f3n y de la pr\u00e1ctica docente, previamente a la realizaci\u00f3n de propuestas de&nbsp; actuaciones de formaci\u00f3n, es imprescindible detectar las necesidades de formaci\u00f3n&nbsp; en el centro educativo con el fin de ofrecer propuestas contextualizadas. Para ello&nbsp; es preciso tener en cuenta las siguientes consideraciones:&nbsp;<\/p>\n<p>&#8211; Se deben plantear necesidades formativas que se han identificado desde la&nbsp; evaluaci\u00f3n de nuestro funcionamiento, a lo largo de todo el curso anterior o&nbsp; cursos anteriores, para elaborar una respuesta formativa contextualizada en&nbsp; el centro y no centrada en las individualidades. Para ello, es imprescindible&nbsp; que el claustro revise los datos, tanto de los indicadores homologados de la&nbsp; AGAEVE como de los resultados del alumnado, y haga una reflexi\u00f3n&nbsp; encaminada a la detecci\u00f3n de necesidades formativas para la elaboraci\u00f3n del&nbsp; Plan de Formaci\u00f3n.&nbsp;<\/p>\n<p>&#8211; El proceso de detecci\u00f3n de necesidades formativas y de programaci\u00f3n de&nbsp; actuaciones para darles respuesta se contempla con una perspectiva&nbsp; temporal de medio plazo, planificando un itinerario formativo adecuado al&nbsp; centro.&nbsp;<\/p>\n<p>&#8211; Esta detecci\u00f3n se realizar\u00e1 en los meses de junio o septiembre utilizando&nbsp; para ello los siguientes instrumentos:<\/p>\n<table cellspacing=\"0\" cellpadding=\"0\">\n<tbody>\n<tr>\n<td valign=\"top\">Posibles instrumentos para extraer las necesidades formativas. Los centros escoger\u00e1n<\/p>\n<p>aquellos que se adecuen a sus caracter\u00edsticas.<\/p>\n<p>\u25cf Indicadores homologados.<\/p>\n<p>\u25cf Entrevistas y an\u00e1lisis en \u00f3rganos colegiados y\/o con \u00f3rganos unipersonales<\/p>\n<p>\u25cf Din\u00e1micas concretas como Tela de Ara\u00f1a o Bola de Nieve y Diamante.<\/p>\n<p>\u25cf Cuestionarios individualizados o por ciclos\/departamentos.<\/p>\n<p>\u25cf Cuestionarios de satisfacci\u00f3n a las familias, al alumnado y al profesorado.<\/p>\n<p>\u25cf An\u00e1lisis de la Memoria de Autoevaluaci\u00f3n del curso anterior, de las Propuestas de<\/p>\n<p>Mejora planteadas como prioritarias y de las necesidades formativas del<\/p>\n<p>profesorado, equipos docentes, ciclos\/departamentos, ETCP, etc.<\/p>\n<p>\u25cf Concreci\u00f3n de las L\u00edneas Estrat\u00e9gicas Prioritarias del Plan Andaluz de Formaci\u00f3n<\/p>\n<p>vigente para el curso escolar.<\/p>\n<p>\u25cf La detecci\u00f3n de necesidades realizada por los Departamentos\/Ciclos al comienzo<\/p>\n<p>de curso.<\/td>\n<\/tr>\n<\/tbody>\n<\/table>\n<p>14.5.2. Priorizaci\u00f3n De Las Necesidades Formativas&nbsp;<\/p>\n<p>Seg\u00fan el Decreto 93\/2013, de 27 de agosto, cap\u00edtulo II, art\u00edculo 11, la&nbsp; formaci\u00f3n debe ir encaminada a:&nbsp;<\/p>\n<p>&#8211; Perfeccionar la pr\u00e1ctica educativa y la funci\u00f3n tutorial para incidir en la mejora&nbsp; de los rendimientos del alumnado y en su desarrollo personal y social,&nbsp; atendiendo a la diversidad del mismo.&nbsp;<\/p>\n<p>&#8211; Potenciar el desarrollo profesional del profesorado, favoreciendo la&nbsp; adquisici\u00f3n de una cultura profesional orientada a la actualizaci\u00f3n constante&nbsp; de su pr\u00e1ctica docente y a la innovaci\u00f3n educativa.&nbsp;<\/p>\n<p>&#8211; Vincular los procesos de ense\u00f1anza y aprendizaje, as\u00ed como el&nbsp; funcionamiento de los centros docentes, a la renovaci\u00f3n pedag\u00f3gica, a la&nbsp; innovaci\u00f3n y a la investigaci\u00f3n, al desarrollo de la equidad y a la mejora de la&nbsp; convivencia.&nbsp;<\/p>\n<p>&#8211; Incorporar las actividades de formaci\u00f3n a las funciones que desarrolla el&nbsp; profesorado de forma habitual en los centros docentes.&nbsp;<\/p>\n<p>&#8211; Mejorar el funcionamiento de los \u00f3rganos de coordinaci\u00f3n docente de los&nbsp; centros.&nbsp;<\/p>\n<p>En consecuencia, una vez detectadas las necesidades de nuestro centro es&nbsp; necesario establecer una priorizaci\u00f3n de las mismas.&nbsp;<\/p>\n<p>&#8211; El\/la responsable de formaci\u00f3n elaborar\u00e1 un documento base (ANEXO I)&nbsp; priorizando las diferentes propuestas&nbsp;<\/p>\n<p>&#8211; Lo pasar\u00e1 para su debate y para ser validado y ampliado o mejorado por: ETCP y\/o Ciclos\/Departamentos.&nbsp;<\/p>\n<p>&#8211; Una vez validado, el responsable de formaci\u00f3n elaborar\u00e1 el documento&nbsp; definitivo.&nbsp;<\/p>\n<p>&#8211; Finalmente, la relaci\u00f3n de propuestas validadas y priorizadas se pasar\u00e1n por&nbsp; ETCP, Claustro y Consejo Escolar para la aprobaci\u00f3n definitiva de las que&nbsp; constituir\u00e1n la concreci\u00f3n anual del Plan de Formaci\u00f3n del Centro.&nbsp;<\/p>\n<p>&#8211; Este Plan de Formaci\u00f3n se incluir\u00e1 en el Proyecto de Centro tras su&nbsp; aprobaci\u00f3n (ANEXO I completado en todos sus apartados).&nbsp;<\/p>\n<p>En todo este proceso se podr\u00e1 contar con la intervenci\u00f3n de la asesor\u00eda del CEP,&nbsp; para lo que se establecer\u00e1n las reuniones necesarias entre asesor\u00edas del CEP y&nbsp; responsables de formaci\u00f3n del Centro.&nbsp;<\/p>\n<p>14.5.3. Concreci\u00f3n Del Plan Anual De Formaci\u00f3n&nbsp;<\/p>\n<p>Una vez detectadas e identificadas las necesidades de formaci\u00f3n es el&nbsp; momento de decidir la modalidad formativa que m\u00e1s se adecue a nuestros intereses&nbsp; con la ayuda de las asesor\u00edas del CEP, y que se ver\u00e1n plasmadas en el plan de&nbsp; formaci\u00f3n (ANEXO I).&nbsp;<\/p>\n<p>El Plan de Formaci\u00f3n es el documento que anualmente va a detallar las&nbsp; actividades formativas que va a desarrollar el centro en el curso escolar. En \u00e9l se&nbsp; pueden distinguir varios niveles de actuaci\u00f3n:&nbsp;<\/p>\n<ol>\n<li>Actividades de formaci\u00f3n derivadas de los objetivos de mejora priorizados por&nbsp; el centro.<\/li>\n<li>Actividades de formaci\u00f3n organizadas por el centro para informar, integrar o&nbsp; dinamizar las actividades generales derivadas del Plan de Centro.<\/li>\n<li>Actividades de formaci\u00f3n externas a las demandas del centro.<\/li>\n<li>Plan de formaci\u00f3n estructurado para profesorado en fase de pr\u00e1cticas,&nbsp; pr\u00e1cticum\u2026<\/li>\n<\/ol>\n<p><b>a. Actividades de formaci\u00f3n derivadas de los objetivos de mejora priorizados&nbsp; por el centro.&nbsp;<\/b><\/p>\n<p>En el Plan de Mejora del Centro se han incluido unos Objetivos de Mejora&nbsp; desarrollados por medio de Propuestas de Mejora e Indicadores de logro para cada&nbsp; uno de ellos. En el proceso colaborativo de debate y decisi\u00f3n sobre estos objetivos&nbsp; se habr\u00e1 valorado si se pueden trabajar con los recursos que re\u00fanen el profesorado&nbsp; del centro o bien se necesita la ayuda o acompa\u00f1amiento de expertos en los temas&nbsp; que se van a trabajar con el apoyo del CEP.<\/p>\n<p><b>b.<span class=\"Apple-converted-space\">&nbsp; <\/span>Actividades de formaci\u00f3n organizadas por el centro para informar, integrar&nbsp; o dinamizar las actividades generales derivadas del plan de centro.&nbsp;<\/b><\/p>\n<p>Para minimizar, dentro de lo posible, las consecuencias derivadas de la&nbsp; inestabilidad del claustro hemos decidido incluir en el Plan de Formaci\u00f3n de nuestro&nbsp; Centro una actividad formativa inicial a la que hemos llamado: Plan de acogida e&nbsp; integraci\u00f3n a las din\u00e1micas del centro. Esta actividad s\u00f3lo se llevar\u00e1 a cabo en&nbsp; caso de que el n\u00famero de miembros de claustro var\u00ede en n\u00famero sustancial, bien&nbsp; por su n\u00famero, bien por su importancia en el desarrollo de la vida del centro.&nbsp;<\/p>\n<p>1. Es necesario hacer una detecci\u00f3n de buenas pr\u00e1cticas desarrolladas en el&nbsp; centro que hayan surgido de los cuestionarios de satisfacci\u00f3n y la&nbsp; memoria de autoevaluaci\u00f3n, y ponerlas en valor. Entendemos por buenas&nbsp; pr\u00e1cticas aquellas experiencias educativas significativas del profesorado&nbsp; individual o de equipos educativos, surgidas en un contexto determinado,&nbsp; que han demostrado su \u00e9xito y que puedan ser f\u00e1cilmente exportables&nbsp;<\/p>\n<p>2. Ser\u00e1 una actividad de obligada asistencia para el nuevo profesorado que&nbsp; se incorpora al centro en algunas sesiones y para todo el claustro en&nbsp; otras. Se realizar\u00e1 en los d\u00edas de septiembre en los que todav\u00eda no est\u00e1&nbsp; el alumnado en el centro. Sus objetivos ser\u00e1n: completar, validar y asumir&nbsp; por todo el claustro, incluidos los\/as nuevos\/as profesores\/as, las&nbsp; conclusiones de la memoria de autoevaluaci\u00f3n y participar en la&nbsp;elaboraci\u00f3n del Plan de Mejora anual de centro. Tambi\u00e9n se informar\u00e1 y&nbsp; formar\u00e1 al nuevo profesorado sobre las din\u00e1micas, metodolog\u00edas o&nbsp; estrategias que sigue en centro en los diferentes apartados de la actividad&nbsp; docente: a nivel curricular, de convivencia o de atenci\u00f3n a la diversidad.&nbsp; Esta formaci\u00f3n la impartir\u00e1 el Equipo Directivo ayudado por jefes\/as de&nbsp; departamentos o profesorado implicado en proyectos espec\u00edficos. Se&nbsp; podr\u00e1n establecer mecanismos de mentor\u00eda o tutorizaci\u00f3n por parte del&nbsp; profesorado experto sobre el de nueva incorporaci\u00f3n en aquellos temas&nbsp; que lo necesiten.&nbsp;<\/p>\n<p>3. Tambi\u00e9n se podr\u00e1n organizar actividades dentro del Plan de Formaci\u00f3n&nbsp; del centro para difundir al claustro buenas pr\u00e1cticas detectadas entre el&nbsp; profesorado del centro.&nbsp;<\/p>\n<p>4. Estas actividades se programar\u00e1n formalmente definiendo para ellas:&nbsp; responsables, objetivos, contenidos, sesiones a realizar (tiempo y&nbsp; espacio), indicadores de logro y herramientas de evaluaci\u00f3n, es&nbsp; importante, si es posible, que todas tengan una aplicaci\u00f3n en la pr\u00e1ctica y&nbsp; se eval\u00fae su validez con el alumnado.<\/p>\n<p><b>c. Actividades de formaci\u00f3n que responden a otras necesidades del centro.&nbsp;<\/b><\/p>\n<p>Se comunicar\u00e1n las propuestas y su relaci\u00f3n con los objetivos marcados en&nbsp; el Plan de Centro a la asesor\u00eda del CEP, para que sean tenidas en cuenta cuando&nbsp; se elabore el Plan de Actuaci\u00f3n del CEP. Dentro de estas actividades se incluir\u00e1n:&nbsp;<\/p>\n<p>1. Actividades que vengan impulsadas por necesidades de la Administraci\u00f3n&nbsp; educativa, tales como cambios legislativos, de gesti\u00f3n de centros, de&nbsp; organizaci\u00f3n\u2026&nbsp;<\/p>\n<p>2. Actividades que formen parte de Planes y Proyectos en los que est\u00e9&nbsp; inmerso el Centro, como \u201cEscuela Espacio de Paz\u201d, Biling\u00fcismo, Plan&nbsp; Lector\u2026.&nbsp;<\/p>\n<p>3. Aquellas necesidades formativas que hacen referencia a un aspecto muy&nbsp; espec\u00edfico o a miembros muy determinados del Centro:&nbsp;<\/p>\n<ul>\n<li>Direcci\u00f3n y Jefatura de Estudios.<\/li>\n<li>Secretar\u00eda.<\/li>\n<\/ul>\n<p>\u2022Aspectos espec\u00edficos de miembros de Equipos de Orientaci\u00f3n.&nbsp;<\/p>\n<p>4. Las actividades formativas que surgen de nuevas aplicaciones,&nbsp; metodolog\u00edas que se introducen, fortalezas individuales de miembros del&nbsp; claustro,\u2026.&nbsp;<\/p>\n<p><b>d. Plan de formaci\u00f3n del centro para el profesorado en fase de pr\u00e1cticas,&nbsp; pr\u00e1cticum\u2026&nbsp;<\/b><\/p>\n<p>Este plan estar\u00e1 elaborado de acuerdo con la normativa que est\u00e9 vigente&nbsp; sobre el tema en cada momento.&nbsp;<\/p>\n<p><b>15.6.- Evaluaci\u00f3n Del Plan De Formaci\u00f3n<\/b>&nbsp;<\/p>\n<p>La evaluaci\u00f3n del Plan abordar\u00e1:&nbsp;<\/p>\n<p>\u25cf La evaluaci\u00f3n del grado de consecuci\u00f3n de los objetivos de este plan cuya&nbsp; responsabilidad recaer\u00e1 en el\/la responsable de formaci\u00f3n del centro,&nbsp; \u00f3rganos de coordinaci\u00f3n docente y el apoyo de la asesor\u00eda de referencia.&nbsp;<\/p>\n<p>\u25cf La evaluaci\u00f3n de las acciones formativas . Los indicadores e instrumentos&nbsp; previstos por los responsables de las actividades formativas permitir\u00e1n&nbsp; detectar si los objetivos de cada una fueron conseguidos y \/o en qu\u00e9 grado .&nbsp; Dicha valoraci\u00f3n la realizar\u00e1n los responsables de cada actividad en&nbsp; conjunci\u00f3n con el\/la responsable de formaci\u00f3n y la asesor\u00eda de referencia.<\/p>\n<p>La evaluaci\u00f3n tendr\u00e1 una doble vertiente:&nbsp;<\/p>\n<p>&#8211; Analizar el grado de consecuci\u00f3n de los objetivos planteados a lo largo de la&nbsp; implementaci\u00f3n del plan y sus actividades.&nbsp;<\/p>\n<p>&#8211; Conocer si al finalizar el curso se han alcanzado los objetivos del plan y de&nbsp; las actividades previstas, y si, en definitiva, el profesorado participante ha&nbsp; adquirido las competencias que se pretend\u00edan para que ello revierta en la&nbsp; mejora de la pr\u00e1ctica docente.&nbsp;<\/p>\n<p>Para todo ello , habr\u00e1\u0301 una serie de reuniones con la asesor\u00eda de referencia&nbsp; que se programar\u00e1n durante el proceso. En dichas reuniones podr\u00e1n participar el\/la&nbsp; responsable de formaci\u00f3n, equipo directivo y los responsables de las actividades&nbsp; propuestas&nbsp;<\/p>\n<p>En la reuni\u00f3n final con la asesor\u00eda, a celebrar en el mes de junio , la asesor\u00eda&nbsp; aportar\u00e1 informaci\u00f3n cuantitativa sobre la formaci\u00f3n realizada por el profesorado del&nbsp; centro. En esta misma fecha se ofrecer\u00e1\u0301 informaci\u00f3n al equipo directivo sobre la&nbsp; evoluci\u00f3n de la autoformaci\u00f3n y de los cursos que se hayan realizado en el centro.&nbsp;<\/p>\n<p>Todo el proceso de evaluaci\u00f3n formar\u00e1 parte de la elaboraci\u00f3n de la memoria de autoevaluaci\u00f3n del centro, donde se consignar\u00e1n los logros y dificultades en la&nbsp; consecuci\u00f3n de las propuestas de mejora en relaci\u00f3n con las actividades formativas&nbsp; planteadas en este plan.&nbsp;<\/p>\n<p><b>15.7.- Indicadores De Logro Del Plan De Formaci\u00f3n<\/b><\/p>\n<p>Estos son algunos a modo de ejemplo. Est\u00e1n relacionados con los objetivos del&nbsp; Plan de Formaci\u00f3n que aparecen al principio de este documento en el punto&nbsp; 14.4.Objetivos.&nbsp;<\/p>\n<p>a. Los \u00f3rganos colegiados del centro lideran y coordinan la definici\u00f3n de los&nbsp; objetivos del Plan de Formaci\u00f3n.&nbsp;<\/p>\n<p>b. Los objetivos son evaluados durante el desarrollo del Plan de Formaci\u00f3n y al&nbsp; finalizar el mismo.&nbsp;<\/p>\n<p>c. Se ha puesto en marcha en el centro y\/o en el aula las estrategias&nbsp; metodol\u00f3gicas desarrolladas en las actividades formativas. (obj 1) d. El Plan de Formaci\u00f3n da respuesta a las necesidades formativas del&nbsp; profesorado del centro y a los diferentes niveles de desarrollo profesional.&nbsp; (obj 1)&nbsp;<\/p>\n<p>e. Los objetivos son consensuados y promueven la reflexi\u00f3n sobre la pr\u00e1ctica, el&nbsp; trabajo en equipo y el desarrollo de competencias profesionales docentes.&nbsp; (obj 2)&nbsp;<\/p>\n<p>f. Se han establecido estrategias de coordinaci\u00f3n (a nivel de equipos de ciclo,&nbsp;de equipos docentes, \u00e1reas de competencias, departamentos did\u00e1cticos\u2026)&nbsp; que permiten homologar l\u00edneas b\u00e1sicas de trabajo. (obj 2)&nbsp;<\/p>\n<p>g. Se han integrado de manera planificada en la din\u00e1mica de trabajo en el aula&nbsp; actividades que propician situaciones educativas para fomentar y desarrollar&nbsp; experiencias relacionadas con la formaci\u00f3n recibida. (obj 2)&nbsp;<\/p>\n<p>h. Se ha planificado y llevado a cabo la evaluaci\u00f3n y reflexi\u00f3n conjunta de los&nbsp; resultados obtenidos tras la aplicaci\u00f3n en el aula de aquellas experiencias&nbsp; relacionadas con las actividades formativas desarrolladas. (obj 3)&nbsp;<\/p>\n<p>i. Se establecen reuniones para evaluar el proceso de formaci\u00f3n, con especial&nbsp; atenci\u00f3n a los resultados obtenidos en el aula. (obj 3)&nbsp;<\/p>\n<p>j. Se dise\u00f1an estrategias para dar a conocer a la comunidad los resultados de&nbsp; las actividades de formaci\u00f3n. (obj 3)&nbsp;<\/p>\n<p>k. Los objetivos fomentan estrategias que promueven la coordinaci\u00f3n de las&nbsp; actuaciones de los Servicios externos. (obj 4)&nbsp;<\/p>\n<p>l. Las actividades de formaci\u00f3n dise\u00f1adas implican la participaci\u00f3n de la&nbsp; comunidad educativa. (obj 4)&nbsp;<\/p>\n<p>m. Se revisan los resultados del alumnado en cuanto a atenci\u00f3n a la diversidad&nbsp; para contrastar la influencia de la formaci\u00f3n del profesorado. (obj 4) n. Se han producido cambios en el centro, a nivel organizativo, de personal o de&nbsp; espacios. (obj 4)&nbsp;<\/p>\n<p>o. El profesorado ha partido del an\u00e1lisis y reflexi\u00f3n de sus competencias reales&nbsp; para potenciar el desarrollo de las competencias que demandan los objetivos&nbsp; de mejora del centro. (obj 5)&nbsp;<\/p>\n<p>p. El profesorado concilia en su formaci\u00f3n las competencias profesionales de la&nbsp; l\u00ednea formativa del centro con sus necesidades de desarrollo profesional&nbsp; personal. (obj 5)&nbsp;<\/p>\n<p>q. El plan de formaci\u00f3n atiende a los perfiles competenciales de cada uno de los&nbsp; puestos de la organizaci\u00f3n. (obj 5)&nbsp;<\/p>\n<p>r. El profesorado ha puesto en marcha\/ ha conseguido aumentar su nivel&nbsp; competencial en alg\u00fan\/algunos de estos aspectos:&nbsp;<\/p>\n<ul>\n<li>Competencia cient\u00edfica&nbsp;<\/li>\n<li>Competencia intra e interpersonal&nbsp;<\/li>\n<li>Competencia did\u00e1ctica&nbsp;<\/li>\n<li>Organizativa y de gesti\u00f3n de centro&nbsp;<\/li>\n<li>Gesti\u00f3n de la convivencia&nbsp;<\/li>\n<li>Trabajo en equipo&nbsp;<\/li>\n<li>Innovaci\u00f3n y mejora&nbsp;<\/li>\n<li>Ling\u00fc\u00edstico-comunicativa&nbsp;<\/li>\n<li>Digital<\/li>\n<\/ul>\n<p><b>ANEXO I&nbsp;<\/b><\/p>\n<p><b>PLAN ANUAL DE FORMACI\u00d3N<\/b>&nbsp;<\/p>\n<p>(Este es el documento que se elaborar\u00e1 anualmente y que ser\u00e1 incluido en el Plan&nbsp; de Mejora)&nbsp;<\/p>\n<p><b>A) DIAGN\u00d3STICO DE NECESIDADES FORMATIVAS&nbsp;<\/b><\/p>\n<p>Tras la detecci\u00f3n, realizada de la forma establecida en el Plan de Formaci\u00f3n, las&nbsp; necesidades formativas surgidas han sido:&nbsp;<\/p>\n<p>&#8211;&nbsp;<\/p>\n<p>&#8211;&nbsp;<\/p>\n<p>&#8211;&nbsp;<\/p>\n<p>&#8211;&nbsp;<\/p>\n<p>&#8211;&nbsp;<\/p>\n<p><b>B) PRIORIZACI\u00d3N&nbsp;<\/b><\/p>\n<p>Se han priorizado estas actividades, siguiendo lo marcado en el Plan de Formaci\u00f3n&nbsp; del Centro, atendiendo a las siguientes razones:&nbsp;<\/p>\n<table cellspacing=\"0\" cellpadding=\"0\">\n<tbody>\n<tr>\n<td valign=\"top\">Se priorizar\u00e1n las tem\u00e1ticas, estableciendo la relaci\u00f3n entre dichas tem\u00e1ticas y las necesidades del centro y del profesorado, atendiendo a los objetivos del Plan de Formaci\u00f3n y al Plan de Mejora surgido de la Memoria de Autoevaluaci\u00f3n, as\u00ed como a las L\u00edneas estrat\u00e9gicas de formaci\u00f3n del curso en vigor (en los anexos se encuentran las l\u00edneas estrat\u00e9gicas y la resoluci\u00f3n para el curso 18\/19)<\/td>\n<\/tr>\n<\/tbody>\n<\/table>\n<table cellspacing=\"0\" cellpadding=\"0\">\n<tbody>\n<tr>\n<td valign=\"top\">PRIORIDAD<\/td>\n<td valign=\"top\">TEM\u00c1TICA<\/td>\n<td valign=\"top\">JUSTIFICACI\u00d3N<\/td>\n<\/tr>\n<tr>\n<td valign=\"top\">1<\/td>\n<td valign=\"top\">&nbsp;<\/td>\n<td valign=\"top\">&nbsp;<\/td>\n<\/tr>\n<tr>\n<td valign=\"top\">2<\/td>\n<td valign=\"top\">&nbsp;<\/td>\n<td valign=\"top\">&nbsp;<\/td>\n<\/tr>\n<tr>\n<td valign=\"top\">3<\/td>\n<td valign=\"top\">&nbsp;<\/td>\n<td valign=\"top\">&nbsp;<\/td>\n<\/tr>\n<tr>\n<td valign=\"top\">4<\/td>\n<td valign=\"top\">&nbsp;<\/td>\n<td valign=\"top\">&nbsp;<\/td>\n<\/tr>\n<tr>\n<td valign=\"top\">5<\/td>\n<td valign=\"top\">&nbsp;<\/td>\n<td valign=\"top\">&nbsp;<\/td>\n<\/tr>\n<\/tbody>\n<\/table>\n<p>&nbsp;<b> C) ACTIVIDADES FORMATIVAS<\/b><\/p>\n<table cellspacing=\"0\" cellpadding=\"0\">\n<tbody>\n<tr>\n<td colspan=\"6\" valign=\"top\">Propuesta formativa 1<\/td>\n<\/tr>\n<tr>\n<td colspan=\"6\" valign=\"top\">Propuesta de mejora en la Memoria de Autoevaluaci\u00f3n a la que da respuesta:<\/td>\n<\/tr>\n<tr>\n<td valign=\"top\">L\u00ednea estrat\u00e9gica con la que se relaciona<\/td>\n<td valign=\"top\">Propuesta de mejora<\/td>\n<td valign=\"top\">Indicadores de logro<\/td>\n<td valign=\"top\">Agente responsable<\/td>\n<td valign=\"top\">Temporalizaci\u00f3n<\/td>\n<td valign=\"top\">Apoyos o recursos solicitados<\/td>\n<\/tr>\n<tr>\n<td valign=\"top\">&nbsp;<\/td>\n<td valign=\"top\">&nbsp;<\/td>\n<td valign=\"top\">&nbsp;<\/td>\n<td valign=\"top\">&nbsp;<\/td>\n<td valign=\"top\">&nbsp;<\/td>\n<td valign=\"top\">&nbsp;<\/td>\n<\/tr>\n<\/tbody>\n<\/table>\n<table cellspacing=\"0\" cellpadding=\"0\">\n<tbody>\n<tr>\n<td colspan=\"6\" valign=\"top\">Propuesta formativa 2<\/td>\n<\/tr>\n<tr>\n<td colspan=\"6\" valign=\"top\">Propuesta de mejora en la Memoria de Autoevaluaci\u00f3n a la que da respuesta:<\/td>\n<\/tr>\n<tr>\n<td valign=\"top\">L\u00ednea estrat\u00e9gica con la que se relaciona<\/td>\n<td valign=\"top\">Propuesta de mejora<\/td>\n<td valign=\"top\">Indicadores de logro<\/td>\n<td valign=\"top\">Agente responsable<\/td>\n<td valign=\"top\">Temporalizaci\u00f3n<\/td>\n<td valign=\"top\">Apoyos o recursos solicitados<\/td>\n<\/tr>\n<tr>\n<td valign=\"top\">&nbsp;<\/td>\n<td valign=\"top\">&nbsp;<\/td>\n<td valign=\"top\">&nbsp;<\/td>\n<td valign=\"top\">&nbsp;<\/td>\n<td valign=\"top\">&nbsp;<\/td>\n<td valign=\"top\">&nbsp;<\/td>\n<\/tr>\n<\/tbody>\n<\/table>\n<p><a title=\"Proyecto Educativo CEIP Fernando Gavil\u00e1n\" href=\"https:\/\/blogsaverroes.juntadeandalucia.es\/ceipfernandogavilan\/plan-de-centro-ceip-fernando-gavilan\/\">Volver al \u00cdndice<\/a><\/p>\n","protected":false},"excerpt":{"rendered":"<p>14 PLAN DE FORMACI\u00d3N DEL PROFESORADO&nbsp; 14.1- Referente Normativo:&nbsp; &#8211; Decreto 93\/2013, de 27 de agosto, por el que se regula la formaci\u00f3n inicial y&nbsp; permanente del profesorado en la Comunidad Aut\u00f3noma de Andaluc\u00eda, as\u00ed como el&nbsp; Sistema Andaluz de Formaci\u00f3n Permanente del Profesorado.&nbsp; &#8211; Orden de 31 de julio de 2014, por la que [&hellip;]<\/p>\n","protected":false},"author":18083,"featured_media":0,"comment_status":"closed","ping_status":"open","sticky":false,"template":"","format":"standard","meta":{"_et_pb_use_builder":"","_et_pb_old_content":"","_et_gb_content_width":"","ngg_post_thumbnail":0,"footnotes":""},"categories":[1],"tags":[],"aioseo_notices":[],"_links":{"self":[{"href":"https:\/\/blogsaverroes.juntadeandalucia.es\/ceipfernandogavilan\/wp-json\/wp\/v2\/posts\/2676"}],"collection":[{"href":"https:\/\/blogsaverroes.juntadeandalucia.es\/ceipfernandogavilan\/wp-json\/wp\/v2\/posts"}],"about":[{"href":"https:\/\/blogsaverroes.juntadeandalucia.es\/ceipfernandogavilan\/wp-json\/wp\/v2\/types\/post"}],"author":[{"embeddable":true,"href":"https:\/\/blogsaverroes.juntadeandalucia.es\/ceipfernandogavilan\/wp-json\/wp\/v2\/users\/18083"}],"replies":[{"embeddable":true,"href":"https:\/\/blogsaverroes.juntadeandalucia.es\/ceipfernandogavilan\/wp-json\/wp\/v2\/comments?post=2676"}],"version-history":[{"count":1,"href":"https:\/\/blogsaverroes.juntadeandalucia.es\/ceipfernandogavilan\/wp-json\/wp\/v2\/posts\/2676\/revisions"}],"predecessor-version":[{"id":2677,"href":"https:\/\/blogsaverroes.juntadeandalucia.es\/ceipfernandogavilan\/wp-json\/wp\/v2\/posts\/2676\/revisions\/2677"}],"wp:attachment":[{"href":"https:\/\/blogsaverroes.juntadeandalucia.es\/ceipfernandogavilan\/wp-json\/wp\/v2\/media?parent=2676"}],"wp:term":[{"taxonomy":"category","embeddable":true,"href":"https:\/\/blogsaverroes.juntadeandalucia.es\/ceipfernandogavilan\/wp-json\/wp\/v2\/categories?post=2676"},{"taxonomy":"post_tag","embeddable":true,"href":"https:\/\/blogsaverroes.juntadeandalucia.es\/ceipfernandogavilan\/wp-json\/wp\/v2\/tags?post=2676"}],"curies":[{"name":"wp","href":"https:\/\/api.w.org\/{rel}","templated":true}]}}