{"id":2698,"date":"2025-01-21T23:05:30","date_gmt":"2025-01-21T22:05:30","guid":{"rendered":"https:\/\/blogsaverroes.juntadeandalucia.es\/ceipfernandogavilan\/?p=2698"},"modified":"2025-01-21T23:05:30","modified_gmt":"2025-01-21T22:05:30","slug":"proyecto-de-gestion","status":"publish","type":"post","link":"https:\/\/blogsaverroes.juntadeandalucia.es\/ceipfernandogavilan\/proyecto-de-gestion\/","title":{"rendered":"Proyecto de Gesti\u00f3n"},"content":{"rendered":"<p><b>PROYECTO DE GESTI\u00d3N&nbsp;<\/b><\/p>\n<p><span class=\"Apple-converted-space\">&nbsp;<\/span><\/p>\n<p>Apartados Del Proyecto De Gesti\u00f3n<span class=\"Apple-converted-space\">&nbsp;<\/span><\/p>\n<p>1. Introducci\u00f3n<span class=\"Apple-converted-space\">&nbsp;<\/span><\/p>\n<p>2. Criterios para la elaboraci\u00f3n del presupuesto anual del centro y distribuci\u00f3n de los ingresos entre las distintas partidas del gasto.<span class=\"Apple-converted-space\">&nbsp;<\/span><\/p>\n<p>3. Criterios para la gesti\u00f3n de las sustituciones de las ausencias del profesorado.<span class=\"Apple-converted-space\">&nbsp;<\/span><\/p>\n<p>4. Medidas para la conservaci\u00f3n y renovaci\u00f3n de las instalaciones y del equipamiento escolar.<span class=\"Apple-converted-space\">&nbsp;<\/span><\/p>\n<p>5. Criterios para la obtenci\u00f3n de ingresos derivados de la prestaci\u00f3n de servicios distintos de los gravados por tasas, as\u00ed como otros fondos procedentes de entes p\u00fablicos, privados o particulares.<span class=\"Apple-converted-space\">&nbsp;<\/span><\/p>\n<p>6. Procedimientos para la elaboraci\u00f3n del inventario anual general del centro.<span class=\"Apple-converted-space\">&nbsp;<\/span><\/p>\n<p>7. Criterios para una gesti\u00f3n sostenible de los recursos del centro y de los residuos que genere, que, en todo caso, ser\u00e1 eficiente y compatible con la conservaci\u00f3n del medio ambiente.<span class=\"Apple-converted-space\">&nbsp;<\/span><\/p>\n<p><span class=\"Apple-converted-space\">&nbsp;<\/span><\/p>\n<p><b>1. Introducci\u00f3n<span class=\"Apple-converted-space\">&nbsp;<\/span><\/b><\/p>\n<p>El Proyecto de gesti\u00f3n se define como el documento marco que desarrolla las l\u00edneas de gesti\u00f3n de forma que, desde la autonom\u00eda que nuestros centros tienen para definir nuestro Proyecto Educativo, asignemos las dotaciones econ\u00f3micas y materiales precisos para desarrollar los objetivos del Plan de Centro cada curso escolar. Todo ello, en base a la siguiente normativa:<span class=\"Apple-converted-space\">&nbsp;<\/span><\/p>\n<p>\u2219 Ley Org\u00e1nica 3\/2020, de 29 de diciembre, por la que se modifica la Ley Org\u00e1nica<span class=\"Apple-converted-space\">&nbsp; <\/span>2\/2006, de 3 de mayo, de Educaci\u00f3n.<span class=\"Apple-converted-space\">&nbsp;<\/span><\/p>\n<p>\u2219 Ley 17\/2007 del 10 de diciembre de educaci\u00f3n en Andaluc\u00eda (art.129).<span class=\"Apple-converted-space\">&nbsp;<\/span><\/p>\n<p>\u2219 Ley 9\/2017, de 8 de noviembre, de Contratos del Sector P\u00fablico, por la que se<span class=\"Apple-converted-space\">&nbsp; <\/span>transponen al ordenamiento jur\u00eddico espa\u00f1ol las Directivas del Parlamento Europeo y<span class=\"Apple-converted-space\">&nbsp; <\/span>del Consejo 2014\/23UE y 2014\/24\/UE, de 26 de febrero de 2014.<span class=\"Apple-converted-space\">&nbsp;<\/span><\/p>\n<p>\u2219 DECRETO 75\/2016, de 15 de marzo, por el que se crea el Registro Contable de<span class=\"Apple-converted-space\">&nbsp; <\/span>Facturas.<span class=\"Apple-converted-space\">&nbsp;<\/span><\/p>\n<p>\u2219 DECRETO 5\/2017, de 16 de enero, por el que se establece la garant\u00eda de lostiempos<span class=\"Apple-converted-space\">&nbsp; <\/span>de pago de determinadas obligaciones de la Administraci\u00f3n de laJunta de Andaluc\u00eda<span class=\"Apple-converted-space\">&nbsp; <\/span>y sus Entidades Instrumentales.<span class=\"Apple-converted-space\">&nbsp;<\/span><\/p>\n<p>\u2219 DECRETO 285\/2010, de 11 de mayo, por el que se regula el Sistema de Informaci\u00f3n<span class=\"Apple-converted-space\">&nbsp; <\/span>S\u00e9neca y se establece su utilizaci\u00f3n para la gesti\u00f3n del sistema educativo andaluz.<span class=\"Apple-converted-space\">&nbsp;<\/span><\/p>\n<p>\u2219 ORDEN de 10-5-2006 (BOJA 25-5-2006), conjunta de las Consejer\u00edas de Econom\u00eda y Hacienda y de Educaci\u00f3n, por la que se dictan instrucciones para la gesti\u00f3n econ\u00f3mica de los centros docentes p\u00fablicos dependientes de la Consejer\u00eda de Educaci\u00f3n y se delegan competencias en los Directores y Directoras de los mismos.<span class=\"Apple-converted-space\">&nbsp;<\/span><\/p>\n<p>\u2219 ORDEN de 11-5-2006 (BOJA 25-5-2006), conjunta de las Consejer\u00edas de Econom\u00eda y Hacienda y de Educaci\u00f3n, por la que se regula la gesti\u00f3n econ\u00f3mica de los fondos con destino a inversiones que perciban con cargo al presupuesto de la Consejer\u00eda de Educaci\u00f3n los centros docentes p\u00fablicos de educaci\u00f3n secundaria, de ense\u00f1anzas de r\u00e9gimen especial a excepci\u00f3n de los Conservatorios Elementales de M\u00fasica, y las Residencias Escolares, dependientes de la Consejer\u00eda de Educaci\u00f3n.<span class=\"Apple-converted-space\">&nbsp;<\/span><\/p>\n<p>\u2219 INSTRUCCI\u00d3N 1\/2005, de 8 de febrero, conjunta de la Intervenci\u00f3n General de la Junta de Andaluc\u00eda y la Secretar\u00eda General T\u00e9cnica de la Consejer\u00eda de Educaci\u00f3n, por la que se establece el procedimiento de comunicaci\u00f3n de las operaciones con terceros realizadas por los centros docentes p\u00fablicos no universitarios, a efectos de su inclusi\u00f3n en la declaraci\u00f3n anual de operaciones (modelo 347).<span class=\"Apple-converted-space\">&nbsp;<\/span><\/p>\n<p><span class=\"Apple-converted-space\">&nbsp;&nbsp;<\/span><\/p>\n<p>\u2219 INSTRUCCI\u00d3N de 11 de febrero de 2016 de la Secretar\u00eda General T\u00e9cnica de la<span class=\"Apple-converted-space\">&nbsp; <\/span>Consejer\u00eda de Educaci\u00f3n por la que se establece el procedimiento para la gesti\u00f3n de<span class=\"Apple-converted-space\">&nbsp; <\/span>las retenciones e ingresos del impuesto sobre la renta de las personas f\u00edsicas,<span class=\"Apple-converted-space\">&nbsp; <\/span>efectuadas por los centros docentes p\u00fablicos no universitarios, centros de<span class=\"Apple-converted-space\">&nbsp; <\/span>profesorado y residencias escolares de titularidad de la Junta de Andaluc\u00eda.<span class=\"Apple-converted-space\">&nbsp;<\/span><\/p>\n<p>\u2219 ORDEN de 27-2-1996 (BOJA 12-3-1996), por la que se regulan las cuentas de la Tesorer\u00eda General de la Comunidad Aut\u00f3noma Andaluza, abiertas en las entidades financieras<span class=\"Apple-converted-space\">&nbsp;<\/span><\/p>\n<p>\u2219 ORDEN de 29 de enero de 2015, por la que se regula el punto general de entrada de<span class=\"Apple-converted-space\">&nbsp; <\/span>facturas electr\u00f3nicas de la Comunidad Aut\u00f3noma de Andaluc\u00eda, as\u00ed como el uso de<span class=\"Apple-converted-space\">&nbsp; <\/span>la factura electr\u00f3nica en la Administraci\u00f3n de la Junta de Andaluc\u00eda y en las<span class=\"Apple-converted-space\">&nbsp; <\/span>entidades del sector p\u00fablico andaluz.<span class=\"Apple-converted-space\">&nbsp;<\/span><\/p>\n<p>\u2219 INFORME 6\/2018, DE 12 DE JULIO DE 2018 sobre diversas cuestiones de interpretaci\u00f3n de los expedientes de contrataci\u00f3n en contratos menores de la Ley 9\/2017, de 8 de noviembre de contratos del sector p\u00fablico.<span class=\"Apple-converted-space\">&nbsp;<\/span><\/p>\n<p><b>2. Criterios Para La Elaboraci\u00f3n Del Presupuesto Anual Del Centro Y Distribuci\u00f3n De Los Ingresos Entre Las Distintas Partidas Del Gasto<\/b>.<span class=\"Apple-converted-space\">&nbsp;<\/span><\/p>\n<p>1. Criterios para la elaboraci\u00f3n.<span class=\"Apple-converted-space\">&nbsp;<\/span><\/p>\n<p>El presupuesto del centro es el eje econ\u00f3mico para el normal funcionamiento en cuanto a necesidades para realizar adecuadamente su labor pedag\u00f3gica, as\u00ed como la estimaci\u00f3n de los ingresos que prevea obtener durante el correspondiente ejercicio. El presupuesto se compondr\u00e1 de un estado de ingresos y gastos. Se elaborar\u00e1 en primer lugar, teniendo en cuenta los remanentes del a\u00f1o anterior (si los hubiere) y tomando como referencia los gastos del curso anterior. Estos gastos ser\u00e1n analizados por el secretario\/a as\u00ed como por el Consejo Escolar de forma que \u00e9stos presenten un presupuesto lo m\u00e1s ajustado a las necesidades del centro. Las partidas espec\u00edficas recibidas desde la Consejer\u00eda de Educaci\u00f3n ser\u00e1n utilizadas para el fin al que se destinen. Las operaciones realizadas por el centro en ejecuci\u00f3n de supresupuesto, tanto de ingresos como de gastos, contar\u00e1n siempre con el oportuno soporte documental que acredite la legalidad de los ingresos y la justificaci\u00f3n de los gastos. La contabilizaci\u00f3n de los ingresos se efectuar\u00e1 con la aplicaci\u00f3n inform\u00e1tica SENECA de la Consejer\u00eda de Educaci\u00f3n de la Junta de Andaluc\u00eda.<span class=\"Apple-converted-space\">&nbsp;<\/span><\/p>\n<p>Las cuentas y los documentos justificativos deben recoger la totalidad de los gastos e ingresos habidos, con los asientos contables correspondientes y deben reunir los requisitos legales, registr\u00e1ndose en la carpeta de contabilidad. El presupuesto de gastos se realizar\u00e1 en funci\u00f3n de las necesidades que hubiere teniendo en cuenta para ello los ingresos estimados con vistas a la mejora de los resultados del alumnado. Las operaciones y anotaciones contables realizadas en medios inform\u00e1ticos ser\u00e1n encuadernadas correlativamente para formar los libros contables. Ser\u00e1n firmados y sellados cuando termine cada ejercicio. El centro mantendr\u00e1 en custodia esta documentaci\u00f3n durante un per\u00edodo m\u00ednimo de cinco a\u00f1os, desde la aprobaci\u00f3n de la cuenta de gesti\u00f3n.<span class=\"Apple-converted-space\">&nbsp;<\/span><\/p>\n<p>2.- Estructura Del Presupuesto.<span class=\"Apple-converted-space\">&nbsp;<\/span><\/p>\n<p>&nbsp;<\/p>\n<p>2.1.- Estado de Ingresos.<span class=\"Apple-converted-space\">&nbsp;<\/span><\/p>\n<p><b>Constituir\u00e1 el estado de ingresos<\/b>:<span class=\"Apple-converted-space\">&nbsp;<\/span><\/p>\n<p>\u2219 El saldo final o remanente de la cuenta de gesti\u00f3n del ejercicio anterior. En cualquier caso, los remanentes que est\u00e9n asociados a ingresos finalistas s\u00f3lo se podr\u00e1n presupuestar en el programa de gasto que los motiva.<span class=\"Apple-converted-space\">&nbsp;<\/span><\/p>\n<p>\u2219 Los pagos que le sean asignados por la Consejer\u00eda de Educaci\u00f3n para gastos de funcionamiento del centro.<span class=\"Apple-converted-space\">&nbsp;<\/span><\/p>\n<p>\u2219 Otras asignaciones procedentes de la Consejer\u00eda de Educaci\u00f3n, como las asignaciones del programa de gratuidad de libros de texto, y otros que la Consejer\u00eda determine, tales como Planes y Proyectos.<span class=\"Apple-converted-space\">&nbsp;<\/span><\/p>\n<p>\u2219 Fondos procedentes de otras personas y entidades.<span class=\"Apple-converted-space\">&nbsp;<\/span><\/p>\n<p>2.2.-Estado de Gastos.<span class=\"Apple-converted-space\">&nbsp;<\/span><\/p>\n<p>El presupuesto anual de gastos comprender\u00e1 la totalidad de los pagos necesarios para atender el normal funcionamiento del centro. Responder\u00e1 a la siguiente estructura:<span class=\"Apple-converted-space\">&nbsp;<\/span><\/p>\n<p>BIENES CORRIENTES Y SERVICIOS<span class=\"Apple-converted-space\">&nbsp;<\/span><\/p>\n<p>\u2022 Arrendamientos<span class=\"Apple-converted-space\">&nbsp;<\/span><\/p>\n<p>\u2022 Reparaci\u00f3n y conservaci\u00f3n.<span class=\"Apple-converted-space\">&nbsp;<\/span><\/p>\n<p>\u2022 Material no inventariable.<span class=\"Apple-converted-space\">&nbsp;<\/span><\/p>\n<p>\u2022 Suministros.<span class=\"Apple-converted-space\">&nbsp;<\/span><\/p>\n<p>\u2022 Comunicaciones.<span class=\"Apple-converted-space\">&nbsp;<\/span><\/p>\n<p>\u2022 Transportes.<span class=\"Apple-converted-space\">&nbsp;<\/span><\/p>\n<p>\u2022 Gastos diversos.<span class=\"Apple-converted-space\">&nbsp;<\/span><\/p>\n<p>\u2022 Trabajos realizados por otras empresas.<span class=\"Apple-converted-space\">&nbsp;<\/span><\/p>\n<p>ADQUISICIONES DE MATERIAL INVENTARIABLE<span class=\"Apple-converted-space\">&nbsp;<\/span><\/p>\n<p>\u2022 Uso general del centro.<span class=\"Apple-converted-space\">&nbsp;<\/span><\/p>\n<p>\u2022 Departamentos u otras unidades.<span class=\"Apple-converted-space\">&nbsp;<\/span><\/p>\n<p>INVERSIONES<span class=\"Apple-converted-space\">&nbsp;<\/span><\/p>\n<p>\u2022 Obras de reparaci\u00f3n, mejora o adecuaci\u00f3n de espacios e instalaciones.<span class=\"Apple-converted-space\">&nbsp;<\/span><\/p>\n<p>\u2022 Equipamientos.<span class=\"Apple-converted-space\">&nbsp;<\/span><\/p>\n<p><span class=\"Apple-converted-space\">&nbsp;&nbsp;<\/span><\/p>\n<p><b><i>Referentes normativos<span class=\"Apple-converted-space\">&nbsp;<\/span><\/i><\/b><\/p>\n<p>Art. 1 de la Orden de 10 de mayo de 2006, conjunta de las Consejer\u00edas de Econom\u00eda y Hacienda y de Educaci\u00f3n, por la que se dictan instrucciones para la gesti\u00f3n econ\u00f3mica de los centros docentes p\u00fablicos dependientes de la Consejer\u00eda de Educaci\u00f3n y se delegan competencias en los Directores y Directoras de los mismos (BOJA 25-5-2006). Estructura del presupuesto.<span class=\"Apple-converted-space\">&nbsp;<\/span><\/p>\n<p>El presupuesto de los centros docentes p\u00fablicos dependientes de la Consejer\u00eda de Educaci\u00f3n para cada curso escolar estar\u00e1 formado por el estado de ingresos y el de gastos, con la estructura que se establece en los art\u00edculos siguientes.<span class=\"Apple-converted-space\">&nbsp;<\/span><\/p>\n<p>Art. 2 de la Orden de 10 de mayo de 2006, conjunta de las Consejer\u00edas de Econom\u00eda y Hacienda y de Educaci\u00f3n, por la que se dictan instrucciones para la gesti\u00f3n econ\u00f3mica de los centros docentes p\u00fablicos dependientes de la Consejer\u00eda de Educaci\u00f3n y se delegan competencias en los Directores y Directoras de los mismos (BOJA 25-5-2006). Estado de ingresos.<span class=\"Apple-converted-space\">&nbsp;<\/span><\/p>\n<p>1. El estado de ingresos de cada centro docente estar\u00e1 formado por los cr\u00e9ditos que le sean asignados por la Consejer\u00eda de Educaci\u00f3n, por otros fondos procedentes del Estado, Comunidad Aut\u00f3noma, Diputaci\u00f3n, Ayuntamiento o cualquier otro Ente p\u00fablico o privado, por los ingresos derivados de la prestaci\u00f3n de servicios, distintos de los gravados por tasas, por los que se obtengan de la venta de material y de mobiliario obsoleto o deteriorado que deber\u00e1 ser aprobada por el Consejo Escolar y por cualesquiera otros que le pudiera corresponder.<span class=\"Apple-converted-space\">&nbsp;<\/span><\/p>\n<p>2. Para cada curso escolar, la Consejer\u00eda de Educaci\u00f3n, a trav\u00e9s de la Direcci\u00f3n General competente, fijar\u00e1 provisionalmente para cada uno de los centros docentes las cantidades asignadas para gastos de funcionamiento y proceder\u00e1 a su comunicaci\u00f3n a los mismos antes del d\u00eda 30 de noviembre de cada a\u00f1o.<span class=\"Apple-converted-space\">&nbsp;<\/span><\/p>\n<p>Con anterioridad al pago de liquidaci\u00f3n del curso escolar, la Consejer\u00eda de Educaci\u00f3n, a trav\u00e9s de la Direcci\u00f3n General competente, fijar\u00e1 la cantidad asignada definitivamente a cada centro.<span class=\"Apple-converted-space\">&nbsp;<\/span><\/p>\n<p>3. Asimismo, con anterioridad al 31 de enero de cada a\u00f1o, la Consejer\u00eda de Educaci\u00f3n, a trav\u00e9s de la Direcci\u00f3n General competente, comunicar\u00e1 a los centros que proceda la cantidad que con destino a inversiones deba recibir el centro para reparaciones, mejora, adecuaci\u00f3n y equipamiento de sus instalaciones.<span class=\"Apple-converted-space\">&nbsp;<\/span><\/p>\n<p>4. El presupuesto de ingresos se confeccionar\u00e1 de acuerdo con el modelo que figura como Anexo I de esta Orden, separando las partidas en tres columnas: a) La primera de ellas contendr\u00e1 la previsi\u00f3n de ingresos propios.<span class=\"Apple-converted-space\">&nbsp;<\/span><\/p>\n<p>b) La segunda contendr\u00e1 la previsi\u00f3n de ingresos como recursos procedentes de la Consejer\u00eda de Educaci\u00f3n, subdividi\u00e9ndose a su vez en dos columnas, una para anotar los ingresos para gastos de funcionamiento y otra para anotar, en su caso, los ingresos para inversiones.<span class=\"Apple-converted-space\">&nbsp;<\/span><\/p>\n<p>c) Cuando proceda, en la tercera columna se recoger\u00e1n los fondos procedentes de otras personas o entidades.<span class=\"Apple-converted-space\">&nbsp;<\/span><\/p>\n<p><span class=\"Apple-converted-space\">&nbsp;&nbsp;<\/span><\/p>\n<p>La suma de los importes de las tres columnas se corresponder\u00e1 con el global total de ingresos.<span class=\"Apple-converted-space\">&nbsp;<\/span><\/p>\n<p>Art. 3 de la Orden de 10 de mayo de 2006, conjunta de las Consejer\u00edas de Econom\u00eda y Hacienda y de Educaci\u00f3n, por la que se dictan instrucciones para la gesti\u00f3n econ\u00f3mica de los centros docentes p\u00fablicos dependientes de la Consejer\u00eda de Educaci\u00f3n y se delegan competencias en los Directores y Directoras de los mismos (BOJA 25-5-2006). Estado de gastos.<span class=\"Apple-converted-space\">&nbsp;<\/span><\/p>\n<p>1. La confecci\u00f3n del estado de gastos con cargo a recursos propios, procedentes de otras entidades o procedentes del presupuesto de la Consejer\u00eda de Educaci\u00f3n para gastos de funcionamiento, se efectuar\u00e1 conforme al modelo que figura como Anexo II de esta Orden, sin m\u00e1s limitaciones que su ajuste a los cr\u00e9ditos disponibles, a su distribuci\u00f3n entre las cuentas de gasto que sean necesarias para su normal funcionamiento, seg\u00fan la estructura que figura en el Anexo III de esta Orden, y a la consecuci\u00f3n de los objetivos o finalidades para los que han sido librados tales fondos. 2. Los centros docentes podr\u00e1n efectuar adquisiciones de equipos y material inventariable, con cargo a los fondos percibidos con cargo al presupuesto de la Consejer\u00eda de Educaci\u00f3n para gastos de funcionamiento, siempre que concurran las circunstancias siguientes:<span class=\"Apple-converted-space\">&nbsp;<\/span><\/p>\n<p>a. Que queden cubiertas todas las necesidades para el normal funcionamiento del centro.<span class=\"Apple-converted-space\">&nbsp;<\/span><\/p>\n<p>b. Que dichas adquisiciones tengan un l\u00edmite m\u00e1ximo que quedar\u00e1 cuantificado en el 10% del cr\u00e9dito anual librado a cada centro con cargo al presupuesto de la Consejer\u00eda de Educaci\u00f3n para gastos de funcionamiento del mismo y se realicen previo informe de la correspondiente Delegaci\u00f3n Provincial de la Consejer\u00eda de Educaci\u00f3n sobre la inclusi\u00f3n o no del material de que se trate en la programaci\u00f3n anual de adquisici\u00f3n centralizada para ese centro. No estar\u00e1 sujeto a esta limitaci\u00f3n el material bibliogr\u00e1fico que el centro adquiera.<span class=\"Apple-converted-space\">&nbsp;<\/span><\/p>\n<p>c. Que la propuesta de adquisici\u00f3n sea aprobada por el Consejo Escolar del centro.<span class=\"Apple-converted-space\">&nbsp;<\/span><\/p>\n<p>3. La confecci\u00f3n del estado de gastos, con cargo a recursos procedentes del presupuesto de la Consejer\u00eda de Educaci\u00f3n para inversiones, se efectuar\u00e1 conforme al modelo que figura como Anexo II de esta Orden, ajust\u00e1ndose a los fondos disponibles, a la finalidad para la que han sido librados tales fondos y a su distribuci\u00f3n entre las cuentas de gastos que sean necesarias para su mejor control, seg\u00fan la estructura que figura como Anexo III de esta Orden.<span class=\"Apple-converted-space\">&nbsp;<\/span><\/p>\n<p>Art. 4 de la Orden de 10 de mayo de 2006, conjunta de las Consejer\u00edas de Econom\u00eda y Hacienda y de Educaci\u00f3n, por la que se dictan instrucciones para la gesti\u00f3n econ\u00f3mica de los centros docentes p\u00fablicos dependientes de la Consejer\u00eda de Educaci\u00f3n y se delegan competencias en los Directores y Directoras de los mismos (BOJA 25-5-2006). Elaboraci\u00f3n y aprobaci\u00f3n del presupuesto.<span class=\"Apple-converted-space\">&nbsp;<\/span><\/p>\n<p><span class=\"Apple-converted-space\">&nbsp;&nbsp;<\/span><\/p>\n<p>1. El proyecto del presupuesto ser\u00e1 elaborado por el Secretario o Secretaria del centro docente de acuerdo con lo establecido en los art\u00edculos 2 y 3 de esta Orden. 2. El proyecto de presupuesto del centro ser\u00e1 inicialmente elaborado sobre la base de los recursos econ\u00f3micos consolidados recibidos por el mismo en los cursos acad\u00e9micos anteriores. Una vez comunicadas por la Consejer\u00eda de Educaci\u00f3n las cantidades asignadas a cada centro para gastos de funcionamiento y, en su caso, para inversiones, se proceder\u00e1 al ajuste del presupuesto a tales disponibilidades econ\u00f3micas.<span class=\"Apple-converted-space\">&nbsp;<\/span><\/p>\n<p>3. Corresponde al Consejo Escolar, previo informe de su Comisi\u00f3n Econ\u00f3mica, el estudio y aprobaci\u00f3n del presupuesto, que deber\u00e1 realizarse dentro de las limitaciones presupuestarias derivadas de la asignaci\u00f3n fijada por la Consejer\u00eda de Educaci\u00f3n. La referida aprobaci\u00f3n tendr\u00e1 lugar, para el presupuesto inicialmente elaborado, antes de la finalizaci\u00f3n del mes de octubre de cada a\u00f1o.<span class=\"Apple-converted-space\">&nbsp;<\/span><\/p>\n<p>La aprobaci\u00f3n del ajuste presupuestario que proceda se realizar\u00e1 en el plazo de un mes, contado a partir de la fecha en la que el centro recibe la comunicaci\u00f3n de la cantidad asignada por la Consejer\u00eda de Educaci\u00f3n para gastos de funcionamiento y, en su caso, para inversiones.<span class=\"Apple-converted-space\">&nbsp;<\/span><\/p>\n<p>4. La aprobaci\u00f3n del presupuesto en los centros que no tuvieran constituido el Consejo Escolar corresponder\u00e1 a la respectiva Delegaci\u00f3n Provincial de la Consejer\u00eda de Educaci\u00f3n, debiendo efectuarse \u00e9sta en los mismos plazos establecidos en el apartado anterior.<span class=\"Apple-converted-space\">&nbsp;<\/span><\/p>\n<p>Art. 5 de la Orden de 10 de mayo de 2006, conjunta de las Consejer\u00edas de Econom\u00eda y Hacienda y de Educaci\u00f3n, por la que se dictan instrucciones para la gesti\u00f3n econ\u00f3mica de los centros docentes p\u00fablicos dependientes de la Consejer\u00eda de Educaci\u00f3n y se delegan competencias en los Directores y Directoras de los mismos (BOJA 25-5-2006). Vinculaci\u00f3n.<span class=\"Apple-converted-space\">&nbsp;<\/span><\/p>\n<p>El presupuesto vincular\u00e1 al centro docente en su cuant\u00eda total, pudiendo reajustarse, con las mismas formalidades previstas para su aprobaci\u00f3n, en funci\u00f3n de las necesidades que se produzcan.<span class=\"Apple-converted-space\">&nbsp;<\/span><\/p>\n<p>No obstante, no podr\u00e1n realizarse reajustes que permitan destinar las cantidades recibidas para inversiones a otros gastos de funcionamiento, ni tampoco aplicar las cantidades correspondientes a estos \u00faltimos a gastos de inversi\u00f3n, sin perjuicio de lo establecido en el apartado 2 del art\u00edculo de la presente Orden.<span class=\"Apple-converted-space\">&nbsp;<\/span><\/p>\n<p>Art. 2 de la Orden de 11 de mayo de 2006, conjunta de las Consejer\u00edas de Econom\u00eda y Hacienda y de Educaci\u00f3n, por la que se regula la gesti\u00f3n econ\u00f3mica de los fondos con destino a inversiones que perciban con cargo al presupuesto de la Consejer\u00eda de Educaci\u00f3n los centros docentes p\u00fablicos de educaci\u00f3n secundaria, de ense\u00f1anzas de r\u00e9gimen especial a excepci\u00f3n de los Conservatorios Elementales de M\u00fasica, y las Residencias Escolares, dependientes de la Consejer\u00eda de Educaci\u00f3n (BOJA 25-5- 2006). Aplicaci\u00f3n de los fondos.<span class=\"Apple-converted-space\">&nbsp;<\/span><\/p>\n<p><span class=\"Apple-converted-space\">&nbsp;&nbsp;<\/span><\/p>\n<p>1. De acuerdo con lo establecido en la Ley 7\/1987, de 26 de junio, de gratuidad de los estudios en los centros p\u00fablicos de Bachillerato, Formaci\u00f3n Profesional y Artes Aplicadas y Oficios Art\u00edsticos y autonom\u00eda de gesti\u00f3n econ\u00f3mica de los centros docentes p\u00fablicos no universitarios, y en la legislaci\u00f3n b\u00e1sica estatal, que atribuye competencias a la Direcci\u00f3n de los centros para la contrataci\u00f3n de obras, servicios y suministros, as\u00ed como para autorizar los gastos con cargo al presupuesto del centro y ordenar los pagos, de acuerdo con lo que establezcan las Administraciones educativas, los centros docentes p\u00fablicos de educaci\u00f3n secundaria, de ense\u00f1anzas de r\u00e9gimen especial a excepci\u00f3n de los Conservatorios Elementales de M\u00fasica, y las Residencias Escolares, podr\u00e1n recibir fondos para gestionar inversiones con cargo al Cap\u00edtulo VI del Presupuesto de la Comunidad Aut\u00f3noma de Andaluc\u00eda.<span class=\"Apple-converted-space\">&nbsp;<\/span><\/p>\n<p>2. La Administraci\u00f3n educativa determinar\u00e1 las cuant\u00edas que correspondan a inversiones, claramente identificadas respecto del montante global asignado a cada centro docente, quedando afectas al cumplimiento de esta finalidad y no pudiendo aplicarse a otro concepto distinto de gasto.<span class=\"Apple-converted-space\">&nbsp;<\/span><\/p>\n<p>3. Las cuant\u00edas a que se refiere el apartado anterior ser\u00e1n utilizadas para reparaci\u00f3n, mejora, adecuaci\u00f3n y equipamiento del centro docente, quedando comprendidas, entre otras, las siguientes actuaciones susceptibles de ser ejecutadas con cargo a tales fondos:<span class=\"Apple-converted-space\">&nbsp;<\/span><\/p>\n<p>\u25aa Obras en accesos, cerramientos, fachadas y cubiertas.<span class=\"Apple-converted-space\">&nbsp;<\/span><\/p>\n<p>\u25aa Pintura y rotulaci\u00f3n.<span class=\"Apple-converted-space\">&nbsp;<\/span><\/p>\n<p>\u25aa Obras para la adecuaci\u00f3n de espacios.<span class=\"Apple-converted-space\">&nbsp;<\/span><\/p>\n<p>\u25aa Elementos de climatizaci\u00f3n de los edificios.<span class=\"Apple-converted-space\">&nbsp;<\/span><\/p>\n<p>\u25aa Adecuaci\u00f3n de las instalaciones el\u00e9ctricas.<span class=\"Apple-converted-space\">&nbsp;<\/span><\/p>\n<p>\u25aa Adecuaci\u00f3n de instalaciones de comunicaciones.<span class=\"Apple-converted-space\">&nbsp;<\/span><\/p>\n<p>\u25aa Adecuaci\u00f3n de instalaciones sanitarias.<span class=\"Apple-converted-space\">&nbsp;<\/span><\/p>\n<p>\u25aa Instalaci\u00f3n o adecuaci\u00f3n de medidas de seguridad.<span class=\"Apple-converted-space\">&nbsp;<\/span><\/p>\n<p>\u25aa Adquisici\u00f3n e instalaci\u00f3n de elementos para el equipamiento del centro.<span class=\"Apple-converted-space\">&nbsp;<\/span><\/p>\n<p>\u25aa Adquisici\u00f3n e instalaci\u00f3n de elementos para el equipamiento docente.<span class=\"Apple-converted-space\">&nbsp;<\/span><\/p>\n<p>\u25aa Aquellas otras actuaciones que sean de naturaleza similar a las enumeradas anteriormente.<span class=\"Apple-converted-space\">&nbsp;<\/span><\/p>\n<p><b>3. Criterios Para La Gesti\u00f3n De Las Sustituciones De Las Ausencias Del Profesorado.<\/b><span class=\"Apple-converted-space\">&nbsp;<\/span><\/p>\n<p>Se seguir\u00e1n los criterios establecidos en la ORDEN de 8 de septiembre de 2010, por la que se establece el procedimiento para la gesti\u00f3n de las sustituciones del profesorado de los centros docentes p\u00fablicos dependientes de la Consejer\u00eda de Educaci\u00f3n.<span class=\"Apple-converted-space\">&nbsp;<\/span><\/p>\n<p>1.-Bajas de corta duraci\u00f3n, hasta tres d\u00edas. Se cubren con el cuadrante del profesorado de Refuerzo, realizado por la Jefatura de Estudios, una vez confeccionados y aprobados todos los horarios del centro. El profesorado que va cubriendo estas bajas, se va alternando seg\u00fan las necesidades del Centro, con el fin que a final de curso sea igualitario el n\u00famero de sustituciones para todo el profesorado. El orden de prioridad ser\u00e1 la siguiente:<span class=\"Apple-converted-space\">&nbsp;<\/span><\/p>\n<ul>\n<li>Profesorado con horario de Refuerzo educativo.<span class=\"Apple-converted-space\">&nbsp;<\/span><\/li>\n<li>Profesorado de apoyo.<\/li>\n<li>Profesorado Coordinador de Equipos de Ciclos, proyectos.<\/li>\n<li>Equipo de orientaci\u00f3n.<\/li>\n<\/ul>\n<p>\u2043 Equipo directivo.<\/p>\n<p>\u2043 Mayores de 55<span class=\"Apple-converted-space\">&nbsp;<\/span><\/p>\n<p>\u2043 Agrupamiento de alumnado.<span class=\"Apple-converted-space\">&nbsp;<\/span><\/p>\n<p>Cuando haya razones que lo justifiquen, la Jefatura de Estudios podr\u00e1 alterar el orden establecido para cubrir estas ausencias de corta duraci\u00f3n.<span class=\"Apple-converted-space\">&nbsp;<\/span><\/p>\n<p>2.-Bajas de larga duraci\u00f3n. La direcci\u00f3n del centro ser\u00e1 la competente para decidir cu\u00e1ndo se sustituir\u00e1n las ausencias del profesorado con personal externo y, por tanto, con cargo al n\u00famero de jornadas completas de profesorado sustituto puesto a disposici\u00f3n del centro para esta funci\u00f3n, y cu\u00e1ndo se atender\u00e1n con los recursos propios del centro. Una vez por trimestre, se informar\u00e1 al Claustro de profesorado y Consejo Escolar sobre las decisiones tomadas.<span class=\"Apple-converted-space\">&nbsp;<\/span><\/p>\n<p><b><i>Referentes normativos<span class=\"Apple-converted-space\">&nbsp;<\/span><\/i><\/b><\/p>\n<p>Orden de 8 de septiembre de 2010, por la que se establece el procedimiento para la gesti\u00f3n de las sustituciones del profesorado de los centros docentes p\u00fablicos dependientes de esta Consejer\u00eda (BOJA 17-09-2010).<span class=\"Apple-converted-space\">&nbsp;<\/span><\/p>\n<p><b>4. Medidas Para La Conservaci\u00f3n Y Renovaci\u00f3n De Las Instalaciones Y Del Equipamiento Escolar.<\/b><span class=\"Apple-converted-space\">&nbsp;<\/span><\/p>\n<p>\u2219 El Equipo directivo, siguiendo las directrices del Claustro y del Consejo Escolar del centro, mantendr\u00e1 un contacto fluido con el Excmo. Ayuntamiento, en especial con la persona que ostente la Alcald\u00eda y Concejal\u00eda de Educaci\u00f3n, para solucionar los problemas que se presenten en la conservaci\u00f3n de las instalaciones.<span class=\"Apple-converted-space\">&nbsp;<\/span><\/p>\n<p>\u2219 Para la renovaci\u00f3n de las instalaciones y del equipamiento escolar se tramitar\u00e1n todas las demandas planteadas por el Consejo Escolar del centro a los organismos competentes como Ayuntamiento, Delegaci\u00f3n Provincial y Consejer\u00eda de Educaci\u00f3n.<span class=\"Apple-converted-space\">&nbsp;<\/span><\/p>\n<p>\u2219 Siempre que la gesti\u00f3n econ\u00f3mica del Colegio lo permita y el Consejo Escolar as\u00ed lo apruebe, se podr\u00e1n atender necesidades que mejoren nuestras instalaciones, en pro de una mejor calidad de los servicios que prestamos a la comunidad educativa.<span class=\"Apple-converted-space\">&nbsp;<\/span><\/p>\n<p>\u2219 Consideramos una norma de convivencia el uso adecuado de los materiales, instalaciones y edificios del centro. El uso negligente o malintencionado de los mismos ser\u00e1 considerado una conducta contraria o gravemente contraria a las normas de convivencia.<span class=\"Apple-converted-space\">&nbsp;<\/span><\/p>\n<p>\u2219 Cualquier miembro de la Comunidad es responsable de cumplir y hacer cumplir estas normas de buen uso de materiales, instalaciones, edificios y otros recursos del centro.<span class=\"Apple-converted-space\">&nbsp; &nbsp;<\/span><\/p>\n<p>\u2219 En el caso de da\u00f1os producidos por mal uso con intencionalidad hacia los materiales, instalaciones o edificios del centro, la direcci\u00f3n podr\u00e1 exigir a las personas responsables la reparaci\u00f3n de los da\u00f1os o desperfectos ocasionados, la realizaci\u00f3n de tareas de mantenimiento o embellecimiento del centro que compense el da\u00f1o producido, o el abono de los gastos producidos por los da\u00f1os ocasionados.<span class=\"Apple-converted-space\">&nbsp;<\/span><\/p>\n<p>\u2219 Para evitar futuros perjuicios, cualquier instalaci\u00f3n, maquinaria, aparato, que vaya a funcionar en el centro, deber\u00e1 contar con la supervisi\u00f3n t\u00e9cnica del \u00f3rgano competente y cumplir las normas homologadas por la administraci\u00f3n competente-<span class=\"Apple-converted-space\">&nbsp;<\/span><\/p>\n<p>\u2219 Existir\u00e1 un cuaderno de incidencias a disposici\u00f3n de los miembros de la comunidad para que notifiquen las deficiencias encontradas en cualquier instalaci\u00f3n, material o edificio del centro. Este documento se encuentra en conserjer\u00eda.<span class=\"Apple-converted-space\">&nbsp;<\/span><\/p>\n<p>\u2219 Las instalaciones, juegos, mobiliarios, etc. que no re\u00fanan garant\u00edas de seguridad se inutilizar\u00e1n inmediatamente, procediendo a la gesti\u00f3n de la incidencia a la mayor brevedad.<span class=\"Apple-converted-space\">&nbsp;<\/span><\/p>\n<p><b><i>Referentes normativos<\/i><\/b><span class=\"Apple-converted-space\">&nbsp;<\/span><\/p>\n<p>Orden de 10 de mayo de 2006, conjunta de las Consejer\u00edas de Econom\u00eda y Hacienda y de Educaci\u00f3n, por la que se dictan instrucciones para la gesti\u00f3n econ\u00f3mica de los centros docentes p\u00fablicos dependientes de la Consejer\u00eda de Educaci\u00f3n y se delegan competencias en los Directores y Directoras de los mismos (BOJA 25-5-2006). Orden de 11 de mayo de 2006, conjunta de las Consejer\u00edas de Econom\u00eda y Hacienda y de Educaci\u00f3n, por la que se regula la gesti\u00f3n econ\u00f3mica de los fondos con destino a inversiones que perciban con cargo al presupuesto de la Consejer\u00eda de Educaci\u00f3n los centros docentes p\u00fablicos de educaci\u00f3n secundaria, de ense\u00f1anzas de r\u00e9gimen especial a excepci\u00f3n de los Conservatorios Elementales de M\u00fasica, y las Residencias Escolares, dependientes de la Consejer\u00eda de Educaci\u00f3n (BOJA 25-5-2006).<span class=\"Apple-converted-space\">&nbsp;<\/span><\/p>\n<p><b>5. Criterios Para La Obtenci\u00f3n De Ingresos Derivados De La Prestaci\u00f3n De Servicios Distintos De Los Gravados Por Tasas, As\u00ed Como Otros Fondos Procedentes De Entes P\u00fablicos, Privados O Particulares<\/b>.<span class=\"Apple-converted-space\">&nbsp;<\/span><\/p>\n<p>El Centro, cumpliendo escrupulosamente con la normativa vigente, podr\u00e1 obtener fondos econ\u00f3micos o de equipamiento escolar, al ceder parte de sus instalaciones a entidades p\u00fablicas, privadas o particulares, siempre que as\u00ed lo soliciten y que sean aprobadas por el Consejo Escolar del centro. Dichas entidades, previo contrato firmado por la Entidad y la Direcci\u00f3n del Colegio, ser\u00e1n responsables de los da\u00f1os que se pudiesen ocasionar en las instalaciones, como resultado de su uso. Los fondos econ\u00f3micos obtenidos se ingresar\u00e1n en las partidas de entrada del Centro. Estos ingresos son derivados de la prestaci\u00f3n de servicios, uso de instalaciones, as\u00ed como otros fondos procedentes de entes p\u00fablicos, privados o particulares.<span class=\"Apple-converted-space\">&nbsp;<\/span><\/p>\n<p>El centro podr\u00e1 obtener otros ingresos provenientes de:<\/p>\n<p>1. Aportaciones procedentes del Estado, Comunidad Aut\u00f3noma, Diputaci\u00f3n, Ayuntamiento o cualquier otro Ente p\u00fablico o privado, etc.<span class=\"Apple-converted-space\">&nbsp;<\/span><\/p>\n<p>2. Otros recursos obtenidos en virtud de la autonom\u00eda de gesti\u00f3n de que gozan los centros docentes p\u00fablicos como:<span class=\"Apple-converted-space\">&nbsp;<\/span><\/p>\n<p>\u2219 Ingresos procedentes de convenios formalizados con asociaciones culturales o entidades sin \u00e1nimo de lucro, para el desarrollo de actividades extraescolares y complementarias.<span class=\"Apple-converted-space\">&nbsp;<\/span><\/p>\n<p>\u2219 Ingresos procedentes de convenios de colaboraci\u00f3n con organismos y entidades en materia de formaci\u00f3n de alumnado en el centro.<span class=\"Apple-converted-space\">&nbsp;<\/span><\/p>\n<p>\u2219 Ingresos derivados de la utilizaci\u00f3n ocasional de las instalaciones del centro para fines educativos.<span class=\"Apple-converted-space\">&nbsp;<\/span><\/p>\n<p>\u2219 Cualquier otro ingreso, para el que deber\u00e1 contar con la autorizaci\u00f3n de la Direcci\u00f3n.<span class=\"Apple-converted-space\">&nbsp;<\/span><\/p>\n<p><b><i>Referentes normativos<\/i><\/b><span class=\"Apple-converted-space\">&nbsp;<\/span><\/p>\n<p>Orden de 10 de mayo de 2006, conjunta de las Consejer\u00edas de Econom\u00eda y Hacienda y de Educaci\u00f3n, por la que se dictan instrucciones para la gesti\u00f3n econ\u00f3mica de los centros docentes p\u00fablicos dependientes de la Consejer\u00eda de Educaci\u00f3n y se delegan competencias en los Directores y Directoras de los mismos (BOJA 25-5- 2006).<span class=\"Apple-converted-space\">&nbsp;<\/span><\/p>\n<p>Orden de 3 de agosto de 2010, por la que se regulan los servicios complementarios de la ense\u00f1anza de aula matinal, comedor escolar y actividades extraescolares en los centros docentes p\u00fablicos, as\u00ed como la ampliaci\u00f3n de horario (BOJA 12-08-2010).<span class=\"Apple-converted-space\">&nbsp;<\/span><\/p>\n<p>Decreto 155\/1997, de 10 de junio, por el que se regula la cooperaci\u00f3n de las entidades locales con la administraci\u00f3n de la Junta de Andaluc\u00eda en materia educativa (BOJA 15-07-1997).<span class=\"Apple-converted-space\">&nbsp;<\/span><\/p>\n<p><b>6. Procedimientos Para La Elaboraci\u00f3n Del Inventario Anual General Del Centro<\/b>.<span class=\"Apple-converted-space\">&nbsp;<\/span><\/p>\n<p><span class=\"Apple-converted-space\">&nbsp;<\/span><\/p>\n<p>Los centros docentes p\u00fablicos dependientes de la Consejer\u00eda de Educaci\u00f3n delegan competencias en los Directores para los registros de inventarios anuales seg\u00fan el apartado 1 del art\u00edculo 12 de la orden de 10 de mayo de 2006, conjunta de las Consejer\u00edas de Econom\u00eda y Hacienda y de Educaci\u00f3n, por la que se dictan instrucciones para la gesti\u00f3n econ\u00f3mica de los centros docentes p\u00fablicos dependientes de la Consejer\u00eda de Educaci\u00f3n y se delegan competencias en los Directores y Directoras de los mismos:<span class=\"Apple-converted-space\">&nbsp;<\/span><\/p>\n<p>El Registro de inventario recoge los movimientos de material inventariable del centro incluyendo tanto las nuevas incorporaciones como las bajas que se produzcan, seg\u00fan el apartado 2 de la citada orden. Tendr\u00e1 car\u00e1cter de material inventariable, entre otros, el siguiente: mobiliario, equipo de oficina, equipo inform\u00e1tico, equipo audiovisual no fungible, copiadoras, material docente no fungible, m\u00e1quinas y herramientas, material deportivo y, en general, todo aquel que no sea fungible. El Registro de inventario est\u00e1 confeccionado conforme a los modelos que figuran en S\u00e9neca, teniendo en cuenta lo siguiente:<span class=\"Apple-converted-space\">&nbsp;<\/span><\/p>\n<p>1. N\u00famero de registro: Numeraci\u00f3n correlativa de las adquisiciones<span class=\"Apple-converted-space\">&nbsp;<\/span><\/p>\n<p>2. Fecha de alta: Fecha en la que el material es puesto a disposici\u00f3n del centro.<span class=\"Apple-converted-space\">&nbsp;<\/span><\/p>\n<p>3. Fecha de baja: Fecha en la que el material deja de formar parte del inventario del centro.<span class=\"Apple-converted-space\">&nbsp;<\/span><\/p>\n<p>4. N\u00famero de unidades: N\u00famero de unidades que causan alta o baja.<span class=\"Apple-converted-space\">&nbsp;<\/span><\/p>\n<p>5. Descripci\u00f3n del material: Se indicar\u00e1 el tipo de material adquirido<span class=\"Apple-converted-space\">&nbsp;<\/span><\/p>\n<p>6. Localizaci\u00f3n: Lugar o dependencia f\u00edsica donde se encuentra ubicado 7. Motivo de la baja: Causa que provoca la baja del material afectado.<span class=\"Apple-converted-space\">&nbsp;<\/span><\/p>\n<p>Para llevar un control riguroso de todo el Inventario General del Centro \u00e9ste quedar\u00e1 dividido en las siguientes subcategor\u00edas:<span class=\"Apple-converted-space\">&nbsp;<\/span><\/p>\n<p>Inventario de material deportivo.<span class=\"Apple-converted-space\">&nbsp;<\/span><\/p>\n<p>Inventario por Aulas.<span class=\"Apple-converted-space\">&nbsp;<\/span><\/p>\n<p>Inventario de biblioteca.<span class=\"Apple-converted-space\">&nbsp;<\/span><\/p>\n<p>Inventario de libros de texto.<span class=\"Apple-converted-space\">&nbsp;<\/span><\/p>\n<p>Inventario de material inform\u00e1tico y Escuela TIC 2.0.<span class=\"Apple-converted-space\">&nbsp;<\/span><\/p>\n<p>Inventario del Plan de Apoyo a las Familias Andaluzas.<span class=\"Apple-converted-space\">&nbsp;<\/span><\/p>\n<p>Inventario de material biling\u00fce.<span class=\"Apple-converted-space\">&nbsp;<\/span><\/p>\n<p>Inventario de material cedido\/pr\u00e9stamo.<span class=\"Apple-converted-space\">&nbsp;<\/span><\/p>\n<p>Inventario de los elementos de seguridad y del plan de autoprotecci\u00f3n.<span class=\"Apple-converted-space\">&nbsp;<\/span><\/p>\n<p>Inventario del material deportivo.<span class=\"Apple-converted-space\">&nbsp;<\/span><\/p>\n<p>Haremos una relaci\u00f3n de todo el material deportivo en uso, as\u00ed como de aquel que se encuentra en estado de renovaci\u00f3n.<span class=\"Apple-converted-space\">&nbsp;<\/span><\/p>\n<p>Inventario por aulas.<span class=\"Apple-converted-space\">&nbsp;<\/span><\/p>\n<p>Crearemos una relaci\u00f3n de todo el material disponible en cada aula y que no va a cambiar de ubicaci\u00f3n. En la \u00faltima sesi\u00f3n del ETCP a celebrar en el mes junio de cada a\u00f1o, cada profesor entregar\u00e1 el listado de materiales con las altas y bajas en el inventario de su aula incluso si no hay novedades, especific\u00e1ndolo a trav\u00e9s de ese documento.<span class=\"Apple-converted-space\">&nbsp;<\/span><\/p>\n<p>I<\/p>\n<p>nventario de biblioteca.<span class=\"Apple-converted-space\">&nbsp;<\/span><\/p>\n<p>Por sus especiales caracter\u00edsticas, existir\u00e1 tambi\u00e9n Registro de inventario de biblioteca, llevado desde el programa ABIES, donde quedar\u00e1n catalogados todos los libros que pasen a formar parte de la misma, cualquiera que sea su procedencia. El coordinador del Plan de lectura y Biblioteca ser\u00e1 el encargado de hacer el inventario, y del control, actualizaci\u00f3n, distribuci\u00f3n y custodia de todo el material. Contar\u00e1 con la supervisi\u00f3n del secretario del centro.<span class=\"Apple-converted-space\">&nbsp;<\/span><\/p>\n<p>Inventario de libros de texto.<span class=\"Apple-converted-space\">&nbsp;<\/span><\/p>\n<p>El Registro de inventario del Programa de Gratuidad de Libros de Texto, lo realizaremos conforme al apartado 4 de las normas de funcionamiento del centro, incluidos en el ROF. Este inventario se ejecutar\u00e1 mediante el listado del cheque libros del alumnado y el sello del centro en la primera hoja, d\u00f3nde aparecer\u00e1 el nombre del centro y el del alumno\/a que lo tuviera durante ese curso escolar. Los tutores ser\u00e1n los encargados de sellar y distribuir los libros entre sus alumnos\/as.<span class=\"Apple-converted-space\">&nbsp;<\/span><\/p>\n<p>Inventario de material inform\u00e1tico y escuela tic 2.0.<span class=\"Apple-converted-space\">&nbsp;<\/span><\/p>\n<p>Recogeremos en este apartado todo el material inform\u00e1tico y el perteneciente al proyecto Escuela TIC 2.0, especificando su ubicaci\u00f3n dentro del centro. El control de este material estar\u00e1 a cargo del Coordinador\/a TIC con la supervisi\u00f3n del secretario del centro y se utilizar\u00e1 para ello la aplicaci\u00f3n SENECA.<span class=\"Apple-converted-space\">&nbsp;<\/span><\/p>\n<p>Inventariado del plan de apoyo a las familias<span class=\"Apple-converted-space\">&nbsp;<\/span><\/p>\n<p>En este cap\u00edtulo quedar\u00e1 recogido todo el material que el centro tiene a disposici\u00f3n de este proyecto. Aqu\u00ed entrar\u00e1 el material del que el aula matinal dispone, el del comedor y el que se utiliza en las diferentes actividades extraescolares. Los encargados de inventariar todo este material ser\u00e1n los monitores y las personas que trabajan en el aula matinal y en el comedor, bajo la supervisi\u00f3n del coordinador de este proyecto.<span class=\"Apple-converted-space\">&nbsp;<\/span><\/p>\n<p>Inventario del material biling\u00fce.<span class=\"Apple-converted-space\">&nbsp;<\/span><\/p>\n<p>Incluiremos todo el material llegado al centro a trav\u00e9s de Consejer\u00eda, todo lo que el colegio ha adquirido a lo largo de los a\u00f1os y todo el material que el profesorado ha elaborado. El control de estos materiales estar\u00e1 a cargo del Coordinador biling\u00fce.<span class=\"Apple-converted-space\">&nbsp;<\/span><\/p>\n<p>Inventario de material cedido\/pr\u00e9stamo.<span class=\"Apple-converted-space\">&nbsp;<\/span><\/p>\n<p>Relacionaremos en este apartado todo el material que llegue al centro con car\u00e1cter permanente o temporal y se le pondr\u00e1 registro de entrada y de salida. Ser\u00e1 funci\u00f3n del secretario del centro el control, conservaci\u00f3n, custodia y devoluci\u00f3n, si procede, del material recibido\/cedido. El control se llevar\u00e1 cabo a trav\u00e9s de la recopilaci\u00f3n de los contratos de cesi\u00f3n y pr\u00e9stamo.<span class=\"Apple-converted-space\">&nbsp;<\/span><\/p>\n<p>Inventario de los elementos de seguridad y del plan de autoprotecci\u00f3n.<span class=\"Apple-converted-space\">&nbsp;<\/span><\/p>\n<p>En este apartado plasmaremos los elementos de seguridad con que cuenta el centro: Alarmas, c\u00e1maras de vigilancia, sensores t\u00e9rmicos, elementos contra incendios, extintores, etc. Asimismo, se anotar\u00e1 los botiquines que hay en el colegio, su contenido y ubicaci\u00f3n. La persona responsable del Plan de Autoprotecci\u00f3n ser\u00e1 la encargada de completar y revisar la hoja de seguimiento de este material. La custodia y supervisi\u00f3n de la misma correr\u00e1 a cargo de la persona que ostenta la secretar\u00eda del centro.<span class=\"Apple-converted-space\">&nbsp;<\/span><\/p>\n<p>El Secretario, encargado de custodiar todo el Inventario General del Centro, los recopilar\u00e1 y encuadernar\u00e1 al lado del resto de altas y bajas para su aprobaci\u00f3n en el Consejo Escolar, junto con los dem\u00e1s registros contables, antes de d\u00eda 30 de octubre.<span class=\"Apple-converted-space\">&nbsp;<\/span><\/p>\n<p><b><i>Referentes normativos<span class=\"Apple-converted-space\">&nbsp;<\/span><\/i><\/b><\/p>\n<p>Art. 12 de la Orden de 10 de mayo de 2006, conjunta de las Consejer\u00edas de Econom\u00eda y Hacienda y de Educaci\u00f3n, por la que se dictan instrucciones para la gesti\u00f3n econ\u00f3mica de los centros docentes p\u00fablicos dependientes de la Consejer\u00eda de Educaci\u00f3n y se delegan competencias en los Directores y Directoras de los mismos (BOJA 25-5-2006). Registro de inventario.<span class=\"Apple-converted-space\">&nbsp;<\/span><\/p>\n<p>1. El Registro de inventario recoger\u00e1 los movimientos de material inventariable del centro incluyendo tanto las incorporaciones como las bajas que se produzcan. Tendr\u00e1 car\u00e1cter de material inventariable, entre otros, el siguiente: Mobiliario, equipo de oficina, equipo inform\u00e1tico, equipo audiovisual no fungible, copiadoras, material docente no fungible, m\u00e1quinas y herramientas, material deportivo y, en general, todo aquel que no sea fungible.<span class=\"Apple-converted-space\">&nbsp;<\/span><\/p>\n<p>2. El Registro de inventario se confeccionar\u00e1 conforme a los modelos que figuran como Anexos VIII y VIII (bis) de esta Orden para las altas y bajas, respectivamente, que se produzcan durante el curso escolar, teniendo en cuenta lo siguiente:<span class=\"Apple-converted-space\">&nbsp;<\/span><\/p>\n<p>a. N\u00famero de registro: Numeraci\u00f3n correlativa de las adquisiciones de material inventariable.<span class=\"Apple-converted-space\">&nbsp;<\/span><\/p>\n<p>b. Fecha de alta: Fecha en la que el material es puesto a disposici\u00f3n del centro.<span class=\"Apple-converted-space\">&nbsp;<\/span><\/p>\n<p>c. Fecha de baja: Fecha en la que el material deja de formar parte del inventario del centro.<span class=\"Apple-converted-space\">&nbsp;<\/span><\/p>\n<p>d. N\u00famero de unidades: N\u00famero de unidades que causan alta o baja.<span class=\"Apple-converted-space\">&nbsp;<\/span><\/p>\n<p>e. Descripci\u00f3n del material: Se indicar\u00e1 el tipo de material adquirido, as\u00ed como sus caracter\u00edsticas t\u00e9cnicas.<span class=\"Apple-converted-space\">&nbsp;<\/span><\/p>\n<p>f. Dependencia de adscripci\u00f3n: Departamentos o unidades organizativas a las que se adscribe el material de que se trate.<span class=\"Apple-converted-space\">&nbsp;<\/span><\/p>\n<p>g. Localizaci\u00f3n: Lugar o dependencia f\u00edsica donde se encuentra ubicado el material de que se trate.<span class=\"Apple-converted-space\">&nbsp;<\/span><\/p>\n<p>h. Procedencia de la entrada: Actuaci\u00f3n econ\u00f3mica o administrativa, origen de la incorporaci\u00f3n al centro del material de que se trate.<span class=\"Apple-converted-space\">&nbsp;<\/span><\/p>\n<p>i. Motivo de la baja: Causa que provoca la baja del material afectado.<span class=\"Apple-converted-space\">&nbsp;<\/span><\/p>\n<p><span class=\"Apple-converted-space\">&nbsp;&nbsp;<\/span><\/p>\n<p>3. Independientemente del Registro de inventario, podr\u00e1n existir inventarios auxiliares por servicios, departamentos, talleres y otras unidades, cuando el volumen y diversidad de materiales existentes en dicha unidad as\u00ed lo aconsejen.<span class=\"Apple-converted-space\">&nbsp;<\/span><\/p>\n<p>Por sus especiales caracter\u00edsticas, existir\u00e1 tambi\u00e9n un libro Registro de inventario de biblioteca, conforme al modelo que figura como Anexo IX de esta Orden, que recoja los libros que pasen a formar parte de la biblioteca del centro, cualquiera que sea su procedencia.<span class=\"Apple-converted-space\">&nbsp;<\/span><\/p>\n<p><b>7. Criterios para una gesti\u00f3n sostenible de los recursos del centro y de los residuos que genere, que, en todo caso, ser\u00e1 eficiente y compatible con la conservaci\u00f3n del medio ambiente<\/b>.<span class=\"Apple-converted-space\">&nbsp;<\/span><\/p>\n<p>1. Objetivos:<span class=\"Apple-converted-space\">&nbsp;<\/span><\/p>\n<p>\u2219 Realizar una gesti\u00f3n sostenible y eficiente de todos los recursos del Centro y de sus residuos, compatible con el medio ambiente.<span class=\"Apple-converted-space\">&nbsp;<\/span><\/p>\n<p>\u2219 Hacer part\u00edcipe a toda la comunidad en la reflexi\u00f3n, dise\u00f1o y aplicaci\u00f3n de medidas concretas para conseguir el objetivo fundamental anterior.<span class=\"Apple-converted-space\">&nbsp;<\/span><\/p>\n<p>2. Medidas Para Conseguir Dichos Objetivos.<span class=\"Apple-converted-space\">&nbsp;<\/span><\/p>\n<p>Se regula en el Reglamento de Organizaci\u00f3n y Funcionamiento del Centro el uso de los medios materiales del Centro, el consumo en general de cualquier bien, con especial atenci\u00f3n al uso de las instalaciones energ\u00e9ticas.<span class=\"Apple-converted-space\">&nbsp;<\/span><\/p>\n<p>Se establece un procedimiento anual para que la Comunidad Educativa realice un buen uso de las instalaciones del Centro y de todos los medios materiales y de los residuos que generamos, para poner en pr\u00e1ctica medidas concretas.<span class=\"Apple-converted-space\">&nbsp;<\/span><\/p>\n<p>Continuaremos con las medidas establecidas en el plan de ahorro y contenci\u00f3n del gasto:<span class=\"Apple-converted-space\">&nbsp;<\/span><\/p>\n<p>\u2219 Petici\u00f3n de al menos 3 presupuestos para todas las compras del Centro de cierta cuant\u00eda.<span class=\"Apple-converted-space\">&nbsp;<\/span><\/p>\n<p>\u2219 El consumo de fotocopias se ha incrementado notablemente, lo que supone un aumento del gasto de fotocopias y de papel. Ante este hecho, nos planteamos, llevar un control del consumo de fotocopias.<span class=\"Apple-converted-space\">&nbsp;<\/span><\/p>\n<p>\u2219 Con respecto a los equipos inform\u00e1ticos procuraremos:<span class=\"Apple-converted-space\">&nbsp;<\/span><\/p>\n<p>1. Usar equipos y medios eficientes en cuanto a gasto energ\u00e9tico, y reconocidos por bajo impacto ambiental en su obtenci\u00f3n, vida y posterior reciclaje.<span class=\"Apple-converted-space\">&nbsp;<\/span><\/p>\n<p>2. Usar t\u00f3ner y cartuchos de tinta de buena calidad y duradero para las impresoras.<span class=\"Apple-converted-space\">&nbsp;<\/span><\/p>\n<p>\u2219 Necesidad de establecer una norma clara para el uso de la luz artificial en el centro.<span class=\"Apple-converted-space\">&nbsp;<\/span><\/p>\n<p>1. Realizar campa\u00f1as de sensibilizaci\u00f3n para el uso de la luz natural.<span class=\"Apple-converted-space\">&nbsp;<\/span><\/p>\n<p>2. Poner pegatinas en interruptores.<span class=\"Apple-converted-space\">&nbsp;<\/span><\/p>\n<p>3. Favorecer recogida de papel usado en todos los espacios mediante recipientes espec\u00edficos.<span class=\"Apple-converted-space\">&nbsp;<\/span><\/p>\n<p>\u2219 Debemos tomar conciencia de que el reciclaje es el reproceso de los materiales usados, que de otra manera se perder\u00edan, reutilizados de manera que se puedan emplear en productos nuevos. Para ello desde el centro potenciaremos el reciclado de:<span class=\"Apple-converted-space\">&nbsp;<\/span><\/p>\n<p>Pilas: Un contenedor de pilas usadas ubicada la parte de infantil, junto a las escaleras. De esta forma se evita que estos materiales altamente contaminantes se mezclen con la basura residual de sus casas.<span class=\"Apple-converted-space\">&nbsp;<\/span><\/p>\n<p>Papel: Dado el volumen de papel que se produce en todas las dependencias del Centro adem\u00e1s de la papelera se tendr\u00e1 un dep\u00f3sito espec\u00edfico de color azul, para la recogida de papel en cada clase con el fin de reciclarlo posteriormente en un contenedor ubicado en el patio del centro.<span class=\"Apple-converted-space\">&nbsp;<\/span><\/p>\n<p>Pl\u00e1stico: Se realizar\u00e1 una recogida selectiva, por clases, de envases y aluminio, en todas las dependencias del Centro donde adem\u00e1s de la papelera, se tendr\u00e1 un dep\u00f3sito espec\u00edfico de color amarillo, para la recogida de dichos residuos, para su posterior reciclado en un contenedor ubicado en el patio del centro. Dentro del centro se realiza una recogida selectiva de tapones de pl\u00e1stico para una causa solidaria, el contenedor se encuentra ubicado en la entrada principal, entre las puertas de entrada.<span class=\"Apple-converted-space\">&nbsp;<\/span><\/p>\n<p>Consumibles inform\u00e1ticos: Se utilizar\u00e1, en la medida de lo posible, t\u00f3ner y cartuchos de tinta reciclados y los residuos que se originen ser\u00e1n las empresas suministradoras las encargadas de retirarlos y de reciclarlos.<span class=\"Apple-converted-space\">&nbsp;<\/span><\/p>\n<p>Fotocopias: Se procurar\u00e1 que el material a fotocopiar sea por ambas caras para el ahorro de folios. No realizaremos fotocopias innecesarias e intentaremos atender a un reparto equitativo del material a fotocopiar seg\u00fan las necesidades de los grupos, profesores y \u00e1reas. Aquellas fotocopias que est\u00e9n a una cara y no contengan informaci\u00f3n confidencial del centro, se volver\u00e1n reutilizar en la medida de lo posible (en ex\u00e1menes para realizar las operaciones, en la clase de pl\u00e1stica, siempre que sea posible\u2026)<span class=\"Apple-converted-space\">&nbsp;<\/span><\/p>\n<p>\u2219 Tratamos de concienciar a nuestro alumnado para que hagan un consumo responsable del uso de este com\u00fan tanto en el Centro como en sus propias casas, cerrando las fuentes cuando no sean necesarias.<span class=\"Apple-converted-space\">&nbsp;<\/span><\/p>\n<p>\u2219 El Centro valora positivamente la forma de trabajo que reduzca la producci\u00f3n de residuos, fomentaremos la participaci\u00f3n en campa\u00f1as de repoblaci\u00f3n de arbolado organizadas por instituciones y entidades del entorno; el reciclado con la realizaci\u00f3n de actividades motivadoras que incluyan actividades deportivas, manualidades, art\u00edsticas\u2026 en el que se use material reciclado. Se priorizar\u00e1n aquellas ofertas de actividades que motiven el uso responsable y ecol\u00f3gico de los materiales.<span class=\"Apple-converted-space\">&nbsp;<\/span><\/p>\n<p>En definitiva, todo el personal del Centro deber\u00e1 tener conciencia de hacer un uso sostenible y eficiente de las instalaciones y residuos generados durante el curso. Cada vez hay que concienciar m\u00e1s a nuestro alumnado de que nuestra capacidad como consumidores se convierte en la herramienta principal para introducir pr\u00e1cticas y alternativas que minimicen la explotaci\u00f3n de los recursos naturales y supongan una reducci\u00f3n en la generaci\u00f3n de los residuos.<span class=\"Apple-converted-space\">&nbsp;<\/span><\/p>\n<p><b><i>Referentes normativos<\/i><\/b><span class=\"Apple-converted-space\">&nbsp;<\/span><\/p>\n<p>Ley 7\/2007, de 9 de julio, de Gesti\u00f3n Integrada de la Calidad Ambiental (BOJA 20-07- 2007).<span class=\"Apple-converted-space\">&nbsp;<\/span><\/p>\n","protected":false},"excerpt":{"rendered":"<p>PROYECTO DE GESTI\u00d3N&nbsp; &nbsp; Apartados Del Proyecto De Gesti\u00f3n&nbsp; 1. Introducci\u00f3n&nbsp; 2. Criterios para la elaboraci\u00f3n del presupuesto anual del centro y distribuci\u00f3n de los ingresos entre las distintas partidas del gasto.&nbsp; 3. Criterios para la gesti\u00f3n de las sustituciones de las ausencias del profesorado.&nbsp; 4. Medidas para la conservaci\u00f3n y renovaci\u00f3n de las instalaciones [&hellip;]<\/p>\n","protected":false},"author":18083,"featured_media":0,"comment_status":"closed","ping_status":"open","sticky":false,"template":"","format":"standard","meta":{"_et_pb_use_builder":"","_et_pb_old_content":"","_et_gb_content_width":"","ngg_post_thumbnail":0,"footnotes":""},"categories":[1],"tags":[],"aioseo_notices":[],"_links":{"self":[{"href":"https:\/\/blogsaverroes.juntadeandalucia.es\/ceipfernandogavilan\/wp-json\/wp\/v2\/posts\/2698"}],"collection":[{"href":"https:\/\/blogsaverroes.juntadeandalucia.es\/ceipfernandogavilan\/wp-json\/wp\/v2\/posts"}],"about":[{"href":"https:\/\/blogsaverroes.juntadeandalucia.es\/ceipfernandogavilan\/wp-json\/wp\/v2\/types\/post"}],"author":[{"embeddable":true,"href":"https:\/\/blogsaverroes.juntadeandalucia.es\/ceipfernandogavilan\/wp-json\/wp\/v2\/users\/18083"}],"replies":[{"embeddable":true,"href":"https:\/\/blogsaverroes.juntadeandalucia.es\/ceipfernandogavilan\/wp-json\/wp\/v2\/comments?post=2698"}],"version-history":[{"count":1,"href":"https:\/\/blogsaverroes.juntadeandalucia.es\/ceipfernandogavilan\/wp-json\/wp\/v2\/posts\/2698\/revisions"}],"predecessor-version":[{"id":2699,"href":"https:\/\/blogsaverroes.juntadeandalucia.es\/ceipfernandogavilan\/wp-json\/wp\/v2\/posts\/2698\/revisions\/2699"}],"wp:attachment":[{"href":"https:\/\/blogsaverroes.juntadeandalucia.es\/ceipfernandogavilan\/wp-json\/wp\/v2\/media?parent=2698"}],"wp:term":[{"taxonomy":"category","embeddable":true,"href":"https:\/\/blogsaverroes.juntadeandalucia.es\/ceipfernandogavilan\/wp-json\/wp\/v2\/categories?post=2698"},{"taxonomy":"post_tag","embeddable":true,"href":"https:\/\/blogsaverroes.juntadeandalucia.es\/ceipfernandogavilan\/wp-json\/wp\/v2\/tags?post=2698"}],"curies":[{"name":"wp","href":"https:\/\/api.w.org\/{rel}","templated":true}]}}