{"id":3070,"date":"2025-03-17T20:11:55","date_gmt":"2025-03-17T19:11:55","guid":{"rendered":"https:\/\/blogsaverroes.juntadeandalucia.es\/ceipfernandogavilan\/?p=3070"},"modified":"2025-03-17T20:11:55","modified_gmt":"2025-03-17T19:11:55","slug":"%f0%9f%8d%80-green-is-the-new-black-asi-vivimos-saint-patricks-day-en-el-cole-%f0%9f%8d%80","status":"publish","type":"post","link":"https:\/\/blogsaverroes.juntadeandalucia.es\/ceipfernandogavilan\/%f0%9f%8d%80-green-is-the-new-black-asi-vivimos-saint-patricks-day-en-el-cole-%f0%9f%8d%80\/","title":{"rendered":"\ud83c\udf40 &#8220;Green is the new black&#8221;: As\u00ed vivimos Saint Patrick\u2019s Day en el cole \ud83c\udf40"},"content":{"rendered":"<p data-start=\"127\" data-end=\"405\">El 17 de marzo no es un d\u00eda cualquiera. No, no, no. Es el d\u00eda en el que el mundo entero se viste de verde, los tr\u00e9boles invaden las aulas y, si te descuidas, te pueden dar un pellizco por no llevar algo verde (tranquilos, aqu\u00ed en el cole no hemos llegado a tanto\u2026 todav\u00eda \ud83d\ude1c).<\/p>\n<p data-start=\"407\" data-end=\"590\">Pero, \u00bfpor qu\u00e9 celebramos Saint Patrick\u2019s Day en nuestro cole? Pues porque somos un centro biling\u00fce y esta es una de las festividades m\u00e1s importantes en los pa\u00edses de habla inglesa.<\/p>\n<h3 data-start=\"592\" data-end=\"639\">Un poco de historia\u2026 pero sin dormirse \ud83d\ude34<\/h3>\n<p data-start=\"641\" data-end=\"993\">San Patricio es el patr\u00f3n de Irlanda, un se\u00f1or muy majo que vivi\u00f3 en el siglo V y que, seg\u00fan la leyenda, usaba el tr\u00e9bol de tres hojas para explicar la Sant\u00edsima Trinidad. Tambi\u00e9n se dice que expuls\u00f3 a todas las serpientes de Irlanda, aunque\u2026 entre t\u00fa y yo\u2026 lo m\u00e1s probable es que nunca hubiera serpientes all\u00ed. Pero oye, que la historia suena \u00e9pica.<\/p>\n<p data-start=\"995\" data-end=\"1253\">En la actualidad, Saint Patrick\u2019s Day se celebra con desfiles, m\u00fasica, comida t\u00edpica y, sobre todo, \u00a1mucho color verde! En ciudades como Dubl\u00edn, Nueva York o Chicago (donde incluso ti\u00f1en el r\u00edo de verde \ud83e\udd2f), la gente sale a la calle para disfrutar del d\u00eda.<\/p>\n<h3 data-start=\"1255\" data-end=\"1291\">Nuestra celebraci\u00f3n en el cole<\/h3>\n<p data-start=\"1293\" data-end=\"1543\">Aqu\u00ed en el CEIP Fernando Gavil\u00e1n hemos querido sumarnos a la fiesta de una forma muy especial. Desde primera hora de la ma\u00f1ana, el cole parec\u00eda una pradera irlandesa: camisetas, diademas, lazos, chaquetas\u2026 \u00a1hasta calcetines verdes hemos visto! \ud83c\udf40\ud83d\udc55<\/p>\n<p data-start=\"1545\" data-end=\"1844\">Adem\u00e1s, nuestros peque\u00f1os artistas han elaborado unas guirnaldas preciosas con tr\u00e9boles para decorar los pasillos y las aulas. Si San Patricio levantara la cabeza, se emocionar\u00eda al ver tanto esp\u00edritu festivo (y probablemente nos pedir\u00eda un bocadillo de jam\u00f3n, que en Irlanda eso no lo tienen \ud83d\ude06).<\/p>\n<p data-start=\"1846\" data-end=\"2193\">Por supuesto, esta celebraci\u00f3n no habr\u00eda sido posible sin el gran trabajo de nuestro equipo de maestras biling\u00fces y de lengua extranjera. Gracias a su esfuerzo, nuestros alumnos no solo aprenden ingl\u00e9s, sino que tambi\u00e9n descubren la cultura de los pa\u00edses angloparlantes de una manera divertida. \u00a1Sois las aut\u00e9nticas \u201clucky charms\u201d del cole! \ud83c\udf40\ud83d\udc9a<\/p>\n<p data-start=\"2195\" data-end=\"2349\">As\u00ed que, un a\u00f1o m\u00e1s, hemos disfrutado de un Saint Patrick\u2019s Day lleno de color, aprendizaje y alegr\u00eda. \u00a1Nos vemos en la pr\u00f3xima fiesta internacional! \ud83c\udf89<\/p>\n<p data-start=\"2351\" data-end=\"2400\" data-is-last-node=\"\" data-is-only-node=\"\">#HappyStPatricksDay #BilingualFun #TodoAlVerde \ud83d\udc9a<\/p>\nngg_shortcode_0_placeholder\n","protected":false},"excerpt":{"rendered":"<p>El 17 de marzo no es un d\u00eda cualquiera. No, no, no. Es el d\u00eda en el que el mundo entero se viste de verde, los tr\u00e9boles invaden las aulas y, si te descuidas, te pueden dar un pellizco por no llevar algo verde (tranquilos, aqu\u00ed en el cole no hemos llegado a tanto\u2026 todav\u00eda [&hellip;]<\/p>\n","protected":false},"author":18083,"featured_media":3081,"comment_status":"closed","ping_status":"open","sticky":false,"template":"","format":"standard","meta":{"_et_pb_use_builder":"","_et_pb_old_content":"","_et_gb_content_width":"","ngg_post_thumbnail":0,"footnotes":""},"categories":[3],"tags":[],"aioseo_notices":[],"_links":{"self":[{"href":"https:\/\/blogsaverroes.juntadeandalucia.es\/ceipfernandogavilan\/wp-json\/wp\/v2\/posts\/3070"}],"collection":[{"href":"https:\/\/blogsaverroes.juntadeandalucia.es\/ceipfernandogavilan\/wp-json\/wp\/v2\/posts"}],"about":[{"href":"https:\/\/blogsaverroes.juntadeandalucia.es\/ceipfernandogavilan\/wp-json\/wp\/v2\/types\/post"}],"author":[{"embeddable":true,"href":"https:\/\/blogsaverroes.juntadeandalucia.es\/ceipfernandogavilan\/wp-json\/wp\/v2\/users\/18083"}],"replies":[{"embeddable":true,"href":"https:\/\/blogsaverroes.juntadeandalucia.es\/ceipfernandogavilan\/wp-json\/wp\/v2\/comments?post=3070"}],"version-history":[{"count":1,"href":"https:\/\/blogsaverroes.juntadeandalucia.es\/ceipfernandogavilan\/wp-json\/wp\/v2\/posts\/3070\/revisions"}],"predecessor-version":[{"id":3082,"href":"https:\/\/blogsaverroes.juntadeandalucia.es\/ceipfernandogavilan\/wp-json\/wp\/v2\/posts\/3070\/revisions\/3082"}],"wp:featuredmedia":[{"embeddable":true,"href":"https:\/\/blogsaverroes.juntadeandalucia.es\/ceipfernandogavilan\/wp-json\/wp\/v2\/media\/3081"}],"wp:attachment":[{"href":"https:\/\/blogsaverroes.juntadeandalucia.es\/ceipfernandogavilan\/wp-json\/wp\/v2\/media?parent=3070"}],"wp:term":[{"taxonomy":"category","embeddable":true,"href":"https:\/\/blogsaverroes.juntadeandalucia.es\/ceipfernandogavilan\/wp-json\/wp\/v2\/categories?post=3070"},{"taxonomy":"post_tag","embeddable":true,"href":"https:\/\/blogsaverroes.juntadeandalucia.es\/ceipfernandogavilan\/wp-json\/wp\/v2\/tags?post=3070"}],"curies":[{"name":"wp","href":"https:\/\/api.w.org\/{rel}","templated":true}]}}