{"id":3390,"date":"2025-06-05T14:53:31","date_gmt":"2025-06-05T13:53:31","guid":{"rendered":"https:\/\/blogsaverroes.juntadeandalucia.es\/ceipfernandogavilan\/?p=3390"},"modified":"2025-06-05T15:11:39","modified_gmt":"2025-06-05T14:11:39","slug":"%f0%9f%8e%89-celia-jimenez-nos-inspira-con-su-historia-de-esfuerzo-superacion-y-suenos-sin-limites-%f0%9f%9a%80%e2%9a%bd","status":"publish","type":"post","link":"https:\/\/blogsaverroes.juntadeandalucia.es\/ceipfernandogavilan\/%f0%9f%8e%89-celia-jimenez-nos-inspira-con-su-historia-de-esfuerzo-superacion-y-suenos-sin-limites-%f0%9f%9a%80%e2%9a%bd\/","title":{"rendered":"\ud83c\udf89 Celia Jim\u00e9nez nos inspira con su historia de esfuerzo, superaci\u00f3n y sue\u00f1os sin l\u00edmites \ud83d\ude80\u26bd"},"content":{"rendered":"<p data-start=\"305\" data-end=\"678\">Este jueves 5 de junio, el alumnado del <strong data-start=\"345\" data-end=\"361\">tercer ciclo<\/strong> del CEIP Fernando Gavil\u00e1n ha vivido una jornada realmente especial gracias a la visita de <strong data-start=\"452\" data-end=\"477\">Celia Jim\u00e9nez Delgado<\/strong>, futbolista internacional\u2026 \u00a1y tambi\u00e9n ingeniera aeroespacial! Una mujer que ha roto no uno, sino <strong data-start=\"575\" data-end=\"600\">dos techos de cristal<\/strong>, y que ha venido a compartir su experiencia dentro del programa <strong data-start=\"665\" data-end=\"677\">MENTOR10<\/strong>.<\/p>\n<p data-start=\"680\" data-end=\"1168\">Celia ha venido acompa\u00f1ada de la <strong data-start=\"713\" data-end=\"767\">delegada territorial de Turismo, Cultura y Deporte<\/strong>, D\u00aa <strong data-start=\"772\" data-end=\"791\">Tania Barcelona<\/strong>, del <strong data-start=\"797\" data-end=\"819\">alcalde de Ubrique<\/strong>, D. <strong data-start=\"824\" data-end=\"842\">Mario Casillas<\/strong>, y del <strong data-start=\"850\" data-end=\"900\">jefe del Servicio de Deportes de la Delegaci\u00f3n Territorial<\/strong>, D. <strong data-start=\"905\" data-end=\"925\">Fernando Maqueda<\/strong>. El acto ha comenzado con una c\u00e1lida bienvenida y ha continuado con una intervenci\u00f3n de Celia que nos ha dejado huella: habl\u00f3 de <strong data-start=\"1055\" data-end=\"1167\">la fuerza del deporte, de la constancia, del respeto y de la importancia de tener h\u00e1bitos de vida saludables<\/strong>.<\/p>\n<p data-start=\"1170\" data-end=\"1491\">Pero su mensaje fue m\u00e1s all\u00e1: <strong data-start=\"1200\" data-end=\"1254\">anim\u00f3 al alumnado a luchar por lo que les apasiona<\/strong>, a no dejarse limitar por estereotipos ni por prejuicios. Como ella misma ha demostrado, <strong data-start=\"1344\" data-end=\"1486\">es posible destacar tanto en un deporte tradicionalmente masculino como el f\u00fatbol como en una carrera STEM como la ingenier\u00eda aeroespacial<\/strong>. \u2728\ud83d\ude80\ud83d\udcaa<\/p>\n<p data-start=\"1493\" data-end=\"1806\">Despu\u00e9s, los chicos y chicas tuvieron ocasi\u00f3n de preguntarle lo que quisieron (\u00a1algunas preguntas incluso fueron en ingl\u00e9s!), y luego bajaron juntos a la pista, donde Celia dirigi\u00f3 un entrenamiento muy din\u00e1mico con rondos, juegos y partidillos que ella misma disfrut\u00f3 como una m\u00e1s. \u00a1Qu\u00e9 cercan\u00eda y qu\u00e9 entusiasmo!<\/p>\n<p data-start=\"1808\" data-end=\"1967\">La ma\u00f1ana termin\u00f3 con Celia firmando aut\u00f3grafos y visitando otras aulas para saludar a los diferentes ciclos. Un gesto de generosidad que nos emocion\u00f3 a todos.<\/p>\n<p data-start=\"1969\" data-end=\"2168\">Gracias, Celia, por ser un <strong data-start=\"1996\" data-end=\"2024\">referente real y cercano<\/strong>, por ense\u00f1arnos que los sue\u00f1os no tienen g\u00e9nero ni l\u00edmites, y que con esfuerzo y pasi\u00f3n, todo es posible. Hoy nos has motivado m\u00e1s que nunca.<\/p>\n<p data-start=\"1969\" data-end=\"2168\"><img loading=\"lazy\" decoding=\"async\" class=\"aligncenter size-large wp-image-3396\" src=\"https:\/\/blogsaverroes.juntadeandalucia.es\/ceipfernandogavilan\/files\/2025\/06\/IMG_2155-1024x768.jpg\" alt=\"\" width=\"1024\" height=\"768\" srcset=\"https:\/\/blogsaverroes.juntadeandalucia.es\/ceipfernandogavilan\/files\/2025\/06\/IMG_2155-980x735.jpg 980w, https:\/\/blogsaverroes.juntadeandalucia.es\/ceipfernandogavilan\/files\/2025\/06\/IMG_2155-480x360.jpg 480w\" sizes=\"(min-width: 0px) and (max-width: 480px) 480px, (min-width: 481px) and (max-width: 980px) 980px, (min-width: 981px) 1024px, 100vw\" \/><\/p>\n<p data-start=\"1969\" data-end=\"2168\"><img loading=\"lazy\" decoding=\"async\" class=\"aligncenter size-large wp-image-3397\" src=\"https:\/\/blogsaverroes.juntadeandalucia.es\/ceipfernandogavilan\/files\/2025\/06\/IMG_2200-1024x768.jpg\" alt=\"\" width=\"1024\" height=\"768\" srcset=\"https:\/\/blogsaverroes.juntadeandalucia.es\/ceipfernandogavilan\/files\/2025\/06\/IMG_2200-980x735.jpg 980w, https:\/\/blogsaverroes.juntadeandalucia.es\/ceipfernandogavilan\/files\/2025\/06\/IMG_2200-480x360.jpg 480w\" sizes=\"(min-width: 0px) and (max-width: 480px) 480px, (min-width: 481px) and (max-width: 980px) 980px, (min-width: 981px) 1024px, 100vw\" \/><\/p>\n<p data-start=\"1969\" data-end=\"2168\"><img loading=\"lazy\" decoding=\"async\" class=\"aligncenter size-large wp-image-3398\" src=\"https:\/\/blogsaverroes.juntadeandalucia.es\/ceipfernandogavilan\/files\/2025\/06\/IMG_2205-1024x768.jpg\" alt=\"\" width=\"1024\" height=\"768\" srcset=\"https:\/\/blogsaverroes.juntadeandalucia.es\/ceipfernandogavilan\/files\/2025\/06\/IMG_2205-980x735.jpg 980w, https:\/\/blogsaverroes.juntadeandalucia.es\/ceipfernandogavilan\/files\/2025\/06\/IMG_2205-480x360.jpg 480w\" sizes=\"(min-width: 0px) and (max-width: 480px) 480px, (min-width: 481px) and (max-width: 980px) 980px, (min-width: 981px) 1024px, 100vw\" \/><\/p>\n<p data-start=\"1969\" data-end=\"2168\"><img loading=\"lazy\" decoding=\"async\" class=\"aligncenter size-large wp-image-3399\" src=\"https:\/\/blogsaverroes.juntadeandalucia.es\/ceipfernandogavilan\/files\/2025\/06\/IMG_2209-1024x768.jpg\" alt=\"\" width=\"1024\" height=\"768\" srcset=\"https:\/\/blogsaverroes.juntadeandalucia.es\/ceipfernandogavilan\/files\/2025\/06\/IMG_2209-980x735.jpg 980w, https:\/\/blogsaverroes.juntadeandalucia.es\/ceipfernandogavilan\/files\/2025\/06\/IMG_2209-480x360.jpg 480w\" sizes=\"(min-width: 0px) and (max-width: 480px) 480px, (min-width: 481px) and (max-width: 980px) 980px, (min-width: 981px) 1024px, 100vw\" \/><\/p>\n<p data-start=\"1969\" data-end=\"2168\"><img loading=\"lazy\" decoding=\"async\" class=\"aligncenter size-large wp-image-3400\" src=\"https:\/\/blogsaverroes.juntadeandalucia.es\/ceipfernandogavilan\/files\/2025\/06\/IMG_2213-1024x768.jpg\" alt=\"\" width=\"1024\" height=\"768\" srcset=\"https:\/\/blogsaverroes.juntadeandalucia.es\/ceipfernandogavilan\/files\/2025\/06\/IMG_2213-980x735.jpg 980w, https:\/\/blogsaverroes.juntadeandalucia.es\/ceipfernandogavilan\/files\/2025\/06\/IMG_2213-480x360.jpg 480w\" sizes=\"(min-width: 0px) and (max-width: 480px) 480px, (min-width: 481px) and (max-width: 980px) 980px, (min-width: 981px) 1024px, 100vw\" \/><\/p>\n<p data-start=\"1969\" data-end=\"2168\"><img loading=\"lazy\" decoding=\"async\" class=\"aligncenter size-large wp-image-3392\" src=\"https:\/\/blogsaverroes.juntadeandalucia.es\/ceipfernandogavilan\/files\/2025\/06\/Portada-1024x768.jpg\" alt=\"\" width=\"1024\" height=\"768\" srcset=\"https:\/\/blogsaverroes.juntadeandalucia.es\/ceipfernandogavilan\/files\/2025\/06\/Portada-980x735.jpg 980w, https:\/\/blogsaverroes.juntadeandalucia.es\/ceipfernandogavilan\/files\/2025\/06\/Portada-480x360.jpg 480w\" sizes=\"(min-width: 0px) and (max-width: 480px) 480px, (min-width: 481px) and (max-width: 980px) 980px, (min-width: 981px) 1024px, 100vw\" \/><\/p>\n<p data-start=\"1969\" data-end=\"2168\">&nbsp;<\/p>\nngg_shortcode_0_placeholder\n<p data-start=\"1969\" data-end=\"2168\">&nbsp;<\/p>\n<p data-start=\"1969\" data-end=\"2168\">&nbsp;<\/p>\n","protected":false},"excerpt":{"rendered":"<p>Este jueves 5 de junio, el alumnado del tercer ciclo del CEIP Fernando Gavil\u00e1n ha vivido una jornada realmente especial gracias a la visita de Celia Jim\u00e9nez Delgado, futbolista internacional\u2026 \u00a1y tambi\u00e9n ingeniera aeroespacial! Una mujer que ha roto no uno, sino dos techos de cristal, y que ha venido a compartir su experiencia dentro [&hellip;]<\/p>\n","protected":false},"author":18083,"featured_media":3392,"comment_status":"closed","ping_status":"open","sticky":false,"template":"","format":"standard","meta":{"_et_pb_use_builder":"","_et_pb_old_content":"","_et_gb_content_width":"","ngg_post_thumbnail":0,"footnotes":""},"categories":[3],"tags":[],"aioseo_notices":[],"_links":{"self":[{"href":"https:\/\/blogsaverroes.juntadeandalucia.es\/ceipfernandogavilan\/wp-json\/wp\/v2\/posts\/3390"}],"collection":[{"href":"https:\/\/blogsaverroes.juntadeandalucia.es\/ceipfernandogavilan\/wp-json\/wp\/v2\/posts"}],"about":[{"href":"https:\/\/blogsaverroes.juntadeandalucia.es\/ceipfernandogavilan\/wp-json\/wp\/v2\/types\/post"}],"author":[{"embeddable":true,"href":"https:\/\/blogsaverroes.juntadeandalucia.es\/ceipfernandogavilan\/wp-json\/wp\/v2\/users\/18083"}],"replies":[{"embeddable":true,"href":"https:\/\/blogsaverroes.juntadeandalucia.es\/ceipfernandogavilan\/wp-json\/wp\/v2\/comments?post=3390"}],"version-history":[{"count":5,"href":"https:\/\/blogsaverroes.juntadeandalucia.es\/ceipfernandogavilan\/wp-json\/wp\/v2\/posts\/3390\/revisions"}],"predecessor-version":[{"id":3394,"href":"https:\/\/blogsaverroes.juntadeandalucia.es\/ceipfernandogavilan\/wp-json\/wp\/v2\/posts\/3390\/revisions\/3394"}],"wp:featuredmedia":[{"embeddable":true,"href":"https:\/\/blogsaverroes.juntadeandalucia.es\/ceipfernandogavilan\/wp-json\/wp\/v2\/media\/3392"}],"wp:attachment":[{"href":"https:\/\/blogsaverroes.juntadeandalucia.es\/ceipfernandogavilan\/wp-json\/wp\/v2\/media?parent=3390"}],"wp:term":[{"taxonomy":"category","embeddable":true,"href":"https:\/\/blogsaverroes.juntadeandalucia.es\/ceipfernandogavilan\/wp-json\/wp\/v2\/categories?post=3390"},{"taxonomy":"post_tag","embeddable":true,"href":"https:\/\/blogsaverroes.juntadeandalucia.es\/ceipfernandogavilan\/wp-json\/wp\/v2\/tags?post=3390"}],"curies":[{"name":"wp","href":"https:\/\/api.w.org\/{rel}","templated":true}]}}