{"id":3582,"date":"2025-10-24T13:52:25","date_gmt":"2025-10-24T12:52:25","guid":{"rendered":"https:\/\/blogsaverroes.juntadeandalucia.es\/ceipfernandogavilan\/?p=3582"},"modified":"2025-10-26T11:05:21","modified_gmt":"2025-10-26T10:05:21","slug":"hoy-vuelve-gavilan-onair","status":"publish","type":"post","link":"https:\/\/blogsaverroes.juntadeandalucia.es\/ceipfernandogavilan\/hoy-vuelve-gavilan-onair\/","title":{"rendered":"\ud83c\udf99\ufe0f Hoy vuelve Gavil\u00e1n OnAir"},"content":{"rendered":"<p>Vuelve nuestra radio escolar: voces nuevas, ideas frescas y el mismo deseo de contar lo que ocurre en el CEIP Fernando Gavil\u00e1n de Ubrique. Arrancamos con ilusi\u00f3n y con muchas ganas de abrir el cole a trav\u00e9s de las ondas.<\/p>\n<p data-start=\"811\" data-end=\"1083\">Queremos dar las gracias a Isabel Garc\u00eda Antu\u00f1a, cuya implicaci\u00f3n y entusiasmo han hecho posible recuperar para el centro esta valiosa experiencia educativa. Gracias a su esfuerzo, este proyecto vuelve a ser una realidad cargada de aprendizajes, emociones y creatividad.<\/p>\n<p data-start=\"1085\" data-end=\"1301\">Con <em data-start=\"1089\" data-end=\"1104\">Gavil\u00e1n OnAir<\/em> abrimos una ventana a la imaginaci\u00f3n y al trabajo en equipo, donde cada voz cuenta y cada historia nos enriquece. Os invitamos a escuchar este primer episodio y acompa\u00f1arnos en esta nueva etapa.<\/p>\n<!--[if lt IE 9]><script>document.createElement('audio');<\/script><![endif]-->\n<audio class=\"wp-audio-shortcode\" id=\"audio-3582-1\" preload=\"none\" style=\"width: 100%;\" controls=\"controls\"><source type=\"audio\/mpeg\" src=\"https:\/\/blogsaverroes.juntadeandalucia.es\/ceipfernandogavilan\/files\/2025\/10\/WhatsApp-Image-2025-10-24-at-10.38.12.mp3?_=1\" \/><a href=\"https:\/\/blogsaverroes.juntadeandalucia.es\/ceipfernandogavilan\/files\/2025\/10\/WhatsApp-Image-2025-10-24-at-10.38.12.mp3\">https:\/\/blogsaverroes.juntadeandalucia.es\/ceipfernandogavilan\/files\/2025\/10\/WhatsApp-Image-2025-10-24-at-10.38.12.mp3<\/a><\/audio>\n<p data-start=\"1085\" data-end=\"1301\"><img loading=\"lazy\" decoding=\"async\" class=\"aligncenter size-large wp-image-3583\" src=\"https:\/\/blogsaverroes.juntadeandalucia.es\/ceipfernandogavilan\/files\/2025\/10\/WhatsApp-Image-2025-10-24-at-10.38.13-1024x768.jpeg\" alt=\"\" width=\"1024\" height=\"768\" srcset=\"https:\/\/blogsaverroes.juntadeandalucia.es\/ceipfernandogavilan\/files\/2025\/10\/WhatsApp-Image-2025-10-24-at-10.38.13-980x735.jpeg 980w, https:\/\/blogsaverroes.juntadeandalucia.es\/ceipfernandogavilan\/files\/2025\/10\/WhatsApp-Image-2025-10-24-at-10.38.13-480x360.jpeg 480w\" sizes=\"(min-width: 0px) and (max-width: 480px) 480px, (min-width: 481px) and (max-width: 980px) 980px, (min-width: 981px) 1024px, 100vw\" \/><\/p>\n<h2>\u00a1Gavil\u00e1n OnAir: El Aire se Llena de Aroma y Noticias! \ud83d\udcfb\ud83c\udf99\ufe0f<\/h2>\n<p>El equipo de <b>Gavil\u00e1n OnAir<\/b> ha encendido los micr\u00f3fonos para traeros la dosis semanal de noticias m\u00e1s divertida de Ubrique. \u00a1Aqu\u00ed ten\u00e9is el <i>flash<\/i> informativo de lo que se ha cocido!<\/p>\n<h3>Nuestros Reporteros Estelares:<\/h3>\n<ul>\n<li><b>Presentadores\/Despedida:<\/b> Carla y Mario<\/li>\n<li><b>Noticias Escolares:<\/b> Eduardo y Bea<\/li>\n<li><b>Participante en la chirigota:<\/b> Daniela<\/li>\n<li><b>Noticias Locales:<\/b> Carlos y Antonio<\/li>\n<li><b>Noticias Deportivas:<\/b> Alejandra y Carmen<\/li>\n<li><b>Orgullosamente Ubrique\u00f1o:<\/b> Pepe<\/li>\n<\/ul>\n<h3>\ud83c\udf92 En el Cole: \u00a1Misi\u00f3n Cumplida!<\/h3>\n<ul>\n<li><b>\u00a1Visita de Misioneros!<\/b> Nos visitaron Misioneros de Esperanza para contarnos sus incre\u00edbles viajes y animarnos a ser solidarios con cosas peque\u00f1as, \u00a1como ayudar en casa!<\/li>\n<li><b>Deportes \u26bd\ud83c\udfd0:<\/b> \u00a1Tenemos deporte nuevo! El <b>Voleibol<\/b> ha llegado al cole los lunes y mi\u00e9rcoles. Y hablando de deportes, el PROA (refuerzo escolar) ya est\u00e1 en marcha para los que necesit\u00e9is un empuj\u00f3n con los deberes.<\/li>\n<li><b>\u00a1Vuelve la Chirigota!<\/b> Nuestra compa\u00f1era Daniela nos confirm\u00f3 que la chirigota infantil est\u00e1 ensayando en el cole con Seraf\u00edn, Mario y Dani. \u00a1Estamos deseando verlos actuar!<\/li>\n<\/ul>\n<h3>\ud83e\udd73 \u00a1Ubrique no Para!<\/h3>\n<ul>\n<li><b>\u00bfPlanes de Fin de Semana?<\/b> A\u00fan pod\u00e9is ver la exposici\u00f3n de la <b>Guardia Civil en Playmobil<\/b> en la Fundaci\u00f3n L\u00f3pez Mariscal hasta el 31 de octubre. \u00a1Y ojo, el 30 de octubre tendremos una demostraci\u00f3n de rescate!<\/li>\n<li><b>\u00a1A Correr y a Fotografiar!<\/b> Apuntad estas fechas: el <b>IV Marat\u00f3n Fotogr\u00e1fico &#8220;Patacabra&#8221;<\/b> ser\u00e1 el s\u00e1bado 25 de octubre de 2025 (\u00a1prepara esa c\u00e1mara digital!). Y si te gusta correr, el domingo 26 de octubre de 2025 se celebra la <b>Carrera Popular de las Nutrias Pantaneras<\/b> de 11,5 km.<\/li>\n<\/ul>\n<h3>\u26bd A por la Victoria<\/h3>\n<p>Nuestros equipos de f\u00fatbol siguen dando guerra. Hemos tenido victorias, y los equipos del <b>CABU<\/b> est\u00e1n calentando motores con amistosos antes de que empiece la Liga en noviembre. \u00a1Mucha suerte a todos en los partidos de este fin de semana!<\/p>\n<h3>\u2728 Orgullosamente Ubrique\u00f1o: \u00bfQu\u00e9 es una &#8220;Petaca&#8221;?<\/h3>\n<p>Nuestra palabra de la semana es la <b>&#8220;Petaca&#8221;<\/b>. Si alguien te pregunta qu\u00e9 es, no es un superh\u00e9roe ni una botella, \u00a1es el <b>estuche de cuero<\/b> donde se guardaba el tabaco! Ubrique era famoso por hacer las mejores, por eso nos llamaban &#8220;el pueblo de las petacas&#8221;.<\/p>\n<h3>\u2764\ufe0f Mensaje Especial: \u00a1No al Bullying!<\/h3>\n<p>Terminamos con un mensaje importante: en el cole y en el pueblo, \u00a1todos debemos cuidarnos! El bullying no tiene gracia y hace mucho da\u00f1o. Recuerda siempre ser amable y, si ves que alguien lo est\u00e1 pasando mal, \u00a1avisa a un adulto!<\/p>\n<p><b>\u00a1Hasta la pr\u00f3xima semana!<\/b><\/p>\n","protected":false},"excerpt":{"rendered":"<p>Vuelve nuestra radio escolar: voces nuevas, ideas frescas y el mismo deseo de contar lo que ocurre en el CEIP Fernando Gavil\u00e1n de Ubrique. Arrancamos con ilusi\u00f3n y con muchas ganas de abrir el cole a trav\u00e9s de las ondas. Queremos dar las gracias a Isabel Garc\u00eda Antu\u00f1a, cuya implicaci\u00f3n y entusiasmo han hecho posible [&hellip;]<\/p>\n","protected":false},"author":18083,"featured_media":2776,"comment_status":"closed","ping_status":"open","sticky":false,"template":"","format":"standard","meta":{"_et_pb_use_builder":"","_et_pb_old_content":"","_et_gb_content_width":"","ngg_post_thumbnail":0,"footnotes":""},"categories":[3],"tags":[],"aioseo_notices":[],"_links":{"self":[{"href":"https:\/\/blogsaverroes.juntadeandalucia.es\/ceipfernandogavilan\/wp-json\/wp\/v2\/posts\/3582"}],"collection":[{"href":"https:\/\/blogsaverroes.juntadeandalucia.es\/ceipfernandogavilan\/wp-json\/wp\/v2\/posts"}],"about":[{"href":"https:\/\/blogsaverroes.juntadeandalucia.es\/ceipfernandogavilan\/wp-json\/wp\/v2\/types\/post"}],"author":[{"embeddable":true,"href":"https:\/\/blogsaverroes.juntadeandalucia.es\/ceipfernandogavilan\/wp-json\/wp\/v2\/users\/18083"}],"replies":[{"embeddable":true,"href":"https:\/\/blogsaverroes.juntadeandalucia.es\/ceipfernandogavilan\/wp-json\/wp\/v2\/comments?post=3582"}],"version-history":[{"count":6,"href":"https:\/\/blogsaverroes.juntadeandalucia.es\/ceipfernandogavilan\/wp-json\/wp\/v2\/posts\/3582\/revisions"}],"predecessor-version":[{"id":3590,"href":"https:\/\/blogsaverroes.juntadeandalucia.es\/ceipfernandogavilan\/wp-json\/wp\/v2\/posts\/3582\/revisions\/3590"}],"wp:featuredmedia":[{"embeddable":true,"href":"https:\/\/blogsaverroes.juntadeandalucia.es\/ceipfernandogavilan\/wp-json\/wp\/v2\/media\/2776"}],"wp:attachment":[{"href":"https:\/\/blogsaverroes.juntadeandalucia.es\/ceipfernandogavilan\/wp-json\/wp\/v2\/media?parent=3582"}],"wp:term":[{"taxonomy":"category","embeddable":true,"href":"https:\/\/blogsaverroes.juntadeandalucia.es\/ceipfernandogavilan\/wp-json\/wp\/v2\/categories?post=3582"},{"taxonomy":"post_tag","embeddable":true,"href":"https:\/\/blogsaverroes.juntadeandalucia.es\/ceipfernandogavilan\/wp-json\/wp\/v2\/tags?post=3582"}],"curies":[{"name":"wp","href":"https:\/\/api.w.org\/{rel}","templated":true}]}}