{"id":3888,"date":"2026-01-24T13:49:17","date_gmt":"2026-01-24T12:49:17","guid":{"rendered":"https:\/\/blogsaverroes.juntadeandalucia.es\/ceipfernandogavilan\/?p=3888"},"modified":"2026-01-24T13:52:55","modified_gmt":"2026-01-24T12:52:55","slug":"%f0%9f%8e%99%ef%b8%8f-el-ceip-fernando-gavilan-en-las-ondas-nuevo-programa-de-gavilan-onair","status":"publish","type":"post","link":"https:\/\/blogsaverroes.juntadeandalucia.es\/ceipfernandogavilan\/%f0%9f%8e%99%ef%b8%8f-el-ceip-fernando-gavilan-en-las-ondas-nuevo-programa-de-gavilan-onair\/","title":{"rendered":"\ud83c\udf99\ufe0f \u00a1El CEIP Fernando Gavil\u00e1n en las ondas! Nuevo programa de Gavil\u00e1n OnAir"},"content":{"rendered":"<p data-path-to-node=\"5\">\u00a1Hola familias! \ud83d\udc4b Ya tenemos aqu\u00ed el resumen de un nuevo programa de radio hecho con mucho cari\u00f1o por el alumnado de <strong>5\u00ba y 6<\/strong><b data-path-to-node=\"5\" data-index-in-node=\"118\">\u00ba de Primaria<\/b>. Han cogido los micros para contarnos todo lo que pasa en el cole y en nuestro pueblo. \u00a1Y vaya si tienen cosas que contarnos!<\/p>\n<p data-path-to-node=\"6\">Aqu\u00ed os dejamos lo m\u00e1s destacado de este episodio:<\/p>\n<h4 data-path-to-node=\"7\">\ud83c\udf99\ufe0f Presentaci\u00f3n<\/h4>\n<p data-path-to-node=\"8\">Nuestros locutores, <b data-path-to-node=\"8\" data-index-in-node=\"20\">Miguel y Julia<\/b>, abren el programa con mucha energ\u00eda. En esta edici\u00f3n nos traen noticias escolares, informaci\u00f3n local, deportes y, por supuesto, \u00a1mucha lectura! \ud83d\udcda<\/p>\n<h4 data-path-to-node=\"9\">\ud83c\udfeb Noticias Escolares<\/h4>\n<p data-path-to-node=\"10\"><b data-path-to-node=\"10\" data-index-in-node=\"0\">Romina y Martina<\/b> nos informan de la actualidad del centro:<\/p>\n<ul data-path-to-node=\"11\">\n<li>\n<p data-path-to-node=\"11,0,0\"><b data-path-to-node=\"11,0,0\" data-index-in-node=\"0\">Recreos Activos:<\/b> Nos cuentan que ya han empezado las ligas de los recreos para 4.\u00ba, 5.\u00ba y 6.\u00ba. F\u00fatbol, baloncesto, ping-pong&#8230; \u00a1los patios est\u00e1n m\u00e1s vivos que nunca! \u26bd\ud83c\udfd3<\/p>\n<\/li>\n<li>\n<p data-path-to-node=\"11,1,0\"><b data-path-to-node=\"11,1,0\" data-index-in-node=\"0\">Se\u00f1al de Duelo:<\/b> Tambi\u00e9n nos recuerdan el motivo del cresp\u00f3n negro en las banderas del colegio, en solidaridad y cari\u00f1o hacia las v\u00edctimas del accidente de tren en C\u00f3rdoba. \ud83d\udda4<\/p>\n<\/li>\n<\/ul>\n<h4 data-path-to-node=\"12\">\ud83c\udfd8\ufe0f Noticias Locales<\/h4>\n<p data-path-to-node=\"13\"><b data-path-to-node=\"13\" data-index-in-node=\"0\">Juan Antonio y Paula<\/b> repasan qu\u00e9 ocurre en Ubrique:<\/p>\n<ul data-path-to-node=\"14\">\n<li>\n<p data-path-to-node=\"14,0,0\"><b data-path-to-node=\"14,0,0\" data-index-in-node=\"0\">Carnaval:<\/b> \u00a1Ha sido visto y no visto! Las entradas para la presentaci\u00f3n del Carnaval (el 7 de febrero) se agotaron rapid\u00edsimo. \ud83c\udfad<\/p>\n<\/li>\n<li>\n<p data-path-to-node=\"14,1,0\"><b data-path-to-node=\"14,1,0\" data-index-in-node=\"0\">Cine:<\/b> Nos invitan a ver la peli <i data-path-to-node=\"14,1,0\" data-index-in-node=\"32\">28 a\u00f1os despu\u00e9s<\/i> en el IES Francisco Fatou.<\/p>\n<\/li>\n<li>\n<p data-path-to-node=\"14,2,0\"><b data-path-to-node=\"14,2,0\" data-index-in-node=\"0\">El tiempo:<\/b> Nos cuentan los estragos de la lluvia. Ha habido problemas con los colectores y cortes de tr\u00e1fico en zonas como el Naranjal debido al agua. \u00a1Mucha precauci\u00f3n! \u2614<\/p>\n<\/li>\n<\/ul>\n<h4 data-path-to-node=\"15\">\u26bd Deportes<\/h4>\n<p data-path-to-node=\"16\"><b data-path-to-node=\"16\" data-index-in-node=\"0\">Hugo y \u00c1lex<\/b> nos traen el marcador deportivo:<\/p>\n<ul data-path-to-node=\"17\">\n<li>\n<p data-path-to-node=\"17,0,0\"><b data-path-to-node=\"17,0,0\" data-index-in-node=\"0\">F\u00fatbol:<\/b> Repasan la jornada del Ubrique Uni\u00f3n Deportiva. Destacan las <b data-path-to-node=\"17,0,0\" data-index-in-node=\"69\">victorias<\/b> del equipo Prebenjam\u00edn y del Infantil. Los equipos &#8220;B&#8221; y el Juvenil no tuvieron tanta suerte esta vez, \u00a1pero a seguir luchando! \ud83d\udcaa<\/p>\n<\/li>\n<li>\n<p data-path-to-node=\"17,1,0\"><b data-path-to-node=\"17,1,0\" data-index-in-node=\"0\">Baloncesto:<\/b> \u00a1Alegr\u00eda para el CABU! Nos cuentan que ganaron su partido contra el Puerto Real. \ud83c\udfc0<\/p>\n<\/li>\n<\/ul>\n<h4 data-path-to-node=\"7\">\ud83d\udde3\ufe0f Orgullosamente Ubrique\u00f1os: &#8220;Pipando&#8221;<\/h4>\n<p data-path-to-node=\"8\">Esta semana <b data-path-to-node=\"8\" data-index-in-node=\"12\">Josu\u00e9<\/b> nos trae una palabra que nos viene &#8220;al pelo&#8221; con el tiempo que hace. La palabra es: <b data-path-to-node=\"8\" data-index-in-node=\"102\">&#8220;Pipando&#8221;<\/b>. \ud83c\udf27\ufe0f \u00bfQu\u00e9 significa? Pues nada de estar lleno de comida&#8230; Josu\u00e9 nos explica que usamos esta palabra cuando estamos <b data-path-to-node=\"8\" data-index-in-node=\"228\">totalmente empapados o mojados<\/b>. El ejemplo que nos pone no pod\u00eda ser m\u00e1s claro: <i data-path-to-node=\"8\" data-index-in-node=\"308\">&#8220;He salido a la calle y me he puesto pipando&#8221;<\/i>. \u00a1Seguro que a m\u00e1s de uno le ha pasado estos d\u00edas con la borrasca!<\/p>\n<h4 data-path-to-node=\"18\">\ud83d\udcda Leo, Leo&#8230; \u00bfT\u00fa qu\u00e9 lees?<\/h4>\n<p data-path-to-node=\"19\">Para cerrar, <b data-path-to-node=\"19\" data-index-in-node=\"13\">Jhanna<\/b> nos lleva de viaje a Escocia con su recomendaci\u00f3n: <b data-path-to-node=\"19\" data-index-in-node=\"70\">&#8220;Tea Stilton y El Secreto del Castillo Escoc\u00e9s&#8221;<\/b>. \ud83c\udff0 Nos cuenta que las chicas del Club de Tea van a Escocia, pero acaban investigando misterios en un castillo donde pasan cosas raras. Jahna nos asegura que es un libro muy divertido y lleno de emoci\u00f3n.<\/p>\n<h4 data-path-to-node=\"20\">\ud83d\udc4b Despedida<\/h4>\n<p data-path-to-node=\"21\"><b data-path-to-node=\"21\" data-index-in-node=\"0\">Miguel y Julia<\/b> cierran el programa agradeciendo que estemos ah\u00ed al otro lado y dese\u00e1ndonos a todos un feliz fin de semana.<\/p>\n<!--[if lt IE 9]><script>document.createElement('audio');<\/script><![endif]-->\n<audio class=\"wp-audio-shortcode\" id=\"audio-3888-1\" preload=\"none\" style=\"width: 100%;\" controls=\"controls\"><source type=\"audio\/mpeg\" src=\"https:\/\/blogsaverroes.juntadeandalucia.es\/ceipfernandogavilan\/files\/2026\/01\/programa-23-de-enero.mp3?_=1\" \/><a href=\"https:\/\/blogsaverroes.juntadeandalucia.es\/ceipfernandogavilan\/files\/2026\/01\/programa-23-de-enero.mp3\">https:\/\/blogsaverroes.juntadeandalucia.es\/ceipfernandogavilan\/files\/2026\/01\/programa-23-de-enero.mp3<\/a><\/audio>\n<p data-path-to-node=\"23\"><b data-path-to-node=\"23\" data-index-in-node=\"0\">\u00a1Gracias por escucharnos!<\/b> Nos vemos en las ondas. \ud83d\udcfb\ud83d\udc99<\/p>\n<p data-path-to-node=\"24\">#Gavil\u00e1nOnAir #CEIPFernandoGavil\u00e1n #RadioEscolar #Ubrique #Pipando<\/p>\n","protected":false},"excerpt":{"rendered":"<p>\u00a1Hola familias! \ud83d\udc4b Ya tenemos aqu\u00ed el resumen de un nuevo programa de radio hecho con mucho cari\u00f1o por el alumnado de 5\u00ba y 6\u00ba de Primaria. Han cogido los micros para contarnos todo lo que pasa en el cole y en nuestro pueblo. \u00a1Y vaya si tienen cosas que contarnos! Aqu\u00ed os dejamos lo [&hellip;]<\/p>\n","protected":false},"author":18083,"featured_media":3890,"comment_status":"closed","ping_status":"open","sticky":false,"template":"","format":"standard","meta":{"_et_pb_use_builder":"","_et_pb_old_content":"","_et_gb_content_width":"","ngg_post_thumbnail":0,"footnotes":""},"categories":[3],"tags":[],"aioseo_notices":[],"_links":{"self":[{"href":"https:\/\/blogsaverroes.juntadeandalucia.es\/ceipfernandogavilan\/wp-json\/wp\/v2\/posts\/3888"}],"collection":[{"href":"https:\/\/blogsaverroes.juntadeandalucia.es\/ceipfernandogavilan\/wp-json\/wp\/v2\/posts"}],"about":[{"href":"https:\/\/blogsaverroes.juntadeandalucia.es\/ceipfernandogavilan\/wp-json\/wp\/v2\/types\/post"}],"author":[{"embeddable":true,"href":"https:\/\/blogsaverroes.juntadeandalucia.es\/ceipfernandogavilan\/wp-json\/wp\/v2\/users\/18083"}],"replies":[{"embeddable":true,"href":"https:\/\/blogsaverroes.juntadeandalucia.es\/ceipfernandogavilan\/wp-json\/wp\/v2\/comments?post=3888"}],"version-history":[{"count":3,"href":"https:\/\/blogsaverroes.juntadeandalucia.es\/ceipfernandogavilan\/wp-json\/wp\/v2\/posts\/3888\/revisions"}],"predecessor-version":[{"id":3893,"href":"https:\/\/blogsaverroes.juntadeandalucia.es\/ceipfernandogavilan\/wp-json\/wp\/v2\/posts\/3888\/revisions\/3893"}],"wp:featuredmedia":[{"embeddable":true,"href":"https:\/\/blogsaverroes.juntadeandalucia.es\/ceipfernandogavilan\/wp-json\/wp\/v2\/media\/3890"}],"wp:attachment":[{"href":"https:\/\/blogsaverroes.juntadeandalucia.es\/ceipfernandogavilan\/wp-json\/wp\/v2\/media?parent=3888"}],"wp:term":[{"taxonomy":"category","embeddable":true,"href":"https:\/\/blogsaverroes.juntadeandalucia.es\/ceipfernandogavilan\/wp-json\/wp\/v2\/categories?post=3888"},{"taxonomy":"post_tag","embeddable":true,"href":"https:\/\/blogsaverroes.juntadeandalucia.es\/ceipfernandogavilan\/wp-json\/wp\/v2\/tags?post=3888"}],"curies":[{"name":"wp","href":"https:\/\/api.w.org\/{rel}","templated":true}]}}