{"id":1322,"date":"2023-10-24T22:28:30","date_gmt":"2023-10-24T21:28:30","guid":{"rendered":"https:\/\/blogsaverroes.juntadeandalucia.es\/ceipfernandomolina\/?p=1322"},"modified":"2023-10-24T22:28:30","modified_gmt":"2023-10-24T21:28:30","slug":"dia-de-la-biblioteca-2023","status":"publish","type":"post","link":"https:\/\/blogsaverroes.juntadeandalucia.es\/ceipfernandomolina\/dia-de-la-biblioteca-2023\/","title":{"rendered":"D\u00cdA DE LA BIBLIOTECA 2023"},"content":{"rendered":"<h1><span style=\"font-family: 'arial black', sans-serif\">Concurso LOGO y ESLOGAN de nuestra Biblioteca<\/span><\/h1>\n<p><span style=\"font-family: arial, helvetica, sans-serif;font-size: 14pt\">El d\u00eda 24 de octubre celebramos el D\u00eda de la BIBLIOTECA. Este a\u00f1o crearemos el SELLO de nuestra biblioteca con el LOGO y ESLOGAN.<\/span><\/p>\n<p><span style=\"font-size: 14pt\">\u00a1Te animas a participar!<\/span><\/p>\n","protected":false},"excerpt":{"rendered":"<p>Concurso LOGO y ESLOGAN de nuestra Biblioteca El d\u00eda 24 de octubre celebramos el D\u00eda de la BIBLIOTECA. Este a\u00f1o crearemos el SELLO de nuestra biblioteca con el LOGO y ESLOGAN. \u00a1Te animas a participar!<\/p>\n","protected":false},"author":13498,"featured_media":1323,"comment_status":"closed","ping_status":"open","sticky":false,"template":"","format":"standard","meta":{"_et_pb_use_builder":"","_et_pb_old_content":"","_et_gb_content_width":"","ngg_post_thumbnail":0,"footnotes":""},"categories":[1],"tags":[],"aioseo_notices":[],"_links":{"self":[{"href":"https:\/\/blogsaverroes.juntadeandalucia.es\/ceipfernandomolina\/wp-json\/wp\/v2\/posts\/1322"}],"collection":[{"href":"https:\/\/blogsaverroes.juntadeandalucia.es\/ceipfernandomolina\/wp-json\/wp\/v2\/posts"}],"about":[{"href":"https:\/\/blogsaverroes.juntadeandalucia.es\/ceipfernandomolina\/wp-json\/wp\/v2\/types\/post"}],"author":[{"embeddable":true,"href":"https:\/\/blogsaverroes.juntadeandalucia.es\/ceipfernandomolina\/wp-json\/wp\/v2\/users\/13498"}],"replies":[{"embeddable":true,"href":"https:\/\/blogsaverroes.juntadeandalucia.es\/ceipfernandomolina\/wp-json\/wp\/v2\/comments?post=1322"}],"version-history":[{"count":1,"href":"https:\/\/blogsaverroes.juntadeandalucia.es\/ceipfernandomolina\/wp-json\/wp\/v2\/posts\/1322\/revisions"}],"predecessor-version":[{"id":1324,"href":"https:\/\/blogsaverroes.juntadeandalucia.es\/ceipfernandomolina\/wp-json\/wp\/v2\/posts\/1322\/revisions\/1324"}],"wp:featuredmedia":[{"embeddable":true,"href":"https:\/\/blogsaverroes.juntadeandalucia.es\/ceipfernandomolina\/wp-json\/wp\/v2\/media\/1323"}],"wp:attachment":[{"href":"https:\/\/blogsaverroes.juntadeandalucia.es\/ceipfernandomolina\/wp-json\/wp\/v2\/media?parent=1322"}],"wp:term":[{"taxonomy":"category","embeddable":true,"href":"https:\/\/blogsaverroes.juntadeandalucia.es\/ceipfernandomolina\/wp-json\/wp\/v2\/categories?post=1322"},{"taxonomy":"post_tag","embeddable":true,"href":"https:\/\/blogsaverroes.juntadeandalucia.es\/ceipfernandomolina\/wp-json\/wp\/v2\/tags?post=1322"}],"curies":[{"name":"wp","href":"https:\/\/api.w.org\/{rel}","templated":true}]}}