{"id":1913,"date":"2025-10-26T12:59:53","date_gmt":"2025-10-26T11:59:53","guid":{"rendered":"https:\/\/blogsaverroes.juntadeandalucia.es\/ceipfernandomolina\/?p=1913"},"modified":"2025-10-26T23:12:32","modified_gmt":"2025-10-26T22:12:32","slug":"dia-internacional-de-las-bibliotecas","status":"publish","type":"post","link":"https:\/\/blogsaverroes.juntadeandalucia.es\/ceipfernandomolina\/dia-internacional-de-las-bibliotecas\/","title":{"rendered":"D\u00cdA INTERNACIONAL DE LAS BIBLIOTECAS"},"content":{"rendered":"<h1 style=\"text-align: center\"><span style=\"font-family: 'comic sans ms', sans-serif\">24 de octubre D\u00eda Internacional de las Bibliotecas<\/span><\/h1>\n<p><span style=\"font-family: 'arial black', sans-serif;font-size: 12pt\"><strong>#plandebibliotecas<\/strong><\/span><\/p>\n<p><img loading=\"lazy\" decoding=\"async\" class=\" wp-image-1920 aligncenter\" src=\"https:\/\/blogsaverroes.juntadeandalucia.es\/ceipfernandomolina\/files\/2025\/10\/IMG-20251024-WA0044-300x169.jpg\" alt=\"\" width=\"438\" height=\"247\"\/><\/p>\n<h3 style=\"text-align: left\">&nbsp; &nbsp;<strong>El 24 de octubre se conmemora el D\u00eda Internacional de las Bibliotecas como lugar de conocimiento, acceso a la informaci\u00f3n y lectura. En el colegio se ha celebrado compartiendo lecturas y f\u00e1bulas propias de nuestros padrinos lectores, nuestros alumnos de 6\u00ba y 1\u00ba\/2\u00ba de E.S.O.<\/strong><\/h3>\n<p><img loading=\"lazy\" decoding=\"async\" class=\"alignnone size-medium wp-image-1915\" src=\"https:\/\/blogsaverroes.juntadeandalucia.es\/ceipfernandomolina\/files\/2025\/10\/IMG-20251024-WA0013-300x169.jpg\" alt=\"\" width=\"300\" height=\"169\"\/><img loading=\"lazy\" decoding=\"async\" class=\"alignnone size-medium wp-image-1914\" src=\"https:\/\/blogsaverroes.juntadeandalucia.es\/ceipfernandomolina\/files\/2025\/10\/IMG-20251024-WA0012-300x169.jpg\" alt=\"\" width=\"300\" height=\"169\"\/><img loading=\"lazy\" decoding=\"async\" class=\"alignnone size-medium wp-image-1921\" src=\"https:\/\/blogsaverroes.juntadeandalucia.es\/ceipfernandomolina\/files\/2025\/10\/IMG20251024093238-225x300.jpg\" alt=\"\" width=\"225\" height=\"300\"\/><\/p>\n<h3>Finalizando la actividad con la confecci\u00f3n de nuestras marcadores de &#8220;f\u00e1bula&#8221;, seg\u00fan la lectura de la f\u00e1bula que nos han contado.<\/h3>\n<p><img loading=\"lazy\" decoding=\"async\" class=\"alignnone size-medium wp-image-1916\" src=\"https:\/\/blogsaverroes.juntadeandalucia.es\/ceipfernandomolina\/files\/2025\/10\/IMG-20251024-WA0024-300x169.jpg\" alt=\"\" width=\"300\" height=\"169\"\/><\/p>\n<h6><strong><span style=\"font-size: 12pt\">#pactodeestadocontralaviolenciadegenero<\/span><\/strong><\/h6>\n","protected":false},"excerpt":{"rendered":"<p>24 de octubre D\u00eda Internacional de las Bibliotecas #plandebibliotecas &nbsp; &nbsp;El 24 de octubre se conmemora el D\u00eda Internacional de las Bibliotecas como lugar de conocimiento, acceso a la informaci\u00f3n y lectura. En el colegio se ha celebrado compartiendo lecturas y f\u00e1bulas propias de nuestros padrinos lectores, nuestros alumnos de 6\u00ba y 1\u00ba\/2\u00ba de E.S.O. [&hellip;]<\/p>\n","protected":false},"author":13498,"featured_media":1920,"comment_status":"closed","ping_status":"open","sticky":false,"template":"","format":"standard","meta":{"_et_pb_use_builder":"","_et_pb_old_content":"","_et_gb_content_width":"","ngg_post_thumbnail":0,"footnotes":""},"categories":[1],"tags":[],"aioseo_notices":[],"_links":{"self":[{"href":"https:\/\/blogsaverroes.juntadeandalucia.es\/ceipfernandomolina\/wp-json\/wp\/v2\/posts\/1913"}],"collection":[{"href":"https:\/\/blogsaverroes.juntadeandalucia.es\/ceipfernandomolina\/wp-json\/wp\/v2\/posts"}],"about":[{"href":"https:\/\/blogsaverroes.juntadeandalucia.es\/ceipfernandomolina\/wp-json\/wp\/v2\/types\/post"}],"author":[{"embeddable":true,"href":"https:\/\/blogsaverroes.juntadeandalucia.es\/ceipfernandomolina\/wp-json\/wp\/v2\/users\/13498"}],"replies":[{"embeddable":true,"href":"https:\/\/blogsaverroes.juntadeandalucia.es\/ceipfernandomolina\/wp-json\/wp\/v2\/comments?post=1913"}],"version-history":[{"count":3,"href":"https:\/\/blogsaverroes.juntadeandalucia.es\/ceipfernandomolina\/wp-json\/wp\/v2\/posts\/1913\/revisions"}],"predecessor-version":[{"id":1924,"href":"https:\/\/blogsaverroes.juntadeandalucia.es\/ceipfernandomolina\/wp-json\/wp\/v2\/posts\/1913\/revisions\/1924"}],"wp:featuredmedia":[{"embeddable":true,"href":"https:\/\/blogsaverroes.juntadeandalucia.es\/ceipfernandomolina\/wp-json\/wp\/v2\/media\/1920"}],"wp:attachment":[{"href":"https:\/\/blogsaverroes.juntadeandalucia.es\/ceipfernandomolina\/wp-json\/wp\/v2\/media?parent=1913"}],"wp:term":[{"taxonomy":"category","embeddable":true,"href":"https:\/\/blogsaverroes.juntadeandalucia.es\/ceipfernandomolina\/wp-json\/wp\/v2\/categories?post=1913"},{"taxonomy":"post_tag","embeddable":true,"href":"https:\/\/blogsaverroes.juntadeandalucia.es\/ceipfernandomolina\/wp-json\/wp\/v2\/tags?post=1913"}],"curies":[{"name":"wp","href":"https:\/\/api.w.org\/{rel}","templated":true}]}}