{"id":1925,"date":"2025-11-01T20:29:21","date_gmt":"2025-11-01T19:29:21","guid":{"rendered":"https:\/\/blogsaverroes.juntadeandalucia.es\/ceipfernandomolina\/?p=1925"},"modified":"2025-11-01T20:29:21","modified_gmt":"2025-11-01T19:29:21","slug":"happy-halloween","status":"publish","type":"post","link":"https:\/\/blogsaverroes.juntadeandalucia.es\/ceipfernandomolina\/happy-halloween\/","title":{"rendered":"HAPPY HALLOWEEN"},"content":{"rendered":"<h1 style=\"text-align: center\"><span style=\"font-family: 'arial black', sans-serif;color: #800080;font-size: 36pt\"><a style=\"color: #800080\" href=\"https:\/\/drive.google.com\/file\/d\/1kAMJlbySKDNmcFhqBL6iwX54_yPXArS3\/view?usp=sharing\">HAPPY HALLOWEEN 2025<img loading=\"lazy\" decoding=\"async\" class=\"size-medium wp-image-1928 aligncenter\" src=\"https:\/\/blogsaverroes.juntadeandalucia.es\/ceipfernandomolina\/files\/2025\/11\/IMG-20251031-WA0041-300x169.jpg\" alt=\"\" width=\"300\" height=\"169\"\/><\/a><\/span><span data-huuid=\"6551624838126279620\">Halloween&nbsp;<\/span>es una fiesta que se celebra el 31 de octubre y su origen se remonta al antiguo festival celta, que marcaba el final de la cosecha y el comienzo del a\u00f1o celta<span data-huuid=\"6551624838126279620\">.&nbsp;<\/span><\/h1>\n<p><img loading=\"lazy\" decoding=\"async\" class=\"alignnone size-medium wp-image-1926\" src=\"https:\/\/blogsaverroes.juntadeandalucia.es\/ceipfernandomolina\/files\/2025\/11\/IMG-20251031-WA0049-300x225.jpg\" alt=\"\" width=\"300\" height=\"225\"\/> <img loading=\"lazy\" decoding=\"async\" class=\"alignnone size-medium wp-image-1927\" src=\"https:\/\/blogsaverroes.juntadeandalucia.es\/ceipfernandomolina\/files\/2025\/11\/IMG-20251031-WA0046-300x169.jpg\" alt=\"\" width=\"300\" height=\"169\"\/><\/p>\n<h3><span data-huuid=\"6551624838126279423\">En esta noche, los celtas cre\u00edan que los esp\u00edritus de los muertos pod\u00edan caminar por el mundo de los vivos, por lo que usaban disfraces y encend\u00edan hogueras para ahuyentarlos.<\/span><\/h3>\n<h3><span data-huuid=\"6551624838126279423\">&nbsp;<\/span><span data-huuid=\"6551624838126279226\">La festividad evolucion\u00f3 con el tiempo, influenciada por la festividad cristiana de&nbsp;<strong><a class=\"DTlJ6d\" href=\"https:\/\/www.google.com\/search?safe=active&amp;sca_esv=29c51f0230a7431d&amp;q=Todos+los+Santos&amp;sa=X&amp;ved=2ahUKEwis48bmpc-QAxXkUaQEHRIJOVsQxccNegUIxAEQAQ\" data-hveid=\"CMQBEAE\">Todos los Santos,<\/a><\/strong> que se celebra el 1 de noviembre, de donde deriva el nombre &#8220;Halloween&#8221;: contracci\u00f3n de &#8220;All Hallows&#8217; Eve&#8221; o &#8220;V\u00edspera de Todos los Santos&#8221;.<span class=\"pjBG2e\" data-cid=\"ae67b185-e2b6-4eba-be0e-2140aa21e191\"><span class=\"UV3uM\">&nbsp;<\/span><\/span><\/span><\/h3>\n","protected":false},"excerpt":{"rendered":"<p>HAPPY HALLOWEEN 2025Halloween&nbsp;es una fiesta que se celebra el 31 de octubre y su origen se remonta al antiguo festival celta, que marcaba el final de la cosecha y el comienzo del a\u00f1o celta.&nbsp; En esta noche, los celtas cre\u00edan que los esp\u00edritus de los muertos pod\u00edan caminar por el mundo de los vivos, por [&hellip;]<\/p>\n","protected":false},"author":13498,"featured_media":1927,"comment_status":"closed","ping_status":"open","sticky":false,"template":"","format":"standard","meta":{"_et_pb_use_builder":"","_et_pb_old_content":"","_et_gb_content_width":"","ngg_post_thumbnail":0,"footnotes":""},"categories":[1],"tags":[],"aioseo_notices":[],"_links":{"self":[{"href":"https:\/\/blogsaverroes.juntadeandalucia.es\/ceipfernandomolina\/wp-json\/wp\/v2\/posts\/1925"}],"collection":[{"href":"https:\/\/blogsaverroes.juntadeandalucia.es\/ceipfernandomolina\/wp-json\/wp\/v2\/posts"}],"about":[{"href":"https:\/\/blogsaverroes.juntadeandalucia.es\/ceipfernandomolina\/wp-json\/wp\/v2\/types\/post"}],"author":[{"embeddable":true,"href":"https:\/\/blogsaverroes.juntadeandalucia.es\/ceipfernandomolina\/wp-json\/wp\/v2\/users\/13498"}],"replies":[{"embeddable":true,"href":"https:\/\/blogsaverroes.juntadeandalucia.es\/ceipfernandomolina\/wp-json\/wp\/v2\/comments?post=1925"}],"version-history":[{"count":1,"href":"https:\/\/blogsaverroes.juntadeandalucia.es\/ceipfernandomolina\/wp-json\/wp\/v2\/posts\/1925\/revisions"}],"predecessor-version":[{"id":1929,"href":"https:\/\/blogsaverroes.juntadeandalucia.es\/ceipfernandomolina\/wp-json\/wp\/v2\/posts\/1925\/revisions\/1929"}],"wp:featuredmedia":[{"embeddable":true,"href":"https:\/\/blogsaverroes.juntadeandalucia.es\/ceipfernandomolina\/wp-json\/wp\/v2\/media\/1927"}],"wp:attachment":[{"href":"https:\/\/blogsaverroes.juntadeandalucia.es\/ceipfernandomolina\/wp-json\/wp\/v2\/media?parent=1925"}],"wp:term":[{"taxonomy":"category","embeddable":true,"href":"https:\/\/blogsaverroes.juntadeandalucia.es\/ceipfernandomolina\/wp-json\/wp\/v2\/categories?post=1925"},{"taxonomy":"post_tag","embeddable":true,"href":"https:\/\/blogsaverroes.juntadeandalucia.es\/ceipfernandomolina\/wp-json\/wp\/v2\/tags?post=1925"}],"curies":[{"name":"wp","href":"https:\/\/api.w.org\/{rel}","templated":true}]}}