{"id":3082,"date":"2021-02-01T14:45:10","date_gmt":"2021-02-01T14:45:10","guid":{"rendered":"https:\/\/blogsaverroes.juntadeandalucia.es\/ceipfrayalbinocor\/?p=3082"},"modified":"2021-02-18T19:10:23","modified_gmt":"2021-02-18T19:10:23","slug":"info-covid-19","status":"publish","type":"post","link":"https:\/\/blogsaverroes.juntadeandalucia.es\/ceipfrayalbinocor\/2021\/02\/01\/info-covid-19\/","title":{"rendered":"Info-COVID 19"},"content":{"rendered":"<p>Compartimos con la comunidad educativa el documento informativo que el equipo directivo a hecho llegar a todas las familias del Fray Albino, tras la reuni\u00f3n mantenida con la comisi\u00f3n COVID el pasado 27 de Enero.&nbsp;<\/p>\n<p>Pod\u00e9is pinchad y descargar.&nbsp;<\/p>\n<p><a href=\"https:\/\/blogsaverroes.juntadeandalucia.es\/ceipfrayalbinocor\/files\/2021\/02\/INFORMACI\u00d3N-COMIS\u00d3N-COVID.pdf\"><img loading=\"lazy\" decoding=\"async\" class=\"aligncenter wp-image-3084 size-full\" src=\"https:\/\/blogsaverroes.juntadeandalucia.es\/ceipfrayalbinocor\/files\/2021\/02\/descarga-2.png\" alt=\"\" width=\"226\" height=\"223\" srcset=\"https:\/\/blogsaverroes.juntadeandalucia.es\/ceipfrayalbinocor\/files\/2021\/02\/descarga-2.png 226w, https:\/\/blogsaverroes.juntadeandalucia.es\/ceipfrayalbinocor\/files\/2021\/02\/descarga-2-100x100.png 100w, https:\/\/blogsaverroes.juntadeandalucia.es\/ceipfrayalbinocor\/files\/2021\/02\/descarga-2-24x24.png 24w, https:\/\/blogsaverroes.juntadeandalucia.es\/ceipfrayalbinocor\/files\/2021\/02\/descarga-2-36x36.png 36w, https:\/\/blogsaverroes.juntadeandalucia.es\/ceipfrayalbinocor\/files\/2021\/02\/descarga-2-48x48.png 48w\" sizes=\"(max-width: 226px) 100vw, 226px\" \/><\/a><\/p>\n<!--themify_builder_content-->\n<div id=\"themify_builder_content-3082\" data-postid=\"3082\" class=\"themify_builder_content themify_builder_content-3082 themify_builder tf_clear\">\n    <\/div>\n<!--\/themify_builder_content-->\n","protected":false},"excerpt":{"rendered":"<p>Compartimos con la comunidad educativa el documento informativo que el equipo directivo a hecho llegar a todas las familias del Fray Albino, tras la reuni\u00f3n mantenida con la comisi\u00f3n COVID el pasado 27 de Enero.&nbsp; Pod\u00e9is pinchad y descargar.&nbsp;<\/p>\n","protected":false},"author":6521,"featured_media":0,"comment_status":"open","ping_status":"open","sticky":false,"template":"","format":"standard","meta":{"ngg_post_thumbnail":0,"footnotes":""},"categories":[1842789,526],"tags":[],"aioseo_notices":[],"_links":{"self":[{"href":"https:\/\/blogsaverroes.juntadeandalucia.es\/ceipfrayalbinocor\/wp-json\/wp\/v2\/posts\/3082"}],"collection":[{"href":"https:\/\/blogsaverroes.juntadeandalucia.es\/ceipfrayalbinocor\/wp-json\/wp\/v2\/posts"}],"about":[{"href":"https:\/\/blogsaverroes.juntadeandalucia.es\/ceipfrayalbinocor\/wp-json\/wp\/v2\/types\/post"}],"author":[{"embeddable":true,"href":"https:\/\/blogsaverroes.juntadeandalucia.es\/ceipfrayalbinocor\/wp-json\/wp\/v2\/users\/6521"}],"replies":[{"embeddable":true,"href":"https:\/\/blogsaverroes.juntadeandalucia.es\/ceipfrayalbinocor\/wp-json\/wp\/v2\/comments?post=3082"}],"version-history":[{"count":4,"href":"https:\/\/blogsaverroes.juntadeandalucia.es\/ceipfrayalbinocor\/wp-json\/wp\/v2\/posts\/3082\/revisions"}],"predecessor-version":[{"id":3157,"href":"https:\/\/blogsaverroes.juntadeandalucia.es\/ceipfrayalbinocor\/wp-json\/wp\/v2\/posts\/3082\/revisions\/3157"}],"wp:attachment":[{"href":"https:\/\/blogsaverroes.juntadeandalucia.es\/ceipfrayalbinocor\/wp-json\/wp\/v2\/media?parent=3082"}],"wp:term":[{"taxonomy":"category","embeddable":true,"href":"https:\/\/blogsaverroes.juntadeandalucia.es\/ceipfrayalbinocor\/wp-json\/wp\/v2\/categories?post=3082"},{"taxonomy":"post_tag","embeddable":true,"href":"https:\/\/blogsaverroes.juntadeandalucia.es\/ceipfrayalbinocor\/wp-json\/wp\/v2\/tags?post=3082"}],"curies":[{"name":"wp","href":"https:\/\/api.w.org\/{rel}","templated":true}]}}