{"id":3667,"date":"2021-12-03T12:47:20","date_gmt":"2021-12-03T12:47:20","guid":{"rendered":"https:\/\/blogsaverroes.juntadeandalucia.es\/ceipfrayalbinocor\/?p=3667"},"modified":"2022-02-28T19:13:21","modified_gmt":"2022-02-28T19:13:21","slug":"constitucion-espanola","status":"publish","type":"post","link":"https:\/\/blogsaverroes.juntadeandalucia.es\/ceipfrayalbinocor\/2021\/12\/03\/constitucion-espanola\/","title":{"rendered":"Constituci\u00f3n Espa\u00f1ola"},"content":{"rendered":"<p>Los ni\u00f1os y ni\u00f1as de segundo ciclo han explicado la Constituci\u00f3n mediante un v\u00eddeo.<br \/>\nEsperamos que os guste\ud83d\ude01<br \/>\nhttps:\/\/drive.google.com\/file\/d\/1axV3SoXTjdTsESMMV4EyG2Y4UIM6NrBd\/view<\/p>\n<p>En el departamento de Orientaci\u00f3n se han realizado trabajos, algunos han quedado expuestos en los pasillos:<br \/>\n<a href=\"https:\/\/blogsaverroes.juntadeandalucia.es\/ceipfrayalbinocor\/files\/2021\/12\/WhatsApp-Image-2021-12-03-at-13.45.24.jpeg\"><img loading=\"lazy\" decoding=\"async\" class=\"aligncenter size-medium wp-image-3669\" src=\"https:\/\/blogsaverroes.juntadeandalucia.es\/ceipfrayalbinocor\/files\/2021\/12\/WhatsApp-Image-2021-12-03-at-13.45.24-202x300.jpeg\" alt=\"\" width=\"202\" height=\"300\" srcset=\"https:\/\/blogsaverroes.juntadeandalucia.es\/ceipfrayalbinocor\/files\/2021\/12\/WhatsApp-Image-2021-12-03-at-13.45.24-202x300.jpeg 202w, https:\/\/blogsaverroes.juntadeandalucia.es\/ceipfrayalbinocor\/files\/2021\/12\/WhatsApp-Image-2021-12-03-at-13.45.24-688x1024.jpeg 688w, https:\/\/blogsaverroes.juntadeandalucia.es\/ceipfrayalbinocor\/files\/2021\/12\/WhatsApp-Image-2021-12-03-at-13.45.24-768x1143.jpeg 768w, https:\/\/blogsaverroes.juntadeandalucia.es\/ceipfrayalbinocor\/files\/2021\/12\/WhatsApp-Image-2021-12-03-at-13.45.24-1032x1536.jpeg 1032w, https:\/\/blogsaverroes.juntadeandalucia.es\/ceipfrayalbinocor\/files\/2021\/12\/WhatsApp-Image-2021-12-03-at-13.45.24.jpeg 1075w\" sizes=\"(max-width: 202px) 100vw, 202px\" \/><\/a><\/p>\n<!--themify_builder_content-->\n<div id=\"themify_builder_content-3667\" data-postid=\"3667\" class=\"themify_builder_content themify_builder_content-3667 themify_builder tf_clear\">\n    <\/div>\n<!--\/themify_builder_content-->\n","protected":false},"excerpt":{"rendered":"<p>Los ni\u00f1os y ni\u00f1as de segundo ciclo han explicado la Constituci\u00f3n mediante un v\u00eddeo. Esperamos que os guste\ud83d\ude01 https:\/\/drive.google.com\/file\/d\/1axV3SoXTjdTsESMMV4EyG2Y4UIM6NrBd\/view En el departamento de Orientaci\u00f3n se han realizado trabajos, algunos han quedado expuestos en los pasillos:<\/p>\n","protected":false},"author":6521,"featured_media":0,"comment_status":"closed","ping_status":"open","sticky":false,"template":"","format":"standard","meta":{"ngg_post_thumbnail":0,"footnotes":""},"categories":[25490],"tags":[],"aioseo_notices":[],"_links":{"self":[{"href":"https:\/\/blogsaverroes.juntadeandalucia.es\/ceipfrayalbinocor\/wp-json\/wp\/v2\/posts\/3667"}],"collection":[{"href":"https:\/\/blogsaverroes.juntadeandalucia.es\/ceipfrayalbinocor\/wp-json\/wp\/v2\/posts"}],"about":[{"href":"https:\/\/blogsaverroes.juntadeandalucia.es\/ceipfrayalbinocor\/wp-json\/wp\/v2\/types\/post"}],"author":[{"embeddable":true,"href":"https:\/\/blogsaverroes.juntadeandalucia.es\/ceipfrayalbinocor\/wp-json\/wp\/v2\/users\/6521"}],"replies":[{"embeddable":true,"href":"https:\/\/blogsaverroes.juntadeandalucia.es\/ceipfrayalbinocor\/wp-json\/wp\/v2\/comments?post=3667"}],"version-history":[{"count":3,"href":"https:\/\/blogsaverroes.juntadeandalucia.es\/ceipfrayalbinocor\/wp-json\/wp\/v2\/posts\/3667\/revisions"}],"predecessor-version":[{"id":3881,"href":"https:\/\/blogsaverroes.juntadeandalucia.es\/ceipfrayalbinocor\/wp-json\/wp\/v2\/posts\/3667\/revisions\/3881"}],"wp:attachment":[{"href":"https:\/\/blogsaverroes.juntadeandalucia.es\/ceipfrayalbinocor\/wp-json\/wp\/v2\/media?parent=3667"}],"wp:term":[{"taxonomy":"category","embeddable":true,"href":"https:\/\/blogsaverroes.juntadeandalucia.es\/ceipfrayalbinocor\/wp-json\/wp\/v2\/categories?post=3667"},{"taxonomy":"post_tag","embeddable":true,"href":"https:\/\/blogsaverroes.juntadeandalucia.es\/ceipfrayalbinocor\/wp-json\/wp\/v2\/tags?post=3667"}],"curies":[{"name":"wp","href":"https:\/\/api.w.org\/{rel}","templated":true}]}}