{"id":6282,"date":"2025-09-25T05:37:46","date_gmt":"2025-09-25T05:37:46","guid":{"rendered":"https:\/\/blogsaverroes.juntadeandalucia.es\/ceipfrayalbinocor\/?p=6282"},"modified":"2025-09-25T05:37:46","modified_gmt":"2025-09-25T05:37:46","slug":"aula-blanquiverde","status":"publish","type":"post","link":"https:\/\/blogsaverroes.juntadeandalucia.es\/ceipfrayalbinocor\/2025\/09\/25\/aula-blanquiverde\/","title":{"rendered":"Aula Blanquiverde"},"content":{"rendered":"<p>ngg_shortcode_0_placeholderHoy el alumnado de sexto de primaria del colegio Fray albino ha acudido al aula blanquiverde del estadio de f\u00fatbol del equipo local. Han visitado las dependencias del mismo y&nbsp; la ciudad deprtiva en la que han conocido al entrenador y a los&nbsp; jugadores. Hemos recibido varios objetos, de entre los cuales, las camisetas nos han gustado much\u00edsimo. Por \u00faltimo, nuestras chicas y chicos guardar\u00e1n como un tesoro los autografos que el equipo les ha firmado.<\/p>\n","protected":false},"excerpt":{"rendered":"<p>Hoy el alumnado de sexto de primaria del colegio Fray albino ha acudido al aula blanquiverde del estadio de f\u00fatbol del equipo local. Han visitado las dependencias del mismo y&nbsp; la ciudad deprtiva en la que han conocido al entrenador y a los&nbsp; jugadores. Hemos recibido varios objetos, de entre los cuales, las camisetas nos [&hellip;]<\/p>\n","protected":false},"author":6521,"featured_media":0,"comment_status":"closed","ping_status":"open","sticky":false,"template":"","format":"standard","meta":{"ngg_post_thumbnail":0,"footnotes":""},"categories":[25496],"tags":[],"aioseo_notices":[],"_links":{"self":[{"href":"https:\/\/blogsaverroes.juntadeandalucia.es\/ceipfrayalbinocor\/wp-json\/wp\/v2\/posts\/6282"}],"collection":[{"href":"https:\/\/blogsaverroes.juntadeandalucia.es\/ceipfrayalbinocor\/wp-json\/wp\/v2\/posts"}],"about":[{"href":"https:\/\/blogsaverroes.juntadeandalucia.es\/ceipfrayalbinocor\/wp-json\/wp\/v2\/types\/post"}],"author":[{"embeddable":true,"href":"https:\/\/blogsaverroes.juntadeandalucia.es\/ceipfrayalbinocor\/wp-json\/wp\/v2\/users\/6521"}],"replies":[{"embeddable":true,"href":"https:\/\/blogsaverroes.juntadeandalucia.es\/ceipfrayalbinocor\/wp-json\/wp\/v2\/comments?post=6282"}],"version-history":[{"count":2,"href":"https:\/\/blogsaverroes.juntadeandalucia.es\/ceipfrayalbinocor\/wp-json\/wp\/v2\/posts\/6282\/revisions"}],"predecessor-version":[{"id":6296,"href":"https:\/\/blogsaverroes.juntadeandalucia.es\/ceipfrayalbinocor\/wp-json\/wp\/v2\/posts\/6282\/revisions\/6296"}],"wp:attachment":[{"href":"https:\/\/blogsaverroes.juntadeandalucia.es\/ceipfrayalbinocor\/wp-json\/wp\/v2\/media?parent=6282"}],"wp:term":[{"taxonomy":"category","embeddable":true,"href":"https:\/\/blogsaverroes.juntadeandalucia.es\/ceipfrayalbinocor\/wp-json\/wp\/v2\/categories?post=6282"},{"taxonomy":"post_tag","embeddable":true,"href":"https:\/\/blogsaverroes.juntadeandalucia.es\/ceipfrayalbinocor\/wp-json\/wp\/v2\/tags?post=6282"}],"curies":[{"name":"wp","href":"https:\/\/api.w.org\/{rel}","templated":true}]}}