{"id":5929,"date":"2020-05-15T15:46:49","date_gmt":"2020-05-15T15:46:49","guid":{"rendered":"https:\/\/blogsaverroes.juntadeandalucia.es\/ceipfuentedelbaden\/?p=5929"},"modified":"2020-05-15T15:47:23","modified_gmt":"2020-05-15T15:47:23","slug":"dia-de-la-familia-en-infantil","status":"publish","type":"post","link":"https:\/\/blogsaverroes.juntadeandalucia.es\/ceipfuentedelbaden\/2020\/05\/15\/dia-de-la-familia-en-infantil\/","title":{"rendered":"D\u00eda de la Familia en Infantil"},"content":{"rendered":"<p>En estos momentos tan dif\u00edciles nos damos cuenta que lo que es verdaderamente importante y as\u00ed nos lo muestran nuestras familias de infantil, la familia, su amor y protecci\u00f3n nos hacen ser unos privilegiados,!! Un mill\u00f3n de gracias familia por estar ah\u00ed en todo momento!!<\/p>\nngg_shortcode_0_placeholder\n","protected":false},"excerpt":{"rendered":"<p>En estos momentos tan dif\u00edciles nos damos cuenta que lo que es verdaderamente importante y as\u00ed nos lo muestran nuestras familias de infantil, la familia, su amor y protecci\u00f3n nos hacen ser unos privilegiados,!! Un mill\u00f3n de gracias familia por estar ah\u00ed en todo momento!!<\/p>\n","protected":false},"author":1990,"featured_media":0,"comment_status":"closed","ping_status":"closed","sticky":false,"template":"","format":"standard","meta":{"ngg_post_thumbnail":0,"footnotes":""},"categories":[657594,657584],"tags":[],"aioseo_notices":[],"_links":{"self":[{"href":"https:\/\/blogsaverroes.juntadeandalucia.es\/ceipfuentedelbaden\/wp-json\/wp\/v2\/posts\/5929"}],"collection":[{"href":"https:\/\/blogsaverroes.juntadeandalucia.es\/ceipfuentedelbaden\/wp-json\/wp\/v2\/posts"}],"about":[{"href":"https:\/\/blogsaverroes.juntadeandalucia.es\/ceipfuentedelbaden\/wp-json\/wp\/v2\/types\/post"}],"author":[{"embeddable":true,"href":"https:\/\/blogsaverroes.juntadeandalucia.es\/ceipfuentedelbaden\/wp-json\/wp\/v2\/users\/1990"}],"replies":[{"embeddable":true,"href":"https:\/\/blogsaverroes.juntadeandalucia.es\/ceipfuentedelbaden\/wp-json\/wp\/v2\/comments?post=5929"}],"version-history":[{"count":1,"href":"https:\/\/blogsaverroes.juntadeandalucia.es\/ceipfuentedelbaden\/wp-json\/wp\/v2\/posts\/5929\/revisions"}],"predecessor-version":[{"id":5941,"href":"https:\/\/blogsaverroes.juntadeandalucia.es\/ceipfuentedelbaden\/wp-json\/wp\/v2\/posts\/5929\/revisions\/5941"}],"wp:attachment":[{"href":"https:\/\/blogsaverroes.juntadeandalucia.es\/ceipfuentedelbaden\/wp-json\/wp\/v2\/media?parent=5929"}],"wp:term":[{"taxonomy":"category","embeddable":true,"href":"https:\/\/blogsaverroes.juntadeandalucia.es\/ceipfuentedelbaden\/wp-json\/wp\/v2\/categories?post=5929"},{"taxonomy":"post_tag","embeddable":true,"href":"https:\/\/blogsaverroes.juntadeandalucia.es\/ceipfuentedelbaden\/wp-json\/wp\/v2\/tags?post=5929"}],"curies":[{"name":"wp","href":"https:\/\/api.w.org\/{rel}","templated":true}]}}