{"id":6432,"date":"2021-04-23T11:40:28","date_gmt":"2021-04-23T11:40:28","guid":{"rendered":"https:\/\/blogsaverroes.juntadeandalucia.es\/ceipfuentedelbaden\/?p=6432"},"modified":"2021-04-23T11:40:28","modified_gmt":"2021-04-23T11:40:28","slug":"dia-del-libro-2021","status":"publish","type":"post","link":"https:\/\/blogsaverroes.juntadeandalucia.es\/ceipfuentedelbaden\/2021\/04\/23\/dia-del-libro-2021\/","title":{"rendered":"D\u00eda del libro 2021"},"content":{"rendered":"<p><img loading=\"lazy\" decoding=\"async\" class=\"aligncenter  wp-image-6433\" src=\"https:\/\/blogsaverroes.juntadeandalucia.es\/ceipfuentedelbaden\/files\/2021\/04\/es-dia-del-libro-23-de-abril-stockvault-story-book-childhood-imagination-concept182254-300x157.png\" alt=\"\" width=\"459\" height=\"240\" srcset=\"https:\/\/blogsaverroes.juntadeandalucia.es\/ceipfuentedelbaden\/files\/2021\/04\/es-dia-del-libro-23-de-abril-stockvault-story-book-childhood-imagination-concept182254-300x157.png 300w, https:\/\/blogsaverroes.juntadeandalucia.es\/ceipfuentedelbaden\/files\/2021\/04\/es-dia-del-libro-23-de-abril-stockvault-story-book-childhood-imagination-concept182254-1024x536.png 1024w, https:\/\/blogsaverroes.juntadeandalucia.es\/ceipfuentedelbaden\/files\/2021\/04\/es-dia-del-libro-23-de-abril-stockvault-story-book-childhood-imagination-concept182254-150x79.png 150w, https:\/\/blogsaverroes.juntadeandalucia.es\/ceipfuentedelbaden\/files\/2021\/04\/es-dia-del-libro-23-de-abril-stockvault-story-book-childhood-imagination-concept182254-768x402.png 768w, https:\/\/blogsaverroes.juntadeandalucia.es\/ceipfuentedelbaden\/files\/2021\/04\/es-dia-del-libro-23-de-abril-stockvault-story-book-childhood-imagination-concept182254-1536x804.png 1536w, https:\/\/blogsaverroes.juntadeandalucia.es\/ceipfuentedelbaden\/files\/2021\/04\/es-dia-del-libro-23-de-abril-stockvault-story-book-childhood-imagination-concept182254-2048x1072.png 2048w, https:\/\/blogsaverroes.juntadeandalucia.es\/ceipfuentedelbaden\/files\/2021\/04\/es-dia-del-libro-23-de-abril-stockvault-story-book-childhood-imagination-concept182254-700x366.png 700w, https:\/\/blogsaverroes.juntadeandalucia.es\/ceipfuentedelbaden\/files\/2021\/04\/es-dia-del-libro-23-de-abril-stockvault-story-book-childhood-imagination-concept182254.png 1600w\" sizes=\"(max-width: 459px) 100vw, 459px\" \/><\/p>\n<p>Hoy hemos celebrado el d\u00eda del libro en nuestro cole, y adem\u00e1s de una cuenta-cuentos que ha venido a visitarnos, algunos de nuestros alumnos y alumnas han grabado un peque\u00f1o v\u00eddeo cont\u00e1ndonos cu\u00e1l es su libro favorito. \u00a1Esperamos que os guste!<\/p>\n<div style=\"width: 480px;\" class=\"wp-video\"><!--[if lt IE 9]><script>document.createElement('video');<\/script><![endif]-->\n<video class=\"wp-video-shortcode\" id=\"video-6432-1\" width=\"480\" height=\"640\" preload=\"metadata\" controls=\"controls\"><source type=\"video\/mp4\" src=\"https:\/\/blogsaverroes.juntadeandalucia.es\/ceipfuentedelbaden\/files\/2021\/04\/dia-del-libro.mp4?_=1\" \/><a href=\"https:\/\/blogsaverroes.juntadeandalucia.es\/ceipfuentedelbaden\/files\/2021\/04\/dia-del-libro.mp4\">https:\/\/blogsaverroes.juntadeandalucia.es\/ceipfuentedelbaden\/files\/2021\/04\/dia-del-libro.mp4<\/a><\/video><\/div>\n","protected":false},"excerpt":{"rendered":"<p>Hoy hemos celebrado el d\u00eda del libro en nuestro cole, y adem\u00e1s de una cuenta-cuentos que ha venido a visitarnos, algunos de nuestros alumnos y alumnas han grabado un peque\u00f1o v\u00eddeo cont\u00e1ndonos cu\u00e1l es su libro favorito. \u00a1Esperamos que os guste!<\/p>\n","protected":false},"author":1990,"featured_media":0,"comment_status":"closed","ping_status":"closed","sticky":false,"template":"","format":"standard","meta":{"ngg_post_thumbnail":0,"footnotes":""},"categories":[657584,657586],"tags":[],"aioseo_notices":[],"_links":{"self":[{"href":"https:\/\/blogsaverroes.juntadeandalucia.es\/ceipfuentedelbaden\/wp-json\/wp\/v2\/posts\/6432"}],"collection":[{"href":"https:\/\/blogsaverroes.juntadeandalucia.es\/ceipfuentedelbaden\/wp-json\/wp\/v2\/posts"}],"about":[{"href":"https:\/\/blogsaverroes.juntadeandalucia.es\/ceipfuentedelbaden\/wp-json\/wp\/v2\/types\/post"}],"author":[{"embeddable":true,"href":"https:\/\/blogsaverroes.juntadeandalucia.es\/ceipfuentedelbaden\/wp-json\/wp\/v2\/users\/1990"}],"replies":[{"embeddable":true,"href":"https:\/\/blogsaverroes.juntadeandalucia.es\/ceipfuentedelbaden\/wp-json\/wp\/v2\/comments?post=6432"}],"version-history":[{"count":1,"href":"https:\/\/blogsaverroes.juntadeandalucia.es\/ceipfuentedelbaden\/wp-json\/wp\/v2\/posts\/6432\/revisions"}],"predecessor-version":[{"id":6435,"href":"https:\/\/blogsaverroes.juntadeandalucia.es\/ceipfuentedelbaden\/wp-json\/wp\/v2\/posts\/6432\/revisions\/6435"}],"wp:attachment":[{"href":"https:\/\/blogsaverroes.juntadeandalucia.es\/ceipfuentedelbaden\/wp-json\/wp\/v2\/media?parent=6432"}],"wp:term":[{"taxonomy":"category","embeddable":true,"href":"https:\/\/blogsaverroes.juntadeandalucia.es\/ceipfuentedelbaden\/wp-json\/wp\/v2\/categories?post=6432"},{"taxonomy":"post_tag","embeddable":true,"href":"https:\/\/blogsaverroes.juntadeandalucia.es\/ceipfuentedelbaden\/wp-json\/wp\/v2\/tags?post=6432"}],"curies":[{"name":"wp","href":"https:\/\/api.w.org\/{rel}","templated":true}]}}