{"id":3077,"date":"2015-10-06T09:45:50","date_gmt":"2015-10-06T07:45:50","guid":{"rendered":"http:\/\/blogsaverroes.juntadeandalucia.es\/ceipgabrielcara\/?p=3077"},"modified":"2016-02-07T22:46:43","modified_gmt":"2016-02-07T21:46:43","slug":"3077","status":"publish","type":"post","link":"https:\/\/blogsaverroes.juntadeandalucia.es\/ceipgabrielcara\/2015\/10\/06\/3077\/","title":{"rendered":"MEN\u00da DEL COMEDOR ESCOLAR PARA EL MES DE OCTUBRE"},"content":{"rendered":"<p><strong>COMEDOR ESCOLAR\u00a0<\/strong><\/p>\n<p><a href=\"http:\/\/blogsaverroes.juntadeandalucia.es\/ceipgabrielcara\/comedor-escolar-2\/\">CONSULTE EL MEN\u00da DE LOS SIGUIENTES MESES PULSANDO AQU\u00cd<\/a><\/p>\n<p>Men\u00fa de octubre:<\/p>\n<p>&nbsp;<\/p>\n<p><a href=\"http:\/\/blogsaverroes.juntadeandalucia.es\/ceipgabrielcara\/files\/2015\/10\/image.jpeg\"><img loading=\"lazy\" decoding=\"async\" class=\"alignnone size-medium wp-image-3073\" src=\"http:\/\/blogsaverroes.juntadeandalucia.es\/ceipgabrielcara\/files\/2015\/10\/image-300x213.jpeg\" alt=\"Comedor octubre\" width=\"300\" height=\"213\" srcset=\"https:\/\/blogsaverroes.juntadeandalucia.es\/ceipgabrielcara\/files\/2015\/10\/image-300x213.jpeg 300w, https:\/\/blogsaverroes.juntadeandalucia.es\/ceipgabrielcara\/files\/2015\/10\/image-1024x727.jpeg 1024w, https:\/\/blogsaverroes.juntadeandalucia.es\/ceipgabrielcara\/files\/2015\/10\/image.jpeg 1600w\" sizes=\"(max-width: 300px) 100vw, 300px\" \/><\/a><\/p>\n<p>&nbsp;<\/p>\n<p>&nbsp;<\/p>\n","protected":false},"excerpt":{"rendered":"<p>COMEDOR ESCOLAR\u00a0 CONSULTE EL MEN\u00da DE LOS SIGUIENTES MESES PULSANDO AQU\u00cd Men\u00fa de octubre: &nbsp; &nbsp; &nbsp;<\/p>\n","protected":false},"author":1904,"featured_media":0,"comment_status":"closed","ping_status":"open","sticky":false,"template":"","format":"standard","meta":{"ngg_post_thumbnail":0,"footnotes":""},"categories":[11909],"tags":[],"aioseo_notices":[],"_links":{"self":[{"href":"https:\/\/blogsaverroes.juntadeandalucia.es\/ceipgabrielcara\/wp-json\/wp\/v2\/posts\/3077"}],"collection":[{"href":"https:\/\/blogsaverroes.juntadeandalucia.es\/ceipgabrielcara\/wp-json\/wp\/v2\/posts"}],"about":[{"href":"https:\/\/blogsaverroes.juntadeandalucia.es\/ceipgabrielcara\/wp-json\/wp\/v2\/types\/post"}],"author":[{"embeddable":true,"href":"https:\/\/blogsaverroes.juntadeandalucia.es\/ceipgabrielcara\/wp-json\/wp\/v2\/users\/1904"}],"replies":[{"embeddable":true,"href":"https:\/\/blogsaverroes.juntadeandalucia.es\/ceipgabrielcara\/wp-json\/wp\/v2\/comments?post=3077"}],"version-history":[{"count":7,"href":"https:\/\/blogsaverroes.juntadeandalucia.es\/ceipgabrielcara\/wp-json\/wp\/v2\/posts\/3077\/revisions"}],"predecessor-version":[{"id":3084,"href":"https:\/\/blogsaverroes.juntadeandalucia.es\/ceipgabrielcara\/wp-json\/wp\/v2\/posts\/3077\/revisions\/3084"}],"wp:attachment":[{"href":"https:\/\/blogsaverroes.juntadeandalucia.es\/ceipgabrielcara\/wp-json\/wp\/v2\/media?parent=3077"}],"wp:term":[{"taxonomy":"category","embeddable":true,"href":"https:\/\/blogsaverroes.juntadeandalucia.es\/ceipgabrielcara\/wp-json\/wp\/v2\/categories?post=3077"},{"taxonomy":"post_tag","embeddable":true,"href":"https:\/\/blogsaverroes.juntadeandalucia.es\/ceipgabrielcara\/wp-json\/wp\/v2\/tags?post=3077"}],"curies":[{"name":"wp","href":"https:\/\/api.w.org\/{rel}","templated":true}]}}