{"id":3731,"date":"2017-02-21T18:02:21","date_gmt":"2017-02-21T17:02:21","guid":{"rendered":"http:\/\/blogsaverroes.juntadeandalucia.es\/ceipgabrielcara\/?p=3731"},"modified":"2017-02-21T18:02:58","modified_gmt":"2017-02-21T17:02:58","slug":"reparto-de-fruta","status":"publish","type":"post","link":"https:\/\/blogsaverroes.juntadeandalucia.es\/ceipgabrielcara\/2017\/02\/21\/reparto-de-fruta\/","title":{"rendered":"DESAYUNO SALUDABLE"},"content":{"rendered":"<div id=\"js_o\" class=\"_5pbx userContent\">\n<p>Estimadas familias:<\/p>\n<p>Ma\u00f1ana, mi\u00e9rcoles 22 de febrero, el AMPA de nuestro centro repartir\u00e1 una macedonia de fresas, pl\u00e1tano y pi\u00f1a a todo el alumnado. \u00a1Esperamos que les guste!<\/p>\n<\/div>\n","protected":false},"excerpt":{"rendered":"<p>Estimadas familias: Ma\u00f1ana, mi\u00e9rcoles 22 de febrero, el AMPA de nuestro centro repartir\u00e1 una macedonia de fresas, pl\u00e1tano y pi\u00f1a a todo el alumnado. \u00a1Esperamos que les guste!<\/p>\n","protected":false},"author":1904,"featured_media":0,"comment_status":"closed","ping_status":"closed","sticky":false,"template":"","format":"standard","meta":{"ngg_post_thumbnail":0,"footnotes":""},"categories":[11909],"tags":[],"aioseo_notices":[],"_links":{"self":[{"href":"https:\/\/blogsaverroes.juntadeandalucia.es\/ceipgabrielcara\/wp-json\/wp\/v2\/posts\/3731"}],"collection":[{"href":"https:\/\/blogsaverroes.juntadeandalucia.es\/ceipgabrielcara\/wp-json\/wp\/v2\/posts"}],"about":[{"href":"https:\/\/blogsaverroes.juntadeandalucia.es\/ceipgabrielcara\/wp-json\/wp\/v2\/types\/post"}],"author":[{"embeddable":true,"href":"https:\/\/blogsaverroes.juntadeandalucia.es\/ceipgabrielcara\/wp-json\/wp\/v2\/users\/1904"}],"replies":[{"embeddable":true,"href":"https:\/\/blogsaverroes.juntadeandalucia.es\/ceipgabrielcara\/wp-json\/wp\/v2\/comments?post=3731"}],"version-history":[{"count":2,"href":"https:\/\/blogsaverroes.juntadeandalucia.es\/ceipgabrielcara\/wp-json\/wp\/v2\/posts\/3731\/revisions"}],"predecessor-version":[{"id":3733,"href":"https:\/\/blogsaverroes.juntadeandalucia.es\/ceipgabrielcara\/wp-json\/wp\/v2\/posts\/3731\/revisions\/3733"}],"wp:attachment":[{"href":"https:\/\/blogsaverroes.juntadeandalucia.es\/ceipgabrielcara\/wp-json\/wp\/v2\/media?parent=3731"}],"wp:term":[{"taxonomy":"category","embeddable":true,"href":"https:\/\/blogsaverroes.juntadeandalucia.es\/ceipgabrielcara\/wp-json\/wp\/v2\/categories?post=3731"},{"taxonomy":"post_tag","embeddable":true,"href":"https:\/\/blogsaverroes.juntadeandalucia.es\/ceipgabrielcara\/wp-json\/wp\/v2\/tags?post=3731"}],"curies":[{"name":"wp","href":"https:\/\/api.w.org\/{rel}","templated":true}]}}