{"id":4720,"date":"2021-11-10T13:35:01","date_gmt":"2021-11-10T13:35:01","guid":{"rendered":"https:\/\/blogsaverroes.juntadeandalucia.es\/ceipgandhi\/?p=4720"},"modified":"2021-11-10T13:35:01","modified_gmt":"2021-11-10T13:35:01","slug":"celebracion-anticipada-del-dia-del-flamenco","status":"publish","type":"post","link":"https:\/\/blogsaverroes.juntadeandalucia.es\/ceipgandhi\/?p=4720","title":{"rendered":"CELEBRACI\u00d3N ANTICIPADA DEL D\u00cdA DEL FLAMENCO"},"content":{"rendered":"<p style=\"text-align: justify\">&nbsp;Nuestro cole se ha vestido de gala para recibir nada menos que a una representaci\u00f3n de la Compa\u00f1\u00eda L\u00edrica Andaluza. Todo el alumnado ha disfrutado de una explicaci\u00f3n y puesta en escena de algunos palos del flamenco, con estas voces espectaculares.<\/p>\n<p><a href=\"https:\/\/blogsaverroes.juntadeandalucia.es\/ceipgandhi\/?attachment_id=4722\" rel=\"attachment wp-att-4722\"><img loading=\"lazy\" decoding=\"async\" class=\"aligncenter size-full wp-image-4722\" src=\"https:\/\/blogsaverroes.juntadeandalucia.es\/ceipgandhi\/files\/2021\/11\/6F24A579-CEF8-406C-AAFD-507D6D27675C.jpeg\" alt=\"\" width=\"1600\" height=\"1200\" srcset=\"https:\/\/blogsaverroes.juntadeandalucia.es\/ceipgandhi\/files\/2021\/11\/6F24A579-CEF8-406C-AAFD-507D6D27675C.jpeg 1600w, https:\/\/blogsaverroes.juntadeandalucia.es\/ceipgandhi\/files\/2021\/11\/6F24A579-CEF8-406C-AAFD-507D6D27675C-300x225.jpeg 300w, https:\/\/blogsaverroes.juntadeandalucia.es\/ceipgandhi\/files\/2021\/11\/6F24A579-CEF8-406C-AAFD-507D6D27675C-1024x768.jpeg 1024w, https:\/\/blogsaverroes.juntadeandalucia.es\/ceipgandhi\/files\/2021\/11\/6F24A579-CEF8-406C-AAFD-507D6D27675C-768x576.jpeg 768w, https:\/\/blogsaverroes.juntadeandalucia.es\/ceipgandhi\/files\/2021\/11\/6F24A579-CEF8-406C-AAFD-507D6D27675C-1536x1152.jpeg 1536w\" sizes=\"(max-width: 1600px) 100vw, 1600px\" \/><\/a> <a href=\"https:\/\/blogsaverroes.juntadeandalucia.es\/ceipgandhi\/?attachment_id=4723\" rel=\"attachment wp-att-4723\"><img loading=\"lazy\" decoding=\"async\" class=\"aligncenter size-full wp-image-4723\" src=\"https:\/\/blogsaverroes.juntadeandalucia.es\/ceipgandhi\/files\/2021\/11\/364DB79C-A8EF-477E-8073-5593465BB776.jpeg\" alt=\"\" width=\"1600\" height=\"1200\" srcset=\"https:\/\/blogsaverroes.juntadeandalucia.es\/ceipgandhi\/files\/2021\/11\/364DB79C-A8EF-477E-8073-5593465BB776.jpeg 1600w, https:\/\/blogsaverroes.juntadeandalucia.es\/ceipgandhi\/files\/2021\/11\/364DB79C-A8EF-477E-8073-5593465BB776-300x225.jpeg 300w, https:\/\/blogsaverroes.juntadeandalucia.es\/ceipgandhi\/files\/2021\/11\/364DB79C-A8EF-477E-8073-5593465BB776-1024x768.jpeg 1024w, https:\/\/blogsaverroes.juntadeandalucia.es\/ceipgandhi\/files\/2021\/11\/364DB79C-A8EF-477E-8073-5593465BB776-768x576.jpeg 768w, https:\/\/blogsaverroes.juntadeandalucia.es\/ceipgandhi\/files\/2021\/11\/364DB79C-A8EF-477E-8073-5593465BB776-1536x1152.jpeg 1536w\" sizes=\"(max-width: 1600px) 100vw, 1600px\" \/><\/a> <a href=\"https:\/\/blogsaverroes.juntadeandalucia.es\/ceipgandhi\/?attachment_id=4724\" rel=\"attachment wp-att-4724\"><img loading=\"lazy\" decoding=\"async\" class=\"aligncenter size-full wp-image-4724\" src=\"https:\/\/blogsaverroes.juntadeandalucia.es\/ceipgandhi\/files\/2021\/11\/4275D63D-BBCB-4645-8683-9E28091D7CC8.jpeg\" alt=\"\" width=\"2048\" height=\"2048\" srcset=\"https:\/\/blogsaverroes.juntadeandalucia.es\/ceipgandhi\/files\/2021\/11\/4275D63D-BBCB-4645-8683-9E28091D7CC8.jpeg 2048w, https:\/\/blogsaverroes.juntadeandalucia.es\/ceipgandhi\/files\/2021\/11\/4275D63D-BBCB-4645-8683-9E28091D7CC8-300x300.jpeg 300w, https:\/\/blogsaverroes.juntadeandalucia.es\/ceipgandhi\/files\/2021\/11\/4275D63D-BBCB-4645-8683-9E28091D7CC8-1024x1024.jpeg 1024w, https:\/\/blogsaverroes.juntadeandalucia.es\/ceipgandhi\/files\/2021\/11\/4275D63D-BBCB-4645-8683-9E28091D7CC8-150x150.jpeg 150w, https:\/\/blogsaverroes.juntadeandalucia.es\/ceipgandhi\/files\/2021\/11\/4275D63D-BBCB-4645-8683-9E28091D7CC8-768x768.jpeg 768w, https:\/\/blogsaverroes.juntadeandalucia.es\/ceipgandhi\/files\/2021\/11\/4275D63D-BBCB-4645-8683-9E28091D7CC8-1536x1536.jpeg 1536w\" sizes=\"(max-width: 2048px) 100vw, 2048px\" \/><\/a><\/p>\n","protected":false},"excerpt":{"rendered":"<p>&nbsp;Nuestro cole se ha vestido de gala para recibir nada menos que&#46;&#46;&#46;<\/p>\n","protected":false},"author":8489,"featured_media":0,"comment_status":"closed","ping_status":"open","sticky":false,"template":"","format":"standard","meta":{"ngg_post_thumbnail":0,"footnotes":""},"categories":[2351652],"tags":[],"aioseo_notices":[],"_links":{"self":[{"href":"https:\/\/blogsaverroes.juntadeandalucia.es\/ceipgandhi\/index.php?rest_route=\/wp\/v2\/posts\/4720"}],"collection":[{"href":"https:\/\/blogsaverroes.juntadeandalucia.es\/ceipgandhi\/index.php?rest_route=\/wp\/v2\/posts"}],"about":[{"href":"https:\/\/blogsaverroes.juntadeandalucia.es\/ceipgandhi\/index.php?rest_route=\/wp\/v2\/types\/post"}],"author":[{"embeddable":true,"href":"https:\/\/blogsaverroes.juntadeandalucia.es\/ceipgandhi\/index.php?rest_route=\/wp\/v2\/users\/8489"}],"replies":[{"embeddable":true,"href":"https:\/\/blogsaverroes.juntadeandalucia.es\/ceipgandhi\/index.php?rest_route=%2Fwp%2Fv2%2Fcomments&post=4720"}],"version-history":[{"count":1,"href":"https:\/\/blogsaverroes.juntadeandalucia.es\/ceipgandhi\/index.php?rest_route=\/wp\/v2\/posts\/4720\/revisions"}],"predecessor-version":[{"id":4725,"href":"https:\/\/blogsaverroes.juntadeandalucia.es\/ceipgandhi\/index.php?rest_route=\/wp\/v2\/posts\/4720\/revisions\/4725"}],"wp:attachment":[{"href":"https:\/\/blogsaverroes.juntadeandalucia.es\/ceipgandhi\/index.php?rest_route=%2Fwp%2Fv2%2Fmedia&parent=4720"}],"wp:term":[{"taxonomy":"category","embeddable":true,"href":"https:\/\/blogsaverroes.juntadeandalucia.es\/ceipgandhi\/index.php?rest_route=%2Fwp%2Fv2%2Fcategories&post=4720"},{"taxonomy":"post_tag","embeddable":true,"href":"https:\/\/blogsaverroes.juntadeandalucia.es\/ceipgandhi\/index.php?rest_route=%2Fwp%2Fv2%2Ftags&post=4720"}],"curies":[{"name":"wp","href":"https:\/\/api.w.org\/{rel}","templated":true}]}}