{"id":4810,"date":"2021-11-24T16:08:28","date_gmt":"2021-11-24T16:08:28","guid":{"rendered":"https:\/\/blogsaverroes.juntadeandalucia.es\/ceipgandhi\/?p=4810"},"modified":"2021-11-24T16:09:10","modified_gmt":"2021-11-24T16:09:10","slug":"dia-de-las-castanas-con-motivo-de-la-celebracion-de-los-derechos-de-la-infancia","status":"publish","type":"post","link":"https:\/\/blogsaverroes.juntadeandalucia.es\/ceipgandhi\/?p=4810","title":{"rendered":"D\u00cdA DE LAS CASTA\u00d1AS (CELEBRACI\u00d3N DE LOS DERECHOS DE LA INFANCIA)"},"content":{"rendered":"<p style=\"text-align: justify\">Hoy, con motivo de la celebraci\u00f3n del D\u00eda de los Derechos de la Infancia (20 de noviembre), hemos podido degustar&nbsp;unas magn\u00edficas casta\u00f1as asadas. El casta\u00f1ero del Puerto de la Torre &nbsp;ha montado su puesto en el patio del colegio y todo el alumnado ha disfrutado de su cartuchito con casta\u00f1as asadas. \u00a1Estaban riqu\u00edsimas!<\/p>\n<p><a href=\"https:\/\/blogsaverroes.juntadeandalucia.es\/ceipgandhi\/?attachment_id=4811\" rel=\"attachment wp-att-4811\"><img loading=\"lazy\" decoding=\"async\" class=\"aligncenter size-full wp-image-4811\" src=\"https:\/\/blogsaverroes.juntadeandalucia.es\/ceipgandhi\/files\/2021\/11\/DSCN6317.jpg\" alt=\"\" width=\"1475\" height=\"770\" srcset=\"https:\/\/blogsaverroes.juntadeandalucia.es\/ceipgandhi\/files\/2021\/11\/DSCN6317.jpg 1475w, https:\/\/blogsaverroes.juntadeandalucia.es\/ceipgandhi\/files\/2021\/11\/DSCN6317-300x157.jpg 300w, https:\/\/blogsaverroes.juntadeandalucia.es\/ceipgandhi\/files\/2021\/11\/DSCN6317-1024x535.jpg 1024w, https:\/\/blogsaverroes.juntadeandalucia.es\/ceipgandhi\/files\/2021\/11\/DSCN6317-768x401.jpg 768w\" sizes=\"(max-width: 1475px) 100vw, 1475px\" \/><\/a><\/p>\n<p><a href=\"https:\/\/blogsaverroes.juntadeandalucia.es\/ceipgandhi\/?attachment_id=4812\" rel=\"attachment wp-att-4812\"><img loading=\"lazy\" decoding=\"async\" class=\"aligncenter size-full wp-image-4812\" src=\"https:\/\/blogsaverroes.juntadeandalucia.es\/ceipgandhi\/files\/2021\/11\/WhatsApp-Image-2021-11-24-at-2.13.38-PM.jpeg\" alt=\"\" width=\"1962\" height=\"759\" srcset=\"https:\/\/blogsaverroes.juntadeandalucia.es\/ceipgandhi\/files\/2021\/11\/WhatsApp-Image-2021-11-24-at-2.13.38-PM.jpeg 1962w, https:\/\/blogsaverroes.juntadeandalucia.es\/ceipgandhi\/files\/2021\/11\/WhatsApp-Image-2021-11-24-at-2.13.38-PM-300x116.jpeg 300w, https:\/\/blogsaverroes.juntadeandalucia.es\/ceipgandhi\/files\/2021\/11\/WhatsApp-Image-2021-11-24-at-2.13.38-PM-1024x396.jpeg 1024w, https:\/\/blogsaverroes.juntadeandalucia.es\/ceipgandhi\/files\/2021\/11\/WhatsApp-Image-2021-11-24-at-2.13.38-PM-768x297.jpeg 768w, https:\/\/blogsaverroes.juntadeandalucia.es\/ceipgandhi\/files\/2021\/11\/WhatsApp-Image-2021-11-24-at-2.13.38-PM-1536x594.jpeg 1536w\" sizes=\"(max-width: 1962px) 100vw, 1962px\" \/><\/a> <a href=\"https:\/\/blogsaverroes.juntadeandalucia.es\/ceipgandhi\/?attachment_id=4814\" rel=\"attachment wp-att-4814\"><img loading=\"lazy\" decoding=\"async\" class=\"aligncenter size-full wp-image-4814\" src=\"https:\/\/blogsaverroes.juntadeandalucia.es\/ceipgandhi\/files\/2021\/11\/WhatsApp-Image-2021-11-24-at-5.05.41-PM.jpeg\" alt=\"\" width=\"1987\" height=\"706\" srcset=\"https:\/\/blogsaverroes.juntadeandalucia.es\/ceipgandhi\/files\/2021\/11\/WhatsApp-Image-2021-11-24-at-5.05.41-PM.jpeg 1987w, https:\/\/blogsaverroes.juntadeandalucia.es\/ceipgandhi\/files\/2021\/11\/WhatsApp-Image-2021-11-24-at-5.05.41-PM-300x107.jpeg 300w, https:\/\/blogsaverroes.juntadeandalucia.es\/ceipgandhi\/files\/2021\/11\/WhatsApp-Image-2021-11-24-at-5.05.41-PM-1024x364.jpeg 1024w, https:\/\/blogsaverroes.juntadeandalucia.es\/ceipgandhi\/files\/2021\/11\/WhatsApp-Image-2021-11-24-at-5.05.41-PM-768x273.jpeg 768w, https:\/\/blogsaverroes.juntadeandalucia.es\/ceipgandhi\/files\/2021\/11\/WhatsApp-Image-2021-11-24-at-5.05.41-PM-1536x546.jpeg 1536w\" sizes=\"(max-width: 1987px) 100vw, 1987px\" \/><\/a><\/p>\n<p>&nbsp;<\/p>\n<p>&nbsp;<\/p>\n","protected":false},"excerpt":{"rendered":"<p>Hoy, con motivo de la celebraci\u00f3n del D\u00eda de los Derechos de&#46;&#46;&#46;<\/p>\n","protected":false},"author":8489,"featured_media":0,"comment_status":"closed","ping_status":"open","sticky":false,"template":"","format":"standard","meta":{"ngg_post_thumbnail":0,"footnotes":""},"categories":[2351652],"tags":[],"aioseo_notices":[],"_links":{"self":[{"href":"https:\/\/blogsaverroes.juntadeandalucia.es\/ceipgandhi\/index.php?rest_route=\/wp\/v2\/posts\/4810"}],"collection":[{"href":"https:\/\/blogsaverroes.juntadeandalucia.es\/ceipgandhi\/index.php?rest_route=\/wp\/v2\/posts"}],"about":[{"href":"https:\/\/blogsaverroes.juntadeandalucia.es\/ceipgandhi\/index.php?rest_route=\/wp\/v2\/types\/post"}],"author":[{"embeddable":true,"href":"https:\/\/blogsaverroes.juntadeandalucia.es\/ceipgandhi\/index.php?rest_route=\/wp\/v2\/users\/8489"}],"replies":[{"embeddable":true,"href":"https:\/\/blogsaverroes.juntadeandalucia.es\/ceipgandhi\/index.php?rest_route=%2Fwp%2Fv2%2Fcomments&post=4810"}],"version-history":[{"count":2,"href":"https:\/\/blogsaverroes.juntadeandalucia.es\/ceipgandhi\/index.php?rest_route=\/wp\/v2\/posts\/4810\/revisions"}],"predecessor-version":[{"id":4816,"href":"https:\/\/blogsaverroes.juntadeandalucia.es\/ceipgandhi\/index.php?rest_route=\/wp\/v2\/posts\/4810\/revisions\/4816"}],"wp:attachment":[{"href":"https:\/\/blogsaverroes.juntadeandalucia.es\/ceipgandhi\/index.php?rest_route=%2Fwp%2Fv2%2Fmedia&parent=4810"}],"wp:term":[{"taxonomy":"category","embeddable":true,"href":"https:\/\/blogsaverroes.juntadeandalucia.es\/ceipgandhi\/index.php?rest_route=%2Fwp%2Fv2%2Fcategories&post=4810"},{"taxonomy":"post_tag","embeddable":true,"href":"https:\/\/blogsaverroes.juntadeandalucia.es\/ceipgandhi\/index.php?rest_route=%2Fwp%2Fv2%2Ftags&post=4810"}],"curies":[{"name":"wp","href":"https:\/\/api.w.org\/{rel}","templated":true}]}}