{"id":5397,"date":"2022-09-29T15:00:14","date_gmt":"2022-09-29T15:00:14","guid":{"rendered":"https:\/\/blogsaverroes.juntadeandalucia.es\/ceipgandhi\/?p=5397"},"modified":"2022-09-29T15:00:14","modified_gmt":"2022-09-29T15:00:14","slug":"el-ampa-los-ramos-presenta-su-nuevo-logo","status":"publish","type":"post","link":"https:\/\/blogsaverroes.juntadeandalucia.es\/ceipgandhi\/?p=5397","title":{"rendered":"EL AMPA LOS RAMOS PRESENTA SU NUEVO LOGO"},"content":{"rendered":"<div style=\"text-align: justify\" data-removefontsize=\"true\" data-originalcomputedfontsize=\"16\">A punto de cumplirse 34 a\u00f1os de la fundaci\u00f3n de la AMPA Los Ramos, se presenta su nuevo logo.<\/div>\n<div style=\"text-align: justify\" data-removefontsize=\"true\" data-originalcomputedfontsize=\"16\">Nuestra AMPA ha querido que la elecci\u00f3n cuente con la participaci\u00f3n de todas las familias del centro, proponiendo 4 opciones en busca de la m\u00e1s votada.<\/div>\n<div style=\"text-align: justify\" data-removefontsize=\"true\" data-originalcomputedfontsize=\"16\">Todos los dise\u00f1os son obra de Patxi Velasco Fano, padre de alumna del centro, que ha colaborado de forma generosa y desinteresada.Agradecemos a la AMPA Los Ramos su continua colaboraci\u00f3n y le damos la enhorabuena por esta iniciativa.<\/div>\n<div data-removefontsize=\"true\" data-originalcomputedfontsize=\"16\"><a href=\"https:\/\/blogsaverroes.juntadeandalucia.es\/ceipgandhi\/?attachment_id=5398\" rel=\"attachment wp-att-5398\"><img loading=\"lazy\" decoding=\"async\" class=\"aligncenter size-full wp-image-5398\" src=\"https:\/\/blogsaverroes.juntadeandalucia.es\/ceipgandhi\/files\/2022\/09\/1FACA73F-D45F-4C35-AF52-2C46F97E1148.jpeg\" alt=\"\" width=\"640\" height=\"640\" srcset=\"https:\/\/blogsaverroes.juntadeandalucia.es\/ceipgandhi\/files\/2022\/09\/1FACA73F-D45F-4C35-AF52-2C46F97E1148.jpeg 640w, https:\/\/blogsaverroes.juntadeandalucia.es\/ceipgandhi\/files\/2022\/09\/1FACA73F-D45F-4C35-AF52-2C46F97E1148-300x300.jpeg 300w, https:\/\/blogsaverroes.juntadeandalucia.es\/ceipgandhi\/files\/2022\/09\/1FACA73F-D45F-4C35-AF52-2C46F97E1148-150x150.jpeg 150w\" sizes=\"(max-width: 640px) 100vw, 640px\" \/><\/a><\/div>\n","protected":false},"excerpt":{"rendered":"<p>A punto de cumplirse 34 a\u00f1os de la fundaci\u00f3n de la AMPA&#46;&#46;&#46;<\/p>\n","protected":false},"author":8489,"featured_media":0,"comment_status":"closed","ping_status":"open","sticky":false,"template":"","format":"standard","meta":{"ngg_post_thumbnail":0,"footnotes":""},"categories":[2351652],"tags":[],"aioseo_notices":[],"_links":{"self":[{"href":"https:\/\/blogsaverroes.juntadeandalucia.es\/ceipgandhi\/index.php?rest_route=\/wp\/v2\/posts\/5397"}],"collection":[{"href":"https:\/\/blogsaverroes.juntadeandalucia.es\/ceipgandhi\/index.php?rest_route=\/wp\/v2\/posts"}],"about":[{"href":"https:\/\/blogsaverroes.juntadeandalucia.es\/ceipgandhi\/index.php?rest_route=\/wp\/v2\/types\/post"}],"author":[{"embeddable":true,"href":"https:\/\/blogsaverroes.juntadeandalucia.es\/ceipgandhi\/index.php?rest_route=\/wp\/v2\/users\/8489"}],"replies":[{"embeddable":true,"href":"https:\/\/blogsaverroes.juntadeandalucia.es\/ceipgandhi\/index.php?rest_route=%2Fwp%2Fv2%2Fcomments&post=5397"}],"version-history":[{"count":1,"href":"https:\/\/blogsaverroes.juntadeandalucia.es\/ceipgandhi\/index.php?rest_route=\/wp\/v2\/posts\/5397\/revisions"}],"predecessor-version":[{"id":5399,"href":"https:\/\/blogsaverroes.juntadeandalucia.es\/ceipgandhi\/index.php?rest_route=\/wp\/v2\/posts\/5397\/revisions\/5399"}],"wp:attachment":[{"href":"https:\/\/blogsaverroes.juntadeandalucia.es\/ceipgandhi\/index.php?rest_route=%2Fwp%2Fv2%2Fmedia&parent=5397"}],"wp:term":[{"taxonomy":"category","embeddable":true,"href":"https:\/\/blogsaverroes.juntadeandalucia.es\/ceipgandhi\/index.php?rest_route=%2Fwp%2Fv2%2Fcategories&post=5397"},{"taxonomy":"post_tag","embeddable":true,"href":"https:\/\/blogsaverroes.juntadeandalucia.es\/ceipgandhi\/index.php?rest_route=%2Fwp%2Fv2%2Ftags&post=5397"}],"curies":[{"name":"wp","href":"https:\/\/api.w.org\/{rel}","templated":true}]}}