{"id":5671,"date":"2023-01-03T12:38:05","date_gmt":"2023-01-03T12:38:05","guid":{"rendered":"https:\/\/blogsaverroes.juntadeandalucia.es\/ceipgandhi\/?p=5671"},"modified":"2023-01-03T12:38:05","modified_gmt":"2023-01-03T12:38:05","slug":"mi-mochila-es-de-la-paz","status":"publish","type":"post","link":"https:\/\/blogsaverroes.juntadeandalucia.es\/ceipgandhi\/?p=5671","title":{"rendered":"MI MOCHILA ES DE LA PAZ"},"content":{"rendered":"<p>Durante este curso, la educaci\u00f3n para la paz y la igualdad la venimos trabajando de manera multidisciplinar y desde muchos \u00e1mbitos. Adem\u00e1s, estamos llevando a cabo un peque\u00f1o proyecto titulado MI MOCHILA ES DE LA PAZ. Para ello, nos estamos centrando en nuestra mochila y los materiales que llevamos dentro de ella, reflexionando sobre las actitudes o valores que debemos llevar en ella para crear un clima de convivencia positiva en el colegio. De esta manera, tendremos que seleccionar los mejores materiales escolares y, sobre todo, hacer un buen uso de ellos. Esta tem\u00e1tica nos servir\u00e1 de hilo conductor durante todo el curso para trabajar valores que favorezcan la convivencia.<\/p>\n<p>El curso pasado, realizamos conjuntamente con los colegios de nuestra zona de Teatinos <strong><em>(\u201cteaTEAMnos\u201d) <\/em><\/strong>la actividad \u201cSOMOS DE LA PAZ\u201d. El proyecto de este curso, pretende dar continuidad a este camino compartido en favor de la educaci\u00f3n para la paz y la igualdad.<\/p>\n<p>Compartimos por aqu\u00ed la canci\u00f3n del proyecto, el material did\u00e1ctico, el cuento motivador y la web de las escuelas de Teatinos donde se seguir\u00e1n compartiendo m\u00e1s materiales y experiencias de aprendizaje.<\/p>\n<p>Esperamos que sea una experiencia divertida y enriquecedora para todo el alumnado.<\/p>\n<p><a href=\"https:\/\/blogsaverroes.juntadeandalucia.es\/ceipgandhi\/?attachment_id=5673\" rel=\"attachment wp-att-5673\"><img loading=\"lazy\" decoding=\"async\" class=\"aligncenter size-full wp-image-5673\" src=\"https:\/\/blogsaverroes.juntadeandalucia.es\/ceipgandhi\/files\/2023\/01\/imagen-web.jpg\" alt=\"MI MOCHILA ES DE LA PAZ\" width=\"2480\" height=\"2177\" srcset=\"https:\/\/blogsaverroes.juntadeandalucia.es\/ceipgandhi\/files\/2023\/01\/imagen-web.jpg 2480w, https:\/\/blogsaverroes.juntadeandalucia.es\/ceipgandhi\/files\/2023\/01\/imagen-web-300x263.jpg 300w, https:\/\/blogsaverroes.juntadeandalucia.es\/ceipgandhi\/files\/2023\/01\/imagen-web-1024x899.jpg 1024w, https:\/\/blogsaverroes.juntadeandalucia.es\/ceipgandhi\/files\/2023\/01\/imagen-web-768x674.jpg 768w, https:\/\/blogsaverroes.juntadeandalucia.es\/ceipgandhi\/files\/2023\/01\/imagen-web-1536x1348.jpg 1536w, https:\/\/blogsaverroes.juntadeandalucia.es\/ceipgandhi\/files\/2023\/01\/imagen-web-2048x1798.jpg 2048w\" sizes=\"(max-width: 2480px) 100vw, 2480px\" \/><\/a><\/p>\n<p><a title=\"CANCI\u00d3N\" href=\"https:\/\/youtu.be\/caTB-S7uKk8\">Canci\u00f3n \u00abMI MOCHILA ES DE LA PAZ\u00bb<\/a><\/p>\n<p><a title=\"MATERIAL DID\u00c1CTICO\" href=\"https:\/\/drive.google.com\/file\/d\/1B6KW6h7K1cLbu9dHuXiA-1Vz48zVi81Y\/view?usp=sharing\">Material Did\u00e1ctico Gandhi \u00abMi Mochila es de la Paz\u00bb<\/a><\/p>\n<p><a title=\"CUENTO &quot;MI MOCHILA ES DE LA PAZ&quot;\" href=\"https:\/\/drive.google.com\/file\/d\/1EAAyTHpZUt54q8AC1IQnyY3tQLTtSm0L\/view?usp=sharing\">Cuento Motivador \u00abMi Mochila es de la Paz\u00bb<\/a><\/p>\n<p><a title=\"WEB ESCUELAS teaTEAMnos\" href=\"https:\/\/sites.google.com\/view\/somos-de-la-paz\/inicio?authuser=0\">Web Escuelas teaTEAMnos<\/a><\/p>\n<p>&nbsp;<\/p>\n","protected":false},"excerpt":{"rendered":"<p>Durante este curso, la educaci\u00f3n para la paz y la igualdad la&#46;&#46;&#46;<\/p>\n","protected":false},"author":8489,"featured_media":0,"comment_status":"closed","ping_status":"open","sticky":false,"template":"","format":"standard","meta":{"ngg_post_thumbnail":0,"footnotes":""},"categories":[2351652],"tags":[],"aioseo_notices":[],"_links":{"self":[{"href":"https:\/\/blogsaverroes.juntadeandalucia.es\/ceipgandhi\/index.php?rest_route=\/wp\/v2\/posts\/5671"}],"collection":[{"href":"https:\/\/blogsaverroes.juntadeandalucia.es\/ceipgandhi\/index.php?rest_route=\/wp\/v2\/posts"}],"about":[{"href":"https:\/\/blogsaverroes.juntadeandalucia.es\/ceipgandhi\/index.php?rest_route=\/wp\/v2\/types\/post"}],"author":[{"embeddable":true,"href":"https:\/\/blogsaverroes.juntadeandalucia.es\/ceipgandhi\/index.php?rest_route=\/wp\/v2\/users\/8489"}],"replies":[{"embeddable":true,"href":"https:\/\/blogsaverroes.juntadeandalucia.es\/ceipgandhi\/index.php?rest_route=%2Fwp%2Fv2%2Fcomments&post=5671"}],"version-history":[{"count":2,"href":"https:\/\/blogsaverroes.juntadeandalucia.es\/ceipgandhi\/index.php?rest_route=\/wp\/v2\/posts\/5671\/revisions"}],"predecessor-version":[{"id":5674,"href":"https:\/\/blogsaverroes.juntadeandalucia.es\/ceipgandhi\/index.php?rest_route=\/wp\/v2\/posts\/5671\/revisions\/5674"}],"wp:attachment":[{"href":"https:\/\/blogsaverroes.juntadeandalucia.es\/ceipgandhi\/index.php?rest_route=%2Fwp%2Fv2%2Fmedia&parent=5671"}],"wp:term":[{"taxonomy":"category","embeddable":true,"href":"https:\/\/blogsaverroes.juntadeandalucia.es\/ceipgandhi\/index.php?rest_route=%2Fwp%2Fv2%2Fcategories&post=5671"},{"taxonomy":"post_tag","embeddable":true,"href":"https:\/\/blogsaverroes.juntadeandalucia.es\/ceipgandhi\/index.php?rest_route=%2Fwp%2Fv2%2Ftags&post=5671"}],"curies":[{"name":"wp","href":"https:\/\/api.w.org\/{rel}","templated":true}]}}