{"id":6597,"date":"2024-02-06T17:03:49","date_gmt":"2024-02-06T17:03:49","guid":{"rendered":"https:\/\/blogsaverroes.juntadeandalucia.es\/ceipgandhi\/?p=6597"},"modified":"2024-02-06T17:03:49","modified_gmt":"2024-02-06T17:03:49","slug":"sonamos-un-planeta-de-paz","status":"publish","type":"post","link":"https:\/\/blogsaverroes.juntadeandalucia.es\/ceipgandhi\/?p=6597","title":{"rendered":"So\u00f1amos un Planeta de Paz"},"content":{"rendered":"<p style=\"text-align: justify\">Creemos que Gandhi estar\u00eda orgulloso de lo que su centro va creando en torno a la Paz. Este a\u00f1o somos el centro coordinador del Proyecto Escuela Espacio de Paz en su modalidad intercentro. Participamos 10 centros de Puerto de la Torre y Teatinos con m\u00e1s de 5000 alumnos\/as. El pasado 31 de enero se realiz\u00f3 un encuentro con el alumnado de quinto de primaria de todos los centros. Fue una convivencia maravillosa, colorida, divertida y donde la paz y la amistad fue la protagonista. Os dejamos algunas noticias del encuentro.<\/p>\n<h3 class=\"v-a-t\"><a href=\"https:\/\/www.diariosur.es\/malaga-capital\/celebracion-dia-paz-colegios-malaga-teatinos-20240131130300-nt.html?ref=https%3A%2F%2Fwww.diariosur.es%2Fmalaga-capital%2Fcelebracion-dia-paz-colegios-malaga-teatinos-20240131130300-nt.html\">\u00abEl grito solidario de los ni\u00f1os de Teatinos\u00bb (Diario Sur)<\/a><\/h3>\n<h3 class=\"pg-bkn-headline\"><a href=\"https:\/\/www.malagahoy.es\/malaga\/Colegios-Malaga-educar-paz_0_1871513797.html\">\u00abColegios de M\u00e1laga se unen para educar a los m\u00e1s peque\u00f1os en la paz\u00bb (M\u00e1laga Hoy)<\/a><\/h3>\n<h3><a href=\"https:\/\/vivamalaga.net\/malaga\/1520908\/5000-alumnos-cantan-y-bailan-para-cumplir-su-sueno-de-ser-un-planeta-de-paz\/\">\u00ab5.000 alumnos cantan y bailan para cumplir su \u201csue\u00f1o\u201d de ser un Planeta de Paz\u00bb (VivaM\u00e1laga)<\/a><\/h3>\n<p><iframe loading=\"lazy\" src=\"https:\/\/www.facebook.com\/plugins\/video.php?height=314&amp;href=https%3A%2F%2Fwww.facebook.com%2F7TVMalaga%2Fvideos%2F362356089889334%2F&amp;show_text=true&amp;width=560&amp;t=0\" width=\"560\" height=\"429\" frameborder=\"0\" scrolling=\"no\"><\/iframe><\/p>\n<p><iframe loading=\"lazy\" src=\"https:\/\/www.youtube.com\/embed\/2SbAn6AA0yg?si=X3YYu_IqWY5QQsJn\" width=\"560\" height=\"315\" frameborder=\"0\"><\/iframe><br \/>\n&nbsp;<\/p>\n<p>&nbsp;<\/p>\n<p>&nbsp;<\/p>\n","protected":false},"excerpt":{"rendered":"<p>Creemos que Gandhi estar\u00eda orgulloso de lo que su centro va creando&#46;&#46;&#46;<\/p>\n","protected":false},"author":8489,"featured_media":0,"comment_status":"closed","ping_status":"open","sticky":false,"template":"","format":"standard","meta":{"ngg_post_thumbnail":0,"footnotes":""},"categories":[2351652],"tags":[],"aioseo_notices":[],"_links":{"self":[{"href":"https:\/\/blogsaverroes.juntadeandalucia.es\/ceipgandhi\/index.php?rest_route=\/wp\/v2\/posts\/6597"}],"collection":[{"href":"https:\/\/blogsaverroes.juntadeandalucia.es\/ceipgandhi\/index.php?rest_route=\/wp\/v2\/posts"}],"about":[{"href":"https:\/\/blogsaverroes.juntadeandalucia.es\/ceipgandhi\/index.php?rest_route=\/wp\/v2\/types\/post"}],"author":[{"embeddable":true,"href":"https:\/\/blogsaverroes.juntadeandalucia.es\/ceipgandhi\/index.php?rest_route=\/wp\/v2\/users\/8489"}],"replies":[{"embeddable":true,"href":"https:\/\/blogsaverroes.juntadeandalucia.es\/ceipgandhi\/index.php?rest_route=%2Fwp%2Fv2%2Fcomments&post=6597"}],"version-history":[{"count":1,"href":"https:\/\/blogsaverroes.juntadeandalucia.es\/ceipgandhi\/index.php?rest_route=\/wp\/v2\/posts\/6597\/revisions"}],"predecessor-version":[{"id":6598,"href":"https:\/\/blogsaverroes.juntadeandalucia.es\/ceipgandhi\/index.php?rest_route=\/wp\/v2\/posts\/6597\/revisions\/6598"}],"wp:attachment":[{"href":"https:\/\/blogsaverroes.juntadeandalucia.es\/ceipgandhi\/index.php?rest_route=%2Fwp%2Fv2%2Fmedia&parent=6597"}],"wp:term":[{"taxonomy":"category","embeddable":true,"href":"https:\/\/blogsaverroes.juntadeandalucia.es\/ceipgandhi\/index.php?rest_route=%2Fwp%2Fv2%2Fcategories&post=6597"},{"taxonomy":"post_tag","embeddable":true,"href":"https:\/\/blogsaverroes.juntadeandalucia.es\/ceipgandhi\/index.php?rest_route=%2Fwp%2Fv2%2Ftags&post=6597"}],"curies":[{"name":"wp","href":"https:\/\/api.w.org\/{rel}","templated":true}]}}