{"id":7932,"date":"2025-05-23T14:32:45","date_gmt":"2025-05-23T14:32:45","guid":{"rendered":"https:\/\/blogsaverroes.juntadeandalucia.es\/ceipgandhi\/?p=7932"},"modified":"2025-05-23T14:32:45","modified_gmt":"2025-05-23T14:32:45","slug":"proyecto-cima-juntos-por-el-reciclaje","status":"publish","type":"post","link":"https:\/\/blogsaverroes.juntadeandalucia.es\/ceipgandhi\/?p=7932","title":{"rendered":"PROYECTO CIMA: JUNTOS POR EL RECICLAJE"},"content":{"rendered":"<p style=\"text-align: justify\">El alumnado de atenci\u00f3n educativa de 5\u00ba est\u00e1 desarrollando el programa \u00abJuntos por el reciclaje\u00bb del \u00c1rea de Sostenibilidad y Medio Ambiente de la Junta de Andaluc\u00eda mediante una campa\u00f1a de sensibilizaci\u00f3n para fomentar la recogida selectiva, recuperaci\u00f3n y reciclado de residuos por parte de distintos establecimientos de la zona.<br \/>\nEn primer lugar, el alumnado ha delimitado un \u00e1rea de actuaci\u00f3n en nuestro entorno, seleccionando los establecimientos pr\u00f3ximos al centro escolar.<br \/>\nSeguidamente ha localizado el n\u00famero de contenedores ( y tipolog\u00eda de los mismos) y ha realizado un listado de los comercios y entidades privadas y p\u00fablicas en dicha \u00e1rea de actuaci\u00f3n.<br \/>\nEn tercer lugar se ha trasladado a dichos establecimientos una encuesta sobre los residuos que generan y si los separan de forma correcta, as\u00ed como si tienen alguna duda sobre qu\u00e9 va en cada contenedor y d\u00f3nde son ocupados.<br \/>\nFinalmente se ha propuesto a los establecimientos su adhesi\u00f3n a la campa\u00f1a, haci\u00e9ndoles entrega de un distintivo que puedan colocar en su tienda a modo de reconocimiento.<br \/>\nPor ahora, a dicha campa\u00f1a se ha sumado la Farmacia El Atabal, la Imprenta El Atabal, la Pasteler\u00eda Tropicana, La Fruter\u00eda Los Molinos y la Papeler\u00eda Liam.<br \/>\nUn experiencia enriquecedora de Aprendizaje-Servicio en nuestro entorno.<\/p>\nngg_shortcode_0_placeholder\n","protected":false},"excerpt":{"rendered":"<p>El alumnado de atenci\u00f3n educativa de 5\u00ba est\u00e1 desarrollando el programa \u00abJuntos&#46;&#46;&#46;<\/p>\n","protected":false},"author":8489,"featured_media":0,"comment_status":"closed","ping_status":"open","sticky":false,"template":"","format":"standard","meta":{"ngg_post_thumbnail":0,"footnotes":""},"categories":[2351652],"tags":[],"aioseo_notices":[],"_links":{"self":[{"href":"https:\/\/blogsaverroes.juntadeandalucia.es\/ceipgandhi\/index.php?rest_route=\/wp\/v2\/posts\/7932"}],"collection":[{"href":"https:\/\/blogsaverroes.juntadeandalucia.es\/ceipgandhi\/index.php?rest_route=\/wp\/v2\/posts"}],"about":[{"href":"https:\/\/blogsaverroes.juntadeandalucia.es\/ceipgandhi\/index.php?rest_route=\/wp\/v2\/types\/post"}],"author":[{"embeddable":true,"href":"https:\/\/blogsaverroes.juntadeandalucia.es\/ceipgandhi\/index.php?rest_route=\/wp\/v2\/users\/8489"}],"replies":[{"embeddable":true,"href":"https:\/\/blogsaverroes.juntadeandalucia.es\/ceipgandhi\/index.php?rest_route=%2Fwp%2Fv2%2Fcomments&post=7932"}],"version-history":[{"count":2,"href":"https:\/\/blogsaverroes.juntadeandalucia.es\/ceipgandhi\/index.php?rest_route=\/wp\/v2\/posts\/7932\/revisions"}],"predecessor-version":[{"id":7940,"href":"https:\/\/blogsaverroes.juntadeandalucia.es\/ceipgandhi\/index.php?rest_route=\/wp\/v2\/posts\/7932\/revisions\/7940"}],"wp:attachment":[{"href":"https:\/\/blogsaverroes.juntadeandalucia.es\/ceipgandhi\/index.php?rest_route=%2Fwp%2Fv2%2Fmedia&parent=7932"}],"wp:term":[{"taxonomy":"category","embeddable":true,"href":"https:\/\/blogsaverroes.juntadeandalucia.es\/ceipgandhi\/index.php?rest_route=%2Fwp%2Fv2%2Fcategories&post=7932"},{"taxonomy":"post_tag","embeddable":true,"href":"https:\/\/blogsaverroes.juntadeandalucia.es\/ceipgandhi\/index.php?rest_route=%2Fwp%2Fv2%2Ftags&post=7932"}],"curies":[{"name":"wp","href":"https:\/\/api.w.org\/{rel}","templated":true}]}}