{"id":8480,"date":"2026-03-21T11:12:45","date_gmt":"2026-03-21T11:12:45","guid":{"rendered":"https:\/\/blogsaverroes.juntadeandalucia.es\/ceipgandhi\/?p=8480"},"modified":"2026-03-21T11:12:45","modified_gmt":"2026-03-21T11:12:45","slug":"ii-semana-cultural-ciencia-conciencia","status":"publish","type":"post","link":"https:\/\/blogsaverroes.juntadeandalucia.es\/ceipgandhi\/?p=8480","title":{"rendered":"II SEMANA CULTURAL \u00abCIENCIA CONCIENCIA\u00bb"},"content":{"rendered":"<p style=\"text-align: justify\" data-start=\"88\" data-end=\"248\"><strong>II SEMANA CULTURAL \u00abCIENCIA CONCIENCIA\u00bb<\/strong><\/p>\n<p style=\"text-align: justify\" data-start=\"88\" data-end=\"248\">Del <strong data-start=\"92\" data-end=\"113\">23 al 27 de marzo<\/strong>, celebraremos en el CEIP Gandhi la <strong data-start=\"149\" data-end=\"197\">II Semana Cultural: \u201cCiencia conConciencia\u201d<\/strong>, una experiencia llena de aprendizaje y diversi\u00f3n.<\/p>\n<p style=\"text-align: justify\" data-start=\"250\" data-end=\"625\">Durante la semana, el alumnado participar\u00e1 en <strong data-start=\"296\" data-end=\"345\">talleres, experimentos, visitas y actividades<\/strong> como divulgaci\u00f3n cient\u00edfica, astrobiolog\u00eda, \u00f3ptica, \u201cChemistry in the kitchen\u201d o la b\u00fasqueda del ADN de los pl\u00e1tanos. Tambi\u00e9n disfrutaremos de una visita al laboratorio del IES Universidad Laboral y de actividades finales como la gymkana de la ciencia y el planetario en el aula.<\/p>\n<p style=\"text-align: justify\" data-start=\"627\" data-end=\"781\">Esta iniciativa fomentar\u00e1 la <strong data-start=\"656\" data-end=\"722\">curiosidad, el pensamiento cr\u00edtico y el inter\u00e9s por la ciencia<\/strong>, acercando el conocimiento de forma pr\u00e1ctica y motivadora.<\/p>\n<p style=\"text-align: justify\" data-start=\"783\" data-end=\"871\">\ud83d\udc4f Agradecemos la colaboraci\u00f3n de todos los profesionales que har\u00e1n posible esta semana.<\/p>\n<p style=\"text-align: justify\" data-start=\"873\" data-end=\"920\">\u00a1Una experiencia que sin duda ser\u00e1 inolvidable!<\/p>\n<div id=\"attachment_8481\" style=\"width: 1189px\" class=\"wp-caption aligncenter\"><a href=\"https:\/\/blogsaverroes.juntadeandalucia.es\/ceipgandhi\/?attachment_id=8481\" rel=\"attachment wp-att-8481\"><img loading=\"lazy\" decoding=\"async\" aria-describedby=\"caption-attachment-8481\" class=\"size-full wp-image-8481\" src=\"https:\/\/blogsaverroes.juntadeandalucia.es\/ceipgandhi\/files\/2026\/03\/IMG_4112.jpg\" alt=\"\" width=\"1179\" height=\"829\" srcset=\"https:\/\/blogsaverroes.juntadeandalucia.es\/ceipgandhi\/files\/2026\/03\/IMG_4112.jpg 1179w, https:\/\/blogsaverroes.juntadeandalucia.es\/ceipgandhi\/files\/2026\/03\/IMG_4112-300x211.jpg 300w, https:\/\/blogsaverroes.juntadeandalucia.es\/ceipgandhi\/files\/2026\/03\/IMG_4112-1024x720.jpg 1024w, https:\/\/blogsaverroes.juntadeandalucia.es\/ceipgandhi\/files\/2026\/03\/IMG_4112-768x540.jpg 768w\" sizes=\"(max-width: 1179px) 100vw, 1179px\" \/><\/a><p id=\"caption-attachment-8481\" class=\"wp-caption-text\">Screenshot<\/p><\/div>\n<div id=\"attachment_8482\" style=\"width: 1189px\" class=\"wp-caption aligncenter\"><a href=\"https:\/\/blogsaverroes.juntadeandalucia.es\/ceipgandhi\/?attachment_id=8482\" rel=\"attachment wp-att-8482\"><img loading=\"lazy\" decoding=\"async\" aria-describedby=\"caption-attachment-8482\" class=\"size-full wp-image-8482\" src=\"https:\/\/blogsaverroes.juntadeandalucia.es\/ceipgandhi\/files\/2026\/03\/IMG_4111.jpg\" alt=\"\" width=\"1179\" height=\"850\" srcset=\"https:\/\/blogsaverroes.juntadeandalucia.es\/ceipgandhi\/files\/2026\/03\/IMG_4111.jpg 1179w, https:\/\/blogsaverroes.juntadeandalucia.es\/ceipgandhi\/files\/2026\/03\/IMG_4111-300x216.jpg 300w, https:\/\/blogsaverroes.juntadeandalucia.es\/ceipgandhi\/files\/2026\/03\/IMG_4111-1024x738.jpg 1024w, https:\/\/blogsaverroes.juntadeandalucia.es\/ceipgandhi\/files\/2026\/03\/IMG_4111-768x554.jpg 768w\" sizes=\"(max-width: 1179px) 100vw, 1179px\" \/><\/a><p id=\"caption-attachment-8482\" class=\"wp-caption-text\">Screenshot<\/p><\/div>\n","protected":false},"excerpt":{"rendered":"<p>II SEMANA CULTURAL \u00abCIENCIA CONCIENCIA\u00bb Del 23 al 27 de marzo, celebraremos&#46;&#46;&#46;<\/p>\n","protected":false},"author":8489,"featured_media":0,"comment_status":"closed","ping_status":"open","sticky":false,"template":"","format":"aside","meta":{"ngg_post_thumbnail":0,"footnotes":""},"categories":[2351652],"tags":[],"aioseo_notices":[],"_links":{"self":[{"href":"https:\/\/blogsaverroes.juntadeandalucia.es\/ceipgandhi\/index.php?rest_route=\/wp\/v2\/posts\/8480"}],"collection":[{"href":"https:\/\/blogsaverroes.juntadeandalucia.es\/ceipgandhi\/index.php?rest_route=\/wp\/v2\/posts"}],"about":[{"href":"https:\/\/blogsaverroes.juntadeandalucia.es\/ceipgandhi\/index.php?rest_route=\/wp\/v2\/types\/post"}],"author":[{"embeddable":true,"href":"https:\/\/blogsaverroes.juntadeandalucia.es\/ceipgandhi\/index.php?rest_route=\/wp\/v2\/users\/8489"}],"replies":[{"embeddable":true,"href":"https:\/\/blogsaverroes.juntadeandalucia.es\/ceipgandhi\/index.php?rest_route=%2Fwp%2Fv2%2Fcomments&post=8480"}],"version-history":[{"count":1,"href":"https:\/\/blogsaverroes.juntadeandalucia.es\/ceipgandhi\/index.php?rest_route=\/wp\/v2\/posts\/8480\/revisions"}],"predecessor-version":[{"id":8483,"href":"https:\/\/blogsaverroes.juntadeandalucia.es\/ceipgandhi\/index.php?rest_route=\/wp\/v2\/posts\/8480\/revisions\/8483"}],"wp:attachment":[{"href":"https:\/\/blogsaverroes.juntadeandalucia.es\/ceipgandhi\/index.php?rest_route=%2Fwp%2Fv2%2Fmedia&parent=8480"}],"wp:term":[{"taxonomy":"category","embeddable":true,"href":"https:\/\/blogsaverroes.juntadeandalucia.es\/ceipgandhi\/index.php?rest_route=%2Fwp%2Fv2%2Fcategories&post=8480"},{"taxonomy":"post_tag","embeddable":true,"href":"https:\/\/blogsaverroes.juntadeandalucia.es\/ceipgandhi\/index.php?rest_route=%2Fwp%2Fv2%2Ftags&post=8480"}],"curies":[{"name":"wp","href":"https:\/\/api.w.org\/{rel}","templated":true}]}}