{"id":8537,"date":"2026-04-21T22:51:34","date_gmt":"2026-04-21T22:51:34","guid":{"rendered":"https:\/\/blogsaverroes.juntadeandalucia.es\/ceipgandhi\/?p=8537"},"modified":"2026-04-21T22:51:34","modified_gmt":"2026-04-21T22:51:34","slug":"semana-del-libro-en-el-gandhi","status":"publish","type":"post","link":"https:\/\/blogsaverroes.juntadeandalucia.es\/ceipgandhi\/?p=8537","title":{"rendered":"SEMANA DEL LIBRO EN EL GANDHI"},"content":{"rendered":"<div dir=\"auto\" style=\"text-align: justify\"><strong>SEMANA DEL LIBRO EN EL GANDHI<\/strong><\/div>\n<div dir=\"auto\" style=\"text-align: justify\">Hoy hemos comenzado con una gincana literaria organizada por un grupo de estudiantes del Grado de Maestros para el alumnado de tercero a sexto. Todos los han pasado de f\u00e1bula.<\/div>\n<div dir=\"auto\" style=\"text-align: justify\">El jueves volver\u00e1n para dedicarse a nuestros ni\u00f1os y ni\u00f1as de infantil, primero y segundo.<\/div>\n<div dir=\"auto\" style=\"text-align: justify\">Para finalizar la semana el viernes, en nuestra sesi\u00f3n semanal de tutor\u00eda, uniremos el libro con la empat\u00eda, que es el elemento de nuestra F\u00f3rmula de la Paz que tratamos este mes.<\/div>\n<div dir=\"auto\">ngg_shortcode_0_placeholder<\/div>\n<div dir=\"auto\" style=\"text-align: justify\">&nbsp;<\/div>\n","protected":false},"excerpt":{"rendered":"<p>SEMANA DEL LIBRO EN EL GANDHI Hoy hemos comenzado con una gincana&#46;&#46;&#46;<\/p>\n","protected":false},"author":8489,"featured_media":0,"comment_status":"closed","ping_status":"open","sticky":false,"template":"","format":"aside","meta":{"ngg_post_thumbnail":0,"footnotes":""},"categories":[2351652],"tags":[],"aioseo_notices":[],"_links":{"self":[{"href":"https:\/\/blogsaverroes.juntadeandalucia.es\/ceipgandhi\/index.php?rest_route=\/wp\/v2\/posts\/8537"}],"collection":[{"href":"https:\/\/blogsaverroes.juntadeandalucia.es\/ceipgandhi\/index.php?rest_route=\/wp\/v2\/posts"}],"about":[{"href":"https:\/\/blogsaverroes.juntadeandalucia.es\/ceipgandhi\/index.php?rest_route=\/wp\/v2\/types\/post"}],"author":[{"embeddable":true,"href":"https:\/\/blogsaverroes.juntadeandalucia.es\/ceipgandhi\/index.php?rest_route=\/wp\/v2\/users\/8489"}],"replies":[{"embeddable":true,"href":"https:\/\/blogsaverroes.juntadeandalucia.es\/ceipgandhi\/index.php?rest_route=%2Fwp%2Fv2%2Fcomments&post=8537"}],"version-history":[{"count":1,"href":"https:\/\/blogsaverroes.juntadeandalucia.es\/ceipgandhi\/index.php?rest_route=\/wp\/v2\/posts\/8537\/revisions"}],"predecessor-version":[{"id":8559,"href":"https:\/\/blogsaverroes.juntadeandalucia.es\/ceipgandhi\/index.php?rest_route=\/wp\/v2\/posts\/8537\/revisions\/8559"}],"wp:attachment":[{"href":"https:\/\/blogsaverroes.juntadeandalucia.es\/ceipgandhi\/index.php?rest_route=%2Fwp%2Fv2%2Fmedia&parent=8537"}],"wp:term":[{"taxonomy":"category","embeddable":true,"href":"https:\/\/blogsaverroes.juntadeandalucia.es\/ceipgandhi\/index.php?rest_route=%2Fwp%2Fv2%2Fcategories&post=8537"},{"taxonomy":"post_tag","embeddable":true,"href":"https:\/\/blogsaverroes.juntadeandalucia.es\/ceipgandhi\/index.php?rest_route=%2Fwp%2Fv2%2Ftags&post=8537"}],"curies":[{"name":"wp","href":"https:\/\/api.w.org\/{rel}","templated":true}]}}