{"id":3306,"date":"2020-05-17T10:13:04","date_gmt":"2020-05-17T10:13:04","guid":{"rendered":"https:\/\/blogsaverroes.juntadeandalucia.es\/ceipgarciadeleaniz\/?p=3306"},"modified":"2020-06-08T15:31:18","modified_gmt":"2020-06-08T15:31:18","slug":"aldea","status":"publish","type":"post","link":"https:\/\/blogsaverroes.juntadeandalucia.es\/ceipgarciadeleaniz\/2020\/05\/17\/aldea\/","title":{"rendered":"ALDEA"},"content":{"rendered":"<h2 style=\"text-align: center\"><a href=\"https:\/\/blogsaverroes.juntadeandalucia.es\/ceipgarciadeleaniz\/files\/2020\/03\/mundo_aldea-1.gif\"><img loading=\"lazy\" decoding=\"async\" class=\"alignnone wp-image-2789\" src=\"https:\/\/blogsaverroes.juntadeandalucia.es\/ceipgarciadeleaniz\/files\/2020\/03\/mundo_aldea-1-291x300.gif\" alt=\"\" width=\"131\" height=\"135\" srcset=\"https:\/\/blogsaverroes.juntadeandalucia.es\/ceipgarciadeleaniz\/files\/2020\/03\/mundo_aldea-1-291x300.gif 291w, https:\/\/blogsaverroes.juntadeandalucia.es\/ceipgarciadeleaniz\/files\/2020\/03\/mundo_aldea-1-332x342.gif 332w, https:\/\/blogsaverroes.juntadeandalucia.es\/ceipgarciadeleaniz\/files\/2020\/03\/mundo_aldea-1-24x24.gif 24w, https:\/\/blogsaverroes.juntadeandalucia.es\/ceipgarciadeleaniz\/files\/2020\/03\/mundo_aldea-1-36x36.gif 36w, https:\/\/blogsaverroes.juntadeandalucia.es\/ceipgarciadeleaniz\/files\/2020\/03\/mundo_aldea-1-48x48.gif 48w\" sizes=\"(max-width: 131px) 100vw, 131px\" \/><\/a><\/h2>\n<h3 style=\"text-align: center\"><span style=\"color: #339966\"><strong>D\u00cdA MUNDIAL DEL MEDIO AMBIENTE, 5 DE JUNIO<\/strong><\/span><\/h3>\n<p style=\"text-align: center\"><span style=\"color: #339966\"><b>UN FUTURO M\u00c1S VERDE&#8230;POR CREAR<\/b><\/span><br \/>\n<span style=\"color: #339966\"><b>&nbsp; ACTIVIDAD PROPUESTA POR EL COLECTIVO ESCUELAS ANDALUZAS&nbsp; POR EL CLIMA<\/b><\/span><\/p>\n<h3 style=\"text-align: center\"><strong><span style=\"color: #339966\">\u00a1MUCHAS GRACIAS POR VUESTRA PARTICIPACI\u00d3N!<\/span><\/strong><\/h3>\n<p>V\u00cdDEO DE LOS CARTELES DE NUESTRO COLE<\/p>\n<div style=\"width: 750px;\" class=\"wp-video\"><!--[if lt IE 9]><script>document.createElement('video');<\/script><![endif]-->\n<video class=\"wp-video-shortcode\" id=\"video-3306-1\" width=\"750\" height=\"422\" preload=\"metadata\" controls=\"controls\"><source type=\"video\/mp4\" src=\"https:\/\/blogsaverroes.juntadeandalucia.es\/ceipgarciadeleaniz\/files\/2020\/05\/WhatsApp-Video-2020-06-08-at-13.52.35.mp4?_=1\" \/><a href=\"https:\/\/blogsaverroes.juntadeandalucia.es\/ceipgarciadeleaniz\/files\/2020\/05\/WhatsApp-Video-2020-06-08-at-13.52.35.mp4\">https:\/\/blogsaverroes.juntadeandalucia.es\/ceipgarciadeleaniz\/files\/2020\/05\/WhatsApp-Video-2020-06-08-at-13.52.35.mp4<\/a><\/video><\/div>\n<p><a href=\"https:\/\/escuelasandaluzasporelclima.blogspot.com\/2020\/06\/un-futuro-mas-verde-por-crear-escuelas.html\">V\u00cdDEO ELABORADO CON TODOS LOS CARTELES DE ANDALUC\u00cdA<\/a><\/p>\n","protected":false},"excerpt":{"rendered":"<p>D\u00cdA MUNDIAL DEL MEDIO AMBIENTE, 5 DE JUNIO UN FUTURO M\u00c1S VERDE&#8230;POR CREAR &nbsp; ACTIVIDAD PROPUESTA POR EL COLECTIVO ESCUELAS ANDALUZAS&nbsp; POR EL CLIMA \u00a1MUCHAS GRACIAS POR VUESTRA PARTICIPACI\u00d3N! V\u00cdDEO DE LOS CARTELES DE NUESTRO COLE V\u00cdDEO ELABORADO CON TODOS LOS CARTELES DE ANDALUC\u00cdA<\/p>\n","protected":false},"author":9024,"featured_media":0,"comment_status":"open","ping_status":"open","sticky":false,"template":"","format":"standard","meta":{"ngg_post_thumbnail":0,"footnotes":""},"categories":[33096],"tags":[],"aioseo_notices":[],"_links":{"self":[{"href":"https:\/\/blogsaverroes.juntadeandalucia.es\/ceipgarciadeleaniz\/wp-json\/wp\/v2\/posts\/3306"}],"collection":[{"href":"https:\/\/blogsaverroes.juntadeandalucia.es\/ceipgarciadeleaniz\/wp-json\/wp\/v2\/posts"}],"about":[{"href":"https:\/\/blogsaverroes.juntadeandalucia.es\/ceipgarciadeleaniz\/wp-json\/wp\/v2\/types\/post"}],"author":[{"embeddable":true,"href":"https:\/\/blogsaverroes.juntadeandalucia.es\/ceipgarciadeleaniz\/wp-json\/wp\/v2\/users\/9024"}],"replies":[{"embeddable":true,"href":"https:\/\/blogsaverroes.juntadeandalucia.es\/ceipgarciadeleaniz\/wp-json\/wp\/v2\/comments?post=3306"}],"version-history":[{"count":9,"href":"https:\/\/blogsaverroes.juntadeandalucia.es\/ceipgarciadeleaniz\/wp-json\/wp\/v2\/posts\/3306\/revisions"}],"predecessor-version":[{"id":3532,"href":"https:\/\/blogsaverroes.juntadeandalucia.es\/ceipgarciadeleaniz\/wp-json\/wp\/v2\/posts\/3306\/revisions\/3532"}],"wp:attachment":[{"href":"https:\/\/blogsaverroes.juntadeandalucia.es\/ceipgarciadeleaniz\/wp-json\/wp\/v2\/media?parent=3306"}],"wp:term":[{"taxonomy":"category","embeddable":true,"href":"https:\/\/blogsaverroes.juntadeandalucia.es\/ceipgarciadeleaniz\/wp-json\/wp\/v2\/categories?post=3306"},{"taxonomy":"post_tag","embeddable":true,"href":"https:\/\/blogsaverroes.juntadeandalucia.es\/ceipgarciadeleaniz\/wp-json\/wp\/v2\/tags?post=3306"}],"curies":[{"name":"wp","href":"https:\/\/api.w.org\/{rel}","templated":true}]}}