{"id":2313,"date":"2020-12-03T18:47:23","date_gmt":"2020-12-03T18:47:23","guid":{"rendered":"https:\/\/blogsaverroes.juntadeandalucia.es\/ceipgeniljauja\/?p=2313"},"modified":"2020-12-03T19:21:17","modified_gmt":"2020-12-03T19:21:17","slug":"2313","status":"publish","type":"post","link":"https:\/\/blogsaverroes.juntadeandalucia.es\/ceipgeniljauja\/2020\/12\/03\/2313\/","title":{"rendered":"En este cole encajamos todos"},"content":{"rendered":"<p>El 3 de diciembre se celebra el&nbsp;<strong>D\u00eda Internacional de las Personas con Discapacidad<\/strong> con el objetivo de promover los derechos y el bienestar de las personas con discapacidad en todos los \u00e1mbitos de la sociedad, as\u00ed como concienciar sobre su situaci\u00f3n en todos los aspectos de la vida. L<strong>a discapacidad forma parte de la condici\u00f3n humana,<\/strong>&nbsp;ya que todos, en alg\u00fan momento de nuestras vidas, podemos experimentar una discapacidad temporal o permanente; y la sociedad tiene que estar preparada para ello.<\/p>\n<p>\u00bfPor qu\u00e9 un d\u00eda para la discapacidad?<\/p>\n<p><strong>Las personas con discapacidad son la minor\u00eda m\u00e1s amplia en el mundo<\/strong>, y suelen tener m\u00e1s dificultades que otros colectivos en todos los niveles, sobre todo en el acceso a la educaci\u00f3n, al mercado laboral, y dificultades econ\u00f3micas.<\/p>\n<p>Y ello se debe a la&nbsp;<strong>falta de recursos que les faciliten la vida<\/strong>&nbsp;como acceso al transporte, o acceso a la informaci\u00f3n, en caso de discapacidad sensorial. Todo ello unido a la discriminaci\u00f3n social que a veces existe en su entorno, y la falta de legislaci\u00f3n adecuada, hacen que la vida de las personas con discapacidad sea m\u00e1s dif\u00edcil.<\/p>\n<p>Adem\u00e1s,&nbsp;<strong>las personas con discapacidad son m\u00e1s vulnerables ante la violencia<\/strong>. Los ni\u00f1os discapacitados tienen cuatro veces m\u00e1s posibilidades de ser v\u00edctimas de actos violentos, igual que los adultos con problemas mentales.<\/p>\n<p><strong>La ignorancia es la causa de la discriminaci\u00f3n<\/strong>&nbsp;que existe en torno a las personas con discapacidad, ya que est\u00e1 totalmente demostrado que, una vez eliminadas las barreras y obst\u00e1culos a la integraci\u00f3n de estas personas, pueden colaborar activa y productivamente en la sociedad.<\/p>\n<p>En el CEIP Genil de Jauja hemos querido dedicar este d\u00eda a estas personas y les queremos transmitir que, en este centro, ENCAJAMOS TODOS.&nbsp;<\/p>\n<p><a href=\"https:\/\/blogsaverroes.juntadeandalucia.es\/ceipgeniljauja\/files\/2020\/12\/WhatsApp-Image-2020-12-03-at-11.32.03.jpeg\"><img loading=\"lazy\" decoding=\"async\" class=\"size-full wp-image-2314 aligncenter\" src=\"https:\/\/blogsaverroes.juntadeandalucia.es\/ceipgeniljauja\/files\/2020\/12\/WhatsApp-Image-2020-12-03-at-11.32.03.jpeg\" alt=\"\" width=\"717\" height=\"285\" srcset=\"https:\/\/blogsaverroes.juntadeandalucia.es\/ceipgeniljauja\/files\/2020\/12\/WhatsApp-Image-2020-12-03-at-11.32.03.jpeg 717w, https:\/\/blogsaverroes.juntadeandalucia.es\/ceipgeniljauja\/files\/2020\/12\/WhatsApp-Image-2020-12-03-at-11.32.03-300x119.jpeg 300w, https:\/\/blogsaverroes.juntadeandalucia.es\/ceipgeniljauja\/files\/2020\/12\/WhatsApp-Image-2020-12-03-at-11.32.03-24x10.jpeg 24w, https:\/\/blogsaverroes.juntadeandalucia.es\/ceipgeniljauja\/files\/2020\/12\/WhatsApp-Image-2020-12-03-at-11.32.03-36x14.jpeg 36w, https:\/\/blogsaverroes.juntadeandalucia.es\/ceipgeniljauja\/files\/2020\/12\/WhatsApp-Image-2020-12-03-at-11.32.03-48x19.jpeg 48w\" sizes=\"(max-width: 717px) 100vw, 717px\" \/><\/a><\/p>\n","protected":false},"excerpt":{"rendered":"<p>El 3 de diciembre se celebra el&nbsp;D\u00eda Internacional de las Personas con Discapacidad con el objetivo de promover los derechos y el bienestar de las personas con discapacidad en todos los \u00e1mbitos de la&#46;&#46;&#46;<\/p>\n","protected":false},"author":6656,"featured_media":2314,"comment_status":"open","ping_status":"open","sticky":false,"template":"","format":"standard","meta":{"ngg_post_thumbnail":0,"footnotes":""},"categories":[5991,526],"tags":[307422],"aioseo_notices":[],"_links":{"self":[{"href":"https:\/\/blogsaverroes.juntadeandalucia.es\/ceipgeniljauja\/wp-json\/wp\/v2\/posts\/2313"}],"collection":[{"href":"https:\/\/blogsaverroes.juntadeandalucia.es\/ceipgeniljauja\/wp-json\/wp\/v2\/posts"}],"about":[{"href":"https:\/\/blogsaverroes.juntadeandalucia.es\/ceipgeniljauja\/wp-json\/wp\/v2\/types\/post"}],"author":[{"embeddable":true,"href":"https:\/\/blogsaverroes.juntadeandalucia.es\/ceipgeniljauja\/wp-json\/wp\/v2\/users\/6656"}],"replies":[{"embeddable":true,"href":"https:\/\/blogsaverroes.juntadeandalucia.es\/ceipgeniljauja\/wp-json\/wp\/v2\/comments?post=2313"}],"version-history":[{"count":2,"href":"https:\/\/blogsaverroes.juntadeandalucia.es\/ceipgeniljauja\/wp-json\/wp\/v2\/posts\/2313\/revisions"}],"predecessor-version":[{"id":2322,"href":"https:\/\/blogsaverroes.juntadeandalucia.es\/ceipgeniljauja\/wp-json\/wp\/v2\/posts\/2313\/revisions\/2322"}],"wp:featuredmedia":[{"embeddable":true,"href":"https:\/\/blogsaverroes.juntadeandalucia.es\/ceipgeniljauja\/wp-json\/wp\/v2\/media\/2314"}],"wp:attachment":[{"href":"https:\/\/blogsaverroes.juntadeandalucia.es\/ceipgeniljauja\/wp-json\/wp\/v2\/media?parent=2313"}],"wp:term":[{"taxonomy":"category","embeddable":true,"href":"https:\/\/blogsaverroes.juntadeandalucia.es\/ceipgeniljauja\/wp-json\/wp\/v2\/categories?post=2313"},{"taxonomy":"post_tag","embeddable":true,"href":"https:\/\/blogsaverroes.juntadeandalucia.es\/ceipgeniljauja\/wp-json\/wp\/v2\/tags?post=2313"}],"curies":[{"name":"wp","href":"https:\/\/api.w.org\/{rel}","templated":true}]}}