{"id":2572,"date":"2021-04-23T11:17:16","date_gmt":"2021-04-23T11:17:16","guid":{"rendered":"https:\/\/blogsaverroes.juntadeandalucia.es\/ceipgeniljauja\/?p=2572"},"modified":"2021-04-28T11:15:43","modified_gmt":"2021-04-28T11:15:43","slug":"dia-del-libro","status":"publish","type":"post","link":"https:\/\/blogsaverroes.juntadeandalucia.es\/ceipgeniljauja\/2021\/04\/23\/dia-del-libro\/","title":{"rendered":"D\u00eda del libro"},"content":{"rendered":"<p>La Conferencia General de la UNESCO, celebrada en Par\u00eds en 1995, decidi\u00f3 rendir un homenaje universal a los libros y a sus autores y autoras en la fecha del fallecimiento de dos enormes figuras de la literatura universal: Miguel de Cervantes y William Shakespeare.&nbsp;<\/p>\n<p>Con esta efem\u00e9ride la UNESCO alienta en particular a la juventud a descubrir el placer de la lectura y a valorar las irremplazables contribuciones de las personas que han&nbsp;impulsado el progreso social y cultural de la Humanidad.<\/p>\n<p>Esta celebraci\u00f3n tambi\u00e9n nos hace reflexionar sobre la importancia de la lectura como herramienta que nos ayuda a expandir nuestros horizontes y a educarnos, por lo que tambi\u00e9n es un d\u00eda para que&nbsp;docentes y estudiantes de todo el mundo puedan dar testimonio y expresar su amor por la lectura.<\/p>\n<p>Desde el CEIP Genil os mostramos algunas de las actividades que hemos realizado para conmemorar este d\u00eda tan importante en nuestro Centro. Espero que lo disfrut\u00e9is y&#8230; \u00a1feliz d\u00eda del libro!<\/p>\n<p style=\"text-align: center\">[youtube https:\/\/www.youtube.com\/watch?v=2VLDQhUt-qo]&nbsp;<\/p>\n<p style=\"text-align: center\">[youtube https:\/\/www.youtube.com\/watch?v=nOUuNwtBtXU]<br \/>\n[youtube https:\/\/www.youtube.com\/watch?v=XlhTadVbAUk]<br \/>\n[youtube https:\/\/www.youtube.com\/watch?v=2zk07P44A6M]<br \/>\n[youtube https:\/\/www.youtube.com\/watch?v=PY5qtIOdTvM]&nbsp;<\/p>\n<p style=\"text-align: center\">[youtube https:\/\/www.youtube.com\/watch?v=1wDiUE8nKTg]&nbsp;<\/p>\n<p><iframe loading=\"lazy\" title=\"Cuento 4\u00ba EPO\" width=\"500\" height=\"281\" src=\"https:\/\/www.youtube.com\/embed\/p4ZmC4C7gEA?feature=oembed&#038;wmode=opaque\" frameborder=\"0\" allow=\"accelerometer; autoplay; clipboard-write; encrypted-media; gyroscope; picture-in-picture; web-share\" referrerpolicy=\"strict-origin-when-cross-origin\" allowfullscreen><\/iframe><\/p>\n<p><iframe loading=\"lazy\" title=\"4 primaria\" width=\"500\" height=\"281\" src=\"https:\/\/www.youtube.com\/embed\/7mePL7Yf2H8?feature=oembed&#038;wmode=opaque\" frameborder=\"0\" allow=\"accelerometer; autoplay; clipboard-write; encrypted-media; gyroscope; picture-in-picture; web-share\" referrerpolicy=\"strict-origin-when-cross-origin\" allowfullscreen><\/iframe><\/p>\n<p style=\"text-align: center\">[youtube https:\/\/www.youtube.com\/watch?v=7zrLwkH1scA]<\/p>\n<p style=\"text-align: center\">[youtube https:\/\/www.youtube.com\/watch?v=35rcQIm03Bc]&nbsp;<\/p>\n<p style=\"text-align: center\">[youtube https:\/\/www.youtube.com\/watch?v=UdWQZdY7yUk]<\/p>\n<p style=\"text-align: center\">&nbsp;<\/p>\n<p style=\"text-align: center\">&nbsp;<\/p>\n","protected":false},"excerpt":{"rendered":"<p>La Conferencia General de la UNESCO, celebrada en Par\u00eds en 1995, decidi\u00f3 rendir un homenaje universal a los libros y a sus autores y autoras en la fecha del fallecimiento de dos enormes figuras&#46;&#46;&#46;<\/p>\n","protected":false},"author":6656,"featured_media":0,"comment_status":"open","ping_status":"open","sticky":false,"template":"","format":"standard","meta":{"ngg_post_thumbnail":0,"footnotes":""},"categories":[213],"tags":[307434],"aioseo_notices":[],"_links":{"self":[{"href":"https:\/\/blogsaverroes.juntadeandalucia.es\/ceipgeniljauja\/wp-json\/wp\/v2\/posts\/2572"}],"collection":[{"href":"https:\/\/blogsaverroes.juntadeandalucia.es\/ceipgeniljauja\/wp-json\/wp\/v2\/posts"}],"about":[{"href":"https:\/\/blogsaverroes.juntadeandalucia.es\/ceipgeniljauja\/wp-json\/wp\/v2\/types\/post"}],"author":[{"embeddable":true,"href":"https:\/\/blogsaverroes.juntadeandalucia.es\/ceipgeniljauja\/wp-json\/wp\/v2\/users\/6656"}],"replies":[{"embeddable":true,"href":"https:\/\/blogsaverroes.juntadeandalucia.es\/ceipgeniljauja\/wp-json\/wp\/v2\/comments?post=2572"}],"version-history":[{"count":7,"href":"https:\/\/blogsaverroes.juntadeandalucia.es\/ceipgeniljauja\/wp-json\/wp\/v2\/posts\/2572\/revisions"}],"predecessor-version":[{"id":2582,"href":"https:\/\/blogsaverroes.juntadeandalucia.es\/ceipgeniljauja\/wp-json\/wp\/v2\/posts\/2572\/revisions\/2582"}],"wp:attachment":[{"href":"https:\/\/blogsaverroes.juntadeandalucia.es\/ceipgeniljauja\/wp-json\/wp\/v2\/media?parent=2572"}],"wp:term":[{"taxonomy":"category","embeddable":true,"href":"https:\/\/blogsaverroes.juntadeandalucia.es\/ceipgeniljauja\/wp-json\/wp\/v2\/categories?post=2572"},{"taxonomy":"post_tag","embeddable":true,"href":"https:\/\/blogsaverroes.juntadeandalucia.es\/ceipgeniljauja\/wp-json\/wp\/v2\/tags?post=2572"}],"curies":[{"name":"wp","href":"https:\/\/api.w.org\/{rel}","templated":true}]}}