{"id":2392,"date":"2024-02-08T17:43:57","date_gmt":"2024-02-08T16:43:57","guid":{"rendered":"https:\/\/blogsaverroes.juntadeandalucia.es\/ceipginerdelosrios\/?p=2392"},"modified":"2024-02-08T17:50:54","modified_gmt":"2024-02-08T16:50:54","slug":"somos-escuela-visual","status":"publish","type":"post","link":"https:\/\/blogsaverroes.juntadeandalucia.es\/ceipginerdelosrios\/somos-escuela-visual\/","title":{"rendered":"SOMOS ESCUELA VISUAL"},"content":{"rendered":"<p><span style=\"font-family: tahoma, arial, helvetica, sans-serif;font-size: 14pt\">Convertirnos en una escuela visual pasa por adaptar nuestro centro comenzando con la se\u00f1alizaci\u00f3n.<\/span><\/p>\n<p><span style=\"font-family: tahoma, arial, helvetica, sans-serif;font-size: 14pt\">La se\u00f1alizaci\u00f3n consiste en la elaboraci\u00f3n y colocaci\u00f3n de una serie de pictogramas, fotos dibujos e im\u00e1genes que nos sirven &nbsp;para distinguir lugares, &nbsp;estancias, instalaciones y personal del centro.<\/span><\/p>\n<p><span style=\"font-family: tahoma, arial, helvetica, sans-serif;font-size: 14pt\">Nuestro cole ya est\u00e1 totalmente se\u00f1alizado y nuestro alumnado ha participado durante todo el proceso, desde infantil hasta sexto de primaria, as\u00ed como todo el personal del centro.<\/span><br \/>\n<span style=\"font-family: tahoma, arial, helvetica, sans-serif;font-size: 14pt\">Est\u00e1 actuaci\u00f3n favorece la accesibilidad cognitiva eliminando barreras.<\/span><br \/>\n<span style=\"font-family: tahoma, arial, helvetica, sans-serif;font-size: 14pt\">Seguiremos apostando por una escuela visual e inclusiva, dentro del proyecto Aprendices Visuales.<\/span><\/p>\n<div style=\"width: 525px;\" class=\"wp-video\"><!--[if lt IE 9]><script>document.createElement('video');<\/script><![endif]-->\n<video class=\"wp-video-shortcode\" id=\"video-2392-1\" width=\"525\" height=\"296\" preload=\"metadata\" controls=\"controls\"><source type=\"video\/mp4\" src=\"https:\/\/blogsaverroes.juntadeandalucia.es\/ceipginerdelosrios\/files\/2024\/02\/v\u00eddeo-escuelas-visuales.mp4?_=1\" \/><a href=\"https:\/\/blogsaverroes.juntadeandalucia.es\/ceipginerdelosrios\/files\/2024\/02\/v\u00eddeo-escuelas-visuales.mp4\">https:\/\/blogsaverroes.juntadeandalucia.es\/ceipginerdelosrios\/files\/2024\/02\/v\u00eddeo-escuelas-visuales.mp4<\/a><\/video><\/div>\n<form name=\"s2form\" method=\"post\"><input type=\"hidden\" name=\"ip\" value=\"10.227.200.5\" \/><span style=\"display:none !important\"><label for=\"firstname\">Leave This Blank:<\/label><input type=\"text\" id=\"firstname\" name=\"firstname\" \/><label for=\"lastname\">Leave This Blank Too:<\/label><input type=\"text\" id=\"lastname\" name=\"lastname\" \/><label for=\"uri\">Do Not Change This:<\/label><input type=\"text\" id=\"uri\" name=\"uri\" value=\"http:\/\/\" \/><\/span><p><label for=\"s2email\">Tu correo electr\u00f3nico:<\/label><br><input type=\"email\" name=\"email\" id=\"s2email\" value=\"Introduce tu direcci\u00f3n de correo electr\u00f3nico...\" size=\"20\" onfocus=\"if (this.value === 'Introduce tu direcci\u00f3n de correo electr\u00f3nico...') {this.value = '';}\" onblur=\"if (this.value === '') {this.value = 'Introduce tu direcci\u00f3n de correo electr\u00f3nico...';}\" \/><\/p><p><input type=\"submit\" name=\"subscribe\" value=\"Suscribirme\" \/>&nbsp;<input type=\"submit\" name=\"unsubscribe\" value=\"Cancelar suscripci\u00f3n\" \/><\/p><\/form>\r\n\n<p><span style=\"font-size: 10pt\">Texto y v\u00eddeo: Silvia S\u00e1nchez<\/span><\/p>\n","protected":false},"excerpt":{"rendered":"<p>Convertirnos en una escuela visual pasa por adaptar nuestro centro comenzando con la se\u00f1alizaci\u00f3n. La se\u00f1alizaci\u00f3n consiste en la elaboraci\u00f3n y colocaci\u00f3n de una serie de pictogramas, fotos dibujos e im\u00e1genes que nos sirven &nbsp;para distinguir lugares, &nbsp;estancias, instalaciones y personal del centro. Nuestro cole ya est\u00e1 totalmente se\u00f1alizado y nuestro alumnado ha participado durante &hellip; <\/p>\n<p class=\"link-more\"><a href=\"https:\/\/blogsaverroes.juntadeandalucia.es\/ceipginerdelosrios\/somos-escuela-visual\/\" class=\"more-link\">Continuar leyendo<span class=\"screen-reader-text\"> &#8220;SOMOS ESCUELA VISUAL&#8221;<\/span><\/a><\/p>\n","protected":false},"author":15577,"featured_media":2396,"comment_status":"open","ping_status":"open","sticky":false,"template":"","format":"standard","meta":{"ngg_post_thumbnail":0,"footnotes":""},"categories":[4],"tags":[57],"aioseo_notices":[],"_links":{"self":[{"href":"https:\/\/blogsaverroes.juntadeandalucia.es\/ceipginerdelosrios\/wp-json\/wp\/v2\/posts\/2392"}],"collection":[{"href":"https:\/\/blogsaverroes.juntadeandalucia.es\/ceipginerdelosrios\/wp-json\/wp\/v2\/posts"}],"about":[{"href":"https:\/\/blogsaverroes.juntadeandalucia.es\/ceipginerdelosrios\/wp-json\/wp\/v2\/types\/post"}],"author":[{"embeddable":true,"href":"https:\/\/blogsaverroes.juntadeandalucia.es\/ceipginerdelosrios\/wp-json\/wp\/v2\/users\/15577"}],"replies":[{"embeddable":true,"href":"https:\/\/blogsaverroes.juntadeandalucia.es\/ceipginerdelosrios\/wp-json\/wp\/v2\/comments?post=2392"}],"version-history":[{"count":5,"href":"https:\/\/blogsaverroes.juntadeandalucia.es\/ceipginerdelosrios\/wp-json\/wp\/v2\/posts\/2392\/revisions"}],"predecessor-version":[{"id":2400,"href":"https:\/\/blogsaverroes.juntadeandalucia.es\/ceipginerdelosrios\/wp-json\/wp\/v2\/posts\/2392\/revisions\/2400"}],"wp:featuredmedia":[{"embeddable":true,"href":"https:\/\/blogsaverroes.juntadeandalucia.es\/ceipginerdelosrios\/wp-json\/wp\/v2\/media\/2396"}],"wp:attachment":[{"href":"https:\/\/blogsaverroes.juntadeandalucia.es\/ceipginerdelosrios\/wp-json\/wp\/v2\/media?parent=2392"}],"wp:term":[{"taxonomy":"category","embeddable":true,"href":"https:\/\/blogsaverroes.juntadeandalucia.es\/ceipginerdelosrios\/wp-json\/wp\/v2\/categories?post=2392"},{"taxonomy":"post_tag","embeddable":true,"href":"https:\/\/blogsaverroes.juntadeandalucia.es\/ceipginerdelosrios\/wp-json\/wp\/v2\/tags?post=2392"}],"curies":[{"name":"wp","href":"https:\/\/api.w.org\/{rel}","templated":true}]}}