{"id":559,"date":"2022-10-17T16:25:32","date_gmt":"2022-10-17T15:25:32","guid":{"rendered":"https:\/\/blogsaverroes.juntadeandalucia.es\/ceipginerdelosrios\/?p=559"},"modified":"2022-10-21T11:29:34","modified_gmt":"2022-10-21T10:29:34","slug":"vuelta-al-cole","status":"publish","type":"post","link":"https:\/\/blogsaverroes.juntadeandalucia.es\/ceipginerdelosrios\/vuelta-al-cole\/","title":{"rendered":"Vuelta al cole"},"content":{"rendered":"<p><img loading=\"lazy\" decoding=\"async\" class=\"aligncenter wp-image-560 size-large\" src=\"https:\/\/blogsaverroes.juntadeandalucia.es\/ceipginerdelosrios\/files\/2022\/10\/bienvenida-al-curso-22-23-1024x495.png\" alt=\"\" width=\"525\" height=\"254\" srcset=\"https:\/\/blogsaverroes.juntadeandalucia.es\/ceipginerdelosrios\/files\/2022\/10\/bienvenida-al-curso-22-23-1024x495.png 1024w, https:\/\/blogsaverroes.juntadeandalucia.es\/ceipginerdelosrios\/files\/2022\/10\/bienvenida-al-curso-22-23-300x145.png 300w, https:\/\/blogsaverroes.juntadeandalucia.es\/ceipginerdelosrios\/files\/2022\/10\/bienvenida-al-curso-22-23-768x371.png 768w, https:\/\/blogsaverroes.juntadeandalucia.es\/ceipginerdelosrios\/files\/2022\/10\/bienvenida-al-curso-22-23.png 1100w\" sizes=\"(max-width: 525px) 100vw, 525px\" \/><\/p>\n<p><span style=\"font-size: 18pt\">Un a\u00f1o m\u00e1s podemos decir con inmensa alegr\u00eda que comienza el curso escolar. Todo el equipo del CEIP Giner de los R\u00edos est\u00e1 deseando volver a veros y os da la bienvenida.<br \/>\nEste curso tenemos nuevas incorporaciones a nuestra plantilla adem\u00e1s de las personas que ya conoc\u00e9is.<\/span><\/p>\n<p><span style=\"font-size: 18pt\">Si a\u00fan no nos conoces a todos y a todas&#8230;<\/span><!--more--><\/p>\n<p><span style=\"font-size: 18pt\">Infantil 3 a\u00f1os: Adela Rodger<br \/>\nInfantil 4 a\u00f1os: Ana Quintero<br \/>\nInfantil 5 a\u00f1os:&nbsp;Cinta S\u00e1nchez<br \/>\n1\u00ba Primaria:&nbsp;Isabel Arag\u00f3n<br \/>\n2\u00ba Primaria: Mar\u00eda Moreno<br \/>\n3\u00ba Primaria: Mar\u00eda Mart\u00edn<br \/>\n4\u00ba A Primaria: Virginia Canterla<br \/>\n4\u00ba B Primaria: Emi Carrasco<br \/>\n5\u00ba Primaria: Ver\u00f3nica S\u00e1nchez<br \/>\n6\u00ba Primaria: Eduardo P\u00e9rez<\/span><\/p>\n<p><span style=\"font-size: 18pt\">Franc\u00e9s: Virginia Canterla<\/span><br \/>\n<span style=\"font-size: 18pt\">Ingl\u00e9s: Roc\u00edo Mesa \/ Eduardo P\u00e9rez<\/span><br \/>\n<span style=\"font-size: 18pt\">\u200bM\u00fasica: Patricia Aguado&nbsp;<\/span><br \/>\n<span style=\"font-size: 18pt\">Religi\u00f3n Cat\u00f3lica: \u00c1ngela P\u00e9rez&nbsp;<\/span><br \/>\n<span style=\"font-size: 18pt\">Religi\u00f3n Isl\u00e1mica: Mouad Hizouni&nbsp;<\/span><br \/>\n<span style=\"font-size: 18pt\">Educaci\u00f3n F\u00edsica: Encarna Rodr\u00edguez<\/span><br \/>\n<span style=\"font-size: 18pt\">Pedagog\u00eda Terap\u00e9utica: Olivia Contreras<\/span><br \/>\n<span style=\"font-size: 18pt\">Audici\u00f3n y Lenguaje: Mar\u00eda Tajuelo<\/span><br \/>\n<span style=\"font-size: 18pt\">P.E.T.I.S.: M\u00aa Jos\u00e9&nbsp;M\u00e1rquez<\/span><br \/>\n<span style=\"font-size: 18pt\">Direcci\u00f3n: Julia M\u00e1rquez.<\/span><\/p>\n<p><span style=\"font-size: 18pt\">Conserje: C\u00e9sar Cui\u00f1as<\/span><br \/>\n<span style=\"font-size: 18pt\">Monitora escolar: Antonia Romero<\/span><br \/>\n<span style=\"font-size: 18pt\">Monitora escolar: Rosa Mora<\/span><\/p>\n<p><span style=\"font-size: 18pt\">\u00a1Feliz inicio de curso!<\/span><\/p>\n","protected":false},"excerpt":{"rendered":"<p>Un a\u00f1o m\u00e1s podemos decir con inmensa alegr\u00eda que comienza el curso escolar. Todo el equipo del CEIP Giner de los R\u00edos est\u00e1 deseando volver a veros y os da la bienvenida. Este curso tenemos nuevas incorporaciones a nuestra plantilla adem\u00e1s de las personas que ya conoc\u00e9is. Si a\u00fan no nos conoces a todos y &hellip; <\/p>\n<p class=\"link-more\"><a href=\"https:\/\/blogsaverroes.juntadeandalucia.es\/ceipginerdelosrios\/vuelta-al-cole\/\" class=\"more-link\">Continuar leyendo<span class=\"screen-reader-text\"> &#8220;Vuelta al cole&#8221;<\/span><\/a><\/p>\n","protected":false},"author":15577,"featured_media":0,"comment_status":"closed","ping_status":"open","sticky":false,"template":"","format":"standard","meta":{"ngg_post_thumbnail":0,"footnotes":""},"categories":[8,1],"tags":[],"aioseo_notices":[],"_links":{"self":[{"href":"https:\/\/blogsaverroes.juntadeandalucia.es\/ceipginerdelosrios\/wp-json\/wp\/v2\/posts\/559"}],"collection":[{"href":"https:\/\/blogsaverroes.juntadeandalucia.es\/ceipginerdelosrios\/wp-json\/wp\/v2\/posts"}],"about":[{"href":"https:\/\/blogsaverroes.juntadeandalucia.es\/ceipginerdelosrios\/wp-json\/wp\/v2\/types\/post"}],"author":[{"embeddable":true,"href":"https:\/\/blogsaverroes.juntadeandalucia.es\/ceipginerdelosrios\/wp-json\/wp\/v2\/users\/15577"}],"replies":[{"embeddable":true,"href":"https:\/\/blogsaverroes.juntadeandalucia.es\/ceipginerdelosrios\/wp-json\/wp\/v2\/comments?post=559"}],"version-history":[{"count":2,"href":"https:\/\/blogsaverroes.juntadeandalucia.es\/ceipginerdelosrios\/wp-json\/wp\/v2\/posts\/559\/revisions"}],"predecessor-version":[{"id":663,"href":"https:\/\/blogsaverroes.juntadeandalucia.es\/ceipginerdelosrios\/wp-json\/wp\/v2\/posts\/559\/revisions\/663"}],"wp:attachment":[{"href":"https:\/\/blogsaverroes.juntadeandalucia.es\/ceipginerdelosrios\/wp-json\/wp\/v2\/media?parent=559"}],"wp:term":[{"taxonomy":"category","embeddable":true,"href":"https:\/\/blogsaverroes.juntadeandalucia.es\/ceipginerdelosrios\/wp-json\/wp\/v2\/categories?post=559"},{"taxonomy":"post_tag","embeddable":true,"href":"https:\/\/blogsaverroes.juntadeandalucia.es\/ceipginerdelosrios\/wp-json\/wp\/v2\/tags?post=559"}],"curies":[{"name":"wp","href":"https:\/\/api.w.org\/{rel}","templated":true}]}}