{"id":3052,"date":"2023-05-31T09:54:45","date_gmt":"2023-05-31T09:54:45","guid":{"rendered":"https:\/\/blogsaverroes.juntadeandalucia.es\/ceipgregoriomaranon\/?post_type=noticia&#038;p=3052"},"modified":"2023-05-31T09:54:45","modified_gmt":"2023-05-31T09:54:45","slug":"reunion-familias-de-tres-anos","status":"publish","type":"noticia","link":"https:\/\/blogsaverroes.juntadeandalucia.es\/ceipgregoriomaranon\/noticia\/reunion-familias-de-tres-anos\/","title":{"rendered":"REUNI\u00d3N FAMILIAS DE TRES A\u00d1OS"},"content":{"rendered":"<p>Estimadas familias:<\/p>\n<p>El d\u00eda <strong>12 de junio de 2023<\/strong>, a las <strong>16:30h<\/strong>, se realizar\u00e1 una reuni\u00f3n informativa <strong>para todas las familias del alumnado <\/strong>que entra por primera vez al centro, el alumnado <strong>de tres a\u00f1os<\/strong>.<\/p>\n<p>Esta reuni\u00f3n ser\u00e1 <strong>presencial<\/strong><\/p>\n","protected":false},"excerpt":{"rendered":"<p>Estimadas familias: El d\u00eda 12 de junio de 2023, a las 16:30h, se realizar\u00e1 una reuni\u00f3n informativa para todas las familias del alumnado que entra por primera vez al centro, el alumnado de tres&#46;&#46;&#46;<\/p>\n","protected":false},"featured_media":2600,"parent":0,"menu_order":0,"template":"","meta":{"ngg_post_thumbnail":0},"categories":[],"aioseo_notices":[],"ptb_metabox":[],"ptb_taxonomy":[],"ptb_featured_image":{"url":"https:\/\/blogsaverroes.juntadeandalucia.es\/ceipgregoriomaranon\/files\/2022\/09\/logotipo.jpg","title":"logotipo","caption":""},"_links":{"self":[{"href":"https:\/\/blogsaverroes.juntadeandalucia.es\/ceipgregoriomaranon\/wp-json\/wp\/v2\/noticia\/3052"}],"collection":[{"href":"https:\/\/blogsaverroes.juntadeandalucia.es\/ceipgregoriomaranon\/wp-json\/wp\/v2\/noticia"}],"about":[{"href":"https:\/\/blogsaverroes.juntadeandalucia.es\/ceipgregoriomaranon\/wp-json\/wp\/v2\/types\/noticia"}],"wp:featuredmedia":[{"embeddable":true,"href":"https:\/\/blogsaverroes.juntadeandalucia.es\/ceipgregoriomaranon\/wp-json\/wp\/v2\/media\/2600"}],"wp:attachment":[{"href":"https:\/\/blogsaverroes.juntadeandalucia.es\/ceipgregoriomaranon\/wp-json\/wp\/v2\/media?parent=3052"}],"wp:term":[{"taxonomy":"category","embeddable":true,"href":"https:\/\/blogsaverroes.juntadeandalucia.es\/ceipgregoriomaranon\/wp-json\/wp\/v2\/categories?post=3052"}],"curies":[{"name":"wp","href":"https:\/\/api.w.org\/{rel}","templated":true}]}}