{"id":3809,"date":"2023-09-03T09:00:55","date_gmt":"2023-09-03T09:00:55","guid":{"rendered":"http:\/\/blogsaverroes.juntadeandalucia.es\/ceipguliena\/?p=3809"},"modified":"2023-09-03T09:00:55","modified_gmt":"2023-09-03T09:00:55","slug":"bienvenida","status":"publish","type":"post","link":"https:\/\/blogsaverroes.juntadeandalucia.es\/ceipguliena\/2023\/09\/03\/bienvenida\/","title":{"rendered":"BIENVENIDA"},"content":{"rendered":"<p>Comenzamos de nuevo un curso lleno de proyectos e ilusiones. Un nuevo curso escolar cargado de experiencias y aprendizajes en nuestra comunidad educativa siempre marcada con un car\u00e1cter internacional.&nbsp;<\/p>\n<p>Junt@s llevamos andados 6 a\u00f1os desde que el CEIP Guliena vio la luz apenas en septiembre de 2016. El Equipo docente al completo os da la bienvenida a este curso lleno de cambios legislativos que sin duda traer\u00e1n un cambio reflexivo de la pr\u00e1ctica educativa y que repercutir\u00e1 positivamente en la trayectoria escolar de nuestro alumnado.<\/p>\n<p>Os esperamos con mucha ilusi\u00f3n el pr\u00f3ximo 11 de septiembre para dar la bienvenida a este curso escolar a toda la gran comunidad educativa que forma parte de la familia del CEIP Guliena.<\/p>\n<p>&nbsp;<\/p>\n<p>\u00a1Juntos sumamos!<\/p>\n<p>&nbsp;<\/p>\n","protected":false},"excerpt":{"rendered":"<p>&#46;&#46;&#46;<\/p>\n","protected":false},"author":4890,"featured_media":3810,"comment_status":"open","ping_status":"open","sticky":false,"template":"","format":"standard","meta":{"ngg_post_thumbnail":0,"footnotes":""},"categories":[526],"tags":[],"aioseo_notices":[],"_links":{"self":[{"href":"https:\/\/blogsaverroes.juntadeandalucia.es\/ceipguliena\/wp-json\/wp\/v2\/posts\/3809"}],"collection":[{"href":"https:\/\/blogsaverroes.juntadeandalucia.es\/ceipguliena\/wp-json\/wp\/v2\/posts"}],"about":[{"href":"https:\/\/blogsaverroes.juntadeandalucia.es\/ceipguliena\/wp-json\/wp\/v2\/types\/post"}],"author":[{"embeddable":true,"href":"https:\/\/blogsaverroes.juntadeandalucia.es\/ceipguliena\/wp-json\/wp\/v2\/users\/4890"}],"replies":[{"embeddable":true,"href":"https:\/\/blogsaverroes.juntadeandalucia.es\/ceipguliena\/wp-json\/wp\/v2\/comments?post=3809"}],"version-history":[{"count":1,"href":"https:\/\/blogsaverroes.juntadeandalucia.es\/ceipguliena\/wp-json\/wp\/v2\/posts\/3809\/revisions"}],"predecessor-version":[{"id":3811,"href":"https:\/\/blogsaverroes.juntadeandalucia.es\/ceipguliena\/wp-json\/wp\/v2\/posts\/3809\/revisions\/3811"}],"wp:featuredmedia":[{"embeddable":true,"href":"https:\/\/blogsaverroes.juntadeandalucia.es\/ceipguliena\/wp-json\/wp\/v2\/media\/3810"}],"wp:attachment":[{"href":"https:\/\/blogsaverroes.juntadeandalucia.es\/ceipguliena\/wp-json\/wp\/v2\/media?parent=3809"}],"wp:term":[{"taxonomy":"category","embeddable":true,"href":"https:\/\/blogsaverroes.juntadeandalucia.es\/ceipguliena\/wp-json\/wp\/v2\/categories?post=3809"},{"taxonomy":"post_tag","embeddable":true,"href":"https:\/\/blogsaverroes.juntadeandalucia.es\/ceipguliena\/wp-json\/wp\/v2\/tags?post=3809"}],"curies":[{"name":"wp","href":"https:\/\/api.w.org\/{rel}","templated":true}]}}