{"id":2630,"date":"2015-11-09T09:18:32","date_gmt":"2015-11-09T09:18:32","guid":{"rendered":"http:\/\/blogsaverroes.juntadeandalucia.es\/ceiphermanosarellano\/?p=2630"},"modified":"2016-06-06T07:34:44","modified_gmt":"2016-06-06T07:34:44","slug":"premio-solidaridad-en-letras","status":"publish","type":"post","link":"https:\/\/blogsaverroes.juntadeandalucia.es\/ceiphermanosarellano\/2015\/11\/09\/premio-solidaridad-en-letras\/","title":{"rendered":"Premio \u00abSolidaridad en letras\u00bb"},"content":{"rendered":"<p style=\"text-align: center\"><a href=\"http:\/\/blogsaverroes.juntadeandalucia.es\/ceiphermanosarellano\/files\/2016\/01\/1\u00ba-premio-de-Huelva.jpg\"><img loading=\"lazy\" decoding=\"async\" class=\"aligncenter size-full wp-image-2616\" src=\"http:\/\/blogsaverroes.juntadeandalucia.es\/ceiphermanosarellano\/files\/2016\/01\/1\u00ba-premio-de-Huelva.jpg\" alt=\"1\u00ba premio de Huelva\" width=\"1600\" height=\"898\" srcset=\"https:\/\/blogsaverroes.juntadeandalucia.es\/ceiphermanosarellano\/files\/2016\/01\/1\u00ba-premio-de-Huelva.jpg 1600w, https:\/\/blogsaverroes.juntadeandalucia.es\/ceiphermanosarellano\/files\/2016\/01\/1\u00ba-premio-de-Huelva-300x168.jpg 300w, https:\/\/blogsaverroes.juntadeandalucia.es\/ceiphermanosarellano\/files\/2016\/01\/1\u00ba-premio-de-Huelva-1024x575.jpg 1024w, https:\/\/blogsaverroes.juntadeandalucia.es\/ceiphermanosarellano\/files\/2016\/01\/1\u00ba-premio-de-Huelva-700x393.jpg 700w\" sizes=\"(max-width: 1600px) 100vw, 1600px\" \/><\/a><\/p>\n<p>El alumno de 1\u00ba de ESO de este Centro, Alejandro Vargas Mu\u00f1iz, ha sido premiado en la categor\u00eda B por \u00abVoluntariado Espejo de Solidaridad\u00bb en el certamen literario \u00abSolidaridad en letras\u00bb. \u00a0El premio ha sido entregado por Delegado del Gobierno de la Junta en Huelva, Francisco Jos\u00e9 Romero, \u00a0el Delegado territorial de Igualdad, Salud y Pol\u00edticas Sociales, Rafael L\u00f3pez y el Delegado territorial de Educaci\u00f3n, Vicente Zarza.<\/p>\n<p>Es un Certamen Literario de \u00e1mbito regional para sensibilizar a la sociedad andaluza en favor de la defensa de los valores de solidaridad, libertad, igualdad y justicia entre los seres humanos. El Certamen Literario Escolar Andaluz: \u00abSolidaridad en Letras\u00bb, pretende posibilitar que el alumnado se convierta en protagonista de la solidaridad a trav\u00e9s de sus producciones escritas.<\/p>\n","protected":false},"excerpt":{"rendered":"<p>El alumno de 1\u00ba de ESO de este Centro, Alejandro Vargas Mu\u00f1iz, ha sido premiado en la categor\u00eda B por \u00abVoluntariado Espejo de Solidaridad\u00bb en el certamen literario \u00abSolidaridad en letras\u00bb. \u00a0El premio ha&#46;&#46;&#46;<\/p>\n","protected":false},"author":2236,"featured_media":2616,"comment_status":"open","ping_status":"open","sticky":false,"template":"","format":"standard","meta":{"ngg_post_thumbnail":0,"footnotes":""},"categories":[213,16,25491],"tags":[784,249,948],"aioseo_notices":[],"_links":{"self":[{"href":"https:\/\/blogsaverroes.juntadeandalucia.es\/ceiphermanosarellano\/wp-json\/wp\/v2\/posts\/2630"}],"collection":[{"href":"https:\/\/blogsaverroes.juntadeandalucia.es\/ceiphermanosarellano\/wp-json\/wp\/v2\/posts"}],"about":[{"href":"https:\/\/blogsaverroes.juntadeandalucia.es\/ceiphermanosarellano\/wp-json\/wp\/v2\/types\/post"}],"author":[{"embeddable":true,"href":"https:\/\/blogsaverroes.juntadeandalucia.es\/ceiphermanosarellano\/wp-json\/wp\/v2\/users\/2236"}],"replies":[{"embeddable":true,"href":"https:\/\/blogsaverroes.juntadeandalucia.es\/ceiphermanosarellano\/wp-json\/wp\/v2\/comments?post=2630"}],"version-history":[{"count":3,"href":"https:\/\/blogsaverroes.juntadeandalucia.es\/ceiphermanosarellano\/wp-json\/wp\/v2\/posts\/2630\/revisions"}],"predecessor-version":[{"id":2633,"href":"https:\/\/blogsaverroes.juntadeandalucia.es\/ceiphermanosarellano\/wp-json\/wp\/v2\/posts\/2630\/revisions\/2633"}],"wp:featuredmedia":[{"embeddable":true,"href":"https:\/\/blogsaverroes.juntadeandalucia.es\/ceiphermanosarellano\/wp-json\/wp\/v2\/media\/2616"}],"wp:attachment":[{"href":"https:\/\/blogsaverroes.juntadeandalucia.es\/ceiphermanosarellano\/wp-json\/wp\/v2\/media?parent=2630"}],"wp:term":[{"taxonomy":"category","embeddable":true,"href":"https:\/\/blogsaverroes.juntadeandalucia.es\/ceiphermanosarellano\/wp-json\/wp\/v2\/categories?post=2630"},{"taxonomy":"post_tag","embeddable":true,"href":"https:\/\/blogsaverroes.juntadeandalucia.es\/ceiphermanosarellano\/wp-json\/wp\/v2\/tags?post=2630"}],"curies":[{"name":"wp","href":"https:\/\/api.w.org\/{rel}","templated":true}]}}