{"id":3633,"date":"2017-11-09T09:10:35","date_gmt":"2017-11-09T09:10:35","guid":{"rendered":"http:\/\/blogsaverroes.juntadeandalucia.es\/ceiphermanosarellano\/?p=3633"},"modified":"2018-03-05T10:09:19","modified_gmt":"2018-03-05T10:09:19","slug":"halloween","status":"publish","type":"post","link":"https:\/\/blogsaverroes.juntadeandalucia.es\/ceiphermanosarellano\/2017\/11\/09\/halloween\/","title":{"rendered":"HALLOWEEN"},"content":{"rendered":"<p><a href=\"https:\/\/blogsaverroes.juntadeandalucia.es\/ceiphermanosarellano\/files\/2017\/11\/WhatsApp-Image-2017-11-02-at-09.57.09.jpeg\"><img loading=\"lazy\" decoding=\"async\" class=\"alignnone size-medium wp-image-3639\" src=\"https:\/\/blogsaverroes.juntadeandalucia.es\/ceiphermanosarellano\/files\/2017\/11\/WhatsApp-Image-2017-11-02-at-09.57.09-300x169.jpeg\" alt=\"\" width=\"300\" height=\"169\" srcset=\"https:\/\/blogsaverroes.juntadeandalucia.es\/ceiphermanosarellano\/files\/2017\/11\/WhatsApp-Image-2017-11-02-at-09.57.09-300x169.jpeg 300w, https:\/\/blogsaverroes.juntadeandalucia.es\/ceiphermanosarellano\/files\/2017\/11\/WhatsApp-Image-2017-11-02-at-09.57.09-1024x576.jpeg 1024w, https:\/\/blogsaverroes.juntadeandalucia.es\/ceiphermanosarellano\/files\/2017\/11\/WhatsApp-Image-2017-11-02-at-09.57.09-700x393.jpeg 700w, https:\/\/blogsaverroes.juntadeandalucia.es\/ceiphermanosarellano\/files\/2017\/11\/WhatsApp-Image-2017-11-02-at-09.57.09-24x14.jpeg 24w, https:\/\/blogsaverroes.juntadeandalucia.es\/ceiphermanosarellano\/files\/2017\/11\/WhatsApp-Image-2017-11-02-at-09.57.09-36x20.jpeg 36w, https:\/\/blogsaverroes.juntadeandalucia.es\/ceiphermanosarellano\/files\/2017\/11\/WhatsApp-Image-2017-11-02-at-09.57.09-48x27.jpeg 48w, https:\/\/blogsaverroes.juntadeandalucia.es\/ceiphermanosarellano\/files\/2017\/11\/WhatsApp-Image-2017-11-02-at-09.57.09.jpeg 1600w\" sizes=\"(max-width: 300px) 100vw, 300px\" \/><\/a> <a href=\"https:\/\/blogsaverroes.juntadeandalucia.es\/ceiphermanosarellano\/files\/2017\/11\/WhatsApp-Image-2017-11-02-at-09.58.33.jpeg\"><img loading=\"lazy\" decoding=\"async\" class=\"alignnone size-medium wp-image-3638\" src=\"https:\/\/blogsaverroes.juntadeandalucia.es\/ceiphermanosarellano\/files\/2017\/11\/WhatsApp-Image-2017-11-02-at-09.58.33-300x169.jpeg\" alt=\"\" width=\"300\" height=\"169\" srcset=\"https:\/\/blogsaverroes.juntadeandalucia.es\/ceiphermanosarellano\/files\/2017\/11\/WhatsApp-Image-2017-11-02-at-09.58.33-300x169.jpeg 300w, https:\/\/blogsaverroes.juntadeandalucia.es\/ceiphermanosarellano\/files\/2017\/11\/WhatsApp-Image-2017-11-02-at-09.58.33-1024x576.jpeg 1024w, https:\/\/blogsaverroes.juntadeandalucia.es\/ceiphermanosarellano\/files\/2017\/11\/WhatsApp-Image-2017-11-02-at-09.58.33-700x393.jpeg 700w, https:\/\/blogsaverroes.juntadeandalucia.es\/ceiphermanosarellano\/files\/2017\/11\/WhatsApp-Image-2017-11-02-at-09.58.33-24x14.jpeg 24w, https:\/\/blogsaverroes.juntadeandalucia.es\/ceiphermanosarellano\/files\/2017\/11\/WhatsApp-Image-2017-11-02-at-09.58.33-36x20.jpeg 36w, https:\/\/blogsaverroes.juntadeandalucia.es\/ceiphermanosarellano\/files\/2017\/11\/WhatsApp-Image-2017-11-02-at-09.58.33-48x27.jpeg 48w, https:\/\/blogsaverroes.juntadeandalucia.es\/ceiphermanosarellano\/files\/2017\/11\/WhatsApp-Image-2017-11-02-at-09.58.33.jpeg 1600w\" sizes=\"(max-width: 300px) 100vw, 300px\" \/><\/a><\/p>\n<p><a href=\"https:\/\/blogsaverroes.juntadeandalucia.es\/ceiphermanosarellano\/files\/2017\/11\/WhatsApp-Image-2017-11-06-at-11.08.553.jpeg\"><img loading=\"lazy\" decoding=\"async\" class=\"alignnone size-medium wp-image-3637\" src=\"https:\/\/blogsaverroes.juntadeandalucia.es\/ceiphermanosarellano\/files\/2017\/11\/WhatsApp-Image-2017-11-06-at-11.08.553-300x169.jpeg\" alt=\"\" width=\"300\" height=\"169\" srcset=\"https:\/\/blogsaverroes.juntadeandalucia.es\/ceiphermanosarellano\/files\/2017\/11\/WhatsApp-Image-2017-11-06-at-11.08.553-300x169.jpeg 300w, https:\/\/blogsaverroes.juntadeandalucia.es\/ceiphermanosarellano\/files\/2017\/11\/WhatsApp-Image-2017-11-06-at-11.08.553-1024x576.jpeg 1024w, https:\/\/blogsaverroes.juntadeandalucia.es\/ceiphermanosarellano\/files\/2017\/11\/WhatsApp-Image-2017-11-06-at-11.08.553-700x393.jpeg 700w, https:\/\/blogsaverroes.juntadeandalucia.es\/ceiphermanosarellano\/files\/2017\/11\/WhatsApp-Image-2017-11-06-at-11.08.553-24x14.jpeg 24w, https:\/\/blogsaverroes.juntadeandalucia.es\/ceiphermanosarellano\/files\/2017\/11\/WhatsApp-Image-2017-11-06-at-11.08.553-36x20.jpeg 36w, https:\/\/blogsaverroes.juntadeandalucia.es\/ceiphermanosarellano\/files\/2017\/11\/WhatsApp-Image-2017-11-06-at-11.08.553-48x27.jpeg 48w, https:\/\/blogsaverroes.juntadeandalucia.es\/ceiphermanosarellano\/files\/2017\/11\/WhatsApp-Image-2017-11-06-at-11.08.553.jpeg 1600w\" sizes=\"(max-width: 300px) 100vw, 300px\" \/><\/a> <a href=\"https:\/\/blogsaverroes.juntadeandalucia.es\/ceiphermanosarellano\/files\/2017\/11\/WhatsApp-Image-2017-11-02-at-09.59.03.jpeg\"><img loading=\"lazy\" decoding=\"async\" class=\"alignnone size-medium wp-image-3634\" src=\"https:\/\/blogsaverroes.juntadeandalucia.es\/ceiphermanosarellano\/files\/2017\/11\/WhatsApp-Image-2017-11-02-at-09.59.03-300x225.jpeg\" alt=\"\" width=\"300\" height=\"225\" srcset=\"https:\/\/blogsaverroes.juntadeandalucia.es\/ceiphermanosarellano\/files\/2017\/11\/WhatsApp-Image-2017-11-02-at-09.59.03-300x225.jpeg 300w, https:\/\/blogsaverroes.juntadeandalucia.es\/ceiphermanosarellano\/files\/2017\/11\/WhatsApp-Image-2017-11-02-at-09.59.03-1024x769.jpeg 1024w, https:\/\/blogsaverroes.juntadeandalucia.es\/ceiphermanosarellano\/files\/2017\/11\/WhatsApp-Image-2017-11-02-at-09.59.03-700x526.jpeg 700w, https:\/\/blogsaverroes.juntadeandalucia.es\/ceiphermanosarellano\/files\/2017\/11\/WhatsApp-Image-2017-11-02-at-09.59.03-24x18.jpeg 24w, https:\/\/blogsaverroes.juntadeandalucia.es\/ceiphermanosarellano\/files\/2017\/11\/WhatsApp-Image-2017-11-02-at-09.59.03-36x27.jpeg 36w, https:\/\/blogsaverroes.juntadeandalucia.es\/ceiphermanosarellano\/files\/2017\/11\/WhatsApp-Image-2017-11-02-at-09.59.03-48x36.jpeg 48w, https:\/\/blogsaverroes.juntadeandalucia.es\/ceiphermanosarellano\/files\/2017\/11\/WhatsApp-Image-2017-11-02-at-09.59.03.jpeg 1600w\" sizes=\"(max-width: 300px) 100vw, 300px\" \/><\/a> <a href=\"https:\/\/blogsaverroes.juntadeandalucia.es\/ceiphermanosarellano\/files\/2017\/11\/WhatsApp-Image-2017-11-06-at-11.08.55.jpeg\"><img loading=\"lazy\" decoding=\"async\" class=\"alignnone size-medium wp-image-3635\" src=\"https:\/\/blogsaverroes.juntadeandalucia.es\/ceiphermanosarellano\/files\/2017\/11\/WhatsApp-Image-2017-11-06-at-11.08.55-225x300.jpeg\" alt=\"\" width=\"225\" height=\"300\" srcset=\"https:\/\/blogsaverroes.juntadeandalucia.es\/ceiphermanosarellano\/files\/2017\/11\/WhatsApp-Image-2017-11-06-at-11.08.55-225x300.jpeg 225w, https:\/\/blogsaverroes.juntadeandalucia.es\/ceiphermanosarellano\/files\/2017\/11\/WhatsApp-Image-2017-11-06-at-11.08.55-767x1024.jpeg 767w, https:\/\/blogsaverroes.juntadeandalucia.es\/ceiphermanosarellano\/files\/2017\/11\/WhatsApp-Image-2017-11-06-at-11.08.55-700x934.jpeg 700w, https:\/\/blogsaverroes.juntadeandalucia.es\/ceiphermanosarellano\/files\/2017\/11\/WhatsApp-Image-2017-11-06-at-11.08.55-18x24.jpeg 18w, https:\/\/blogsaverroes.juntadeandalucia.es\/ceiphermanosarellano\/files\/2017\/11\/WhatsApp-Image-2017-11-06-at-11.08.55-27x36.jpeg 27w, https:\/\/blogsaverroes.juntadeandalucia.es\/ceiphermanosarellano\/files\/2017\/11\/WhatsApp-Image-2017-11-06-at-11.08.55-36x48.jpeg 36w, https:\/\/blogsaverroes.juntadeandalucia.es\/ceiphermanosarellano\/files\/2017\/11\/WhatsApp-Image-2017-11-06-at-11.08.55.jpeg 1199w\" sizes=\"(max-width: 225px) 100vw, 225px\" \/><\/a><\/p>\n<p>El pasado martes 31 de octubre nuestro cole Hermanos Arellano de Galaroza,se engalan\u00f3 y prepar\u00f3 para vivir&nbsp; una preciosa jornada de Halloween !! Desde infantil hasta 2\u00ba de ESO participaron en las actividades que se propusieron desde de la Coordinaci\u00f3n de Biblioteca y el equipo docente de Ingl\u00e9s. Gran parte del alumnado de infantil y primaria asistieron al cole disfrazados con motivos \u00abterrorificos\u00bb. El alumnado de 2\u00ba de ESO particip\u00f3 de forma significativa como ayudantes en el taller de Cuentacuentos que se celebr\u00f3 en la biblioteca del centro. La jornada concluy\u00f3 con un taller de pintacaras en el que el alumnado disfrut\u00f3 much\u00edsimo.<\/p>\n","protected":false},"excerpt":{"rendered":"<p>El pasado martes 31 de octubre nuestro cole Hermanos Arellano de Galaroza,se engalan\u00f3 y prepar\u00f3 para vivir&nbsp; una preciosa jornada de Halloween !! Desde infantil hasta 2\u00ba de ESO participaron en las actividades que&#46;&#46;&#46;<\/p>\n","protected":false},"author":5514,"featured_media":3662,"comment_status":"open","ping_status":"open","sticky":false,"template":"","format":"standard","meta":{"ngg_post_thumbnail":0,"footnotes":""},"categories":[1852,708,709],"tags":[],"aioseo_notices":[],"_links":{"self":[{"href":"https:\/\/blogsaverroes.juntadeandalucia.es\/ceiphermanosarellano\/wp-json\/wp\/v2\/posts\/3633"}],"collection":[{"href":"https:\/\/blogsaverroes.juntadeandalucia.es\/ceiphermanosarellano\/wp-json\/wp\/v2\/posts"}],"about":[{"href":"https:\/\/blogsaverroes.juntadeandalucia.es\/ceiphermanosarellano\/wp-json\/wp\/v2\/types\/post"}],"author":[{"embeddable":true,"href":"https:\/\/blogsaverroes.juntadeandalucia.es\/ceiphermanosarellano\/wp-json\/wp\/v2\/users\/5514"}],"replies":[{"embeddable":true,"href":"https:\/\/blogsaverroes.juntadeandalucia.es\/ceiphermanosarellano\/wp-json\/wp\/v2\/comments?post=3633"}],"version-history":[{"count":4,"href":"https:\/\/blogsaverroes.juntadeandalucia.es\/ceiphermanosarellano\/wp-json\/wp\/v2\/posts\/3633\/revisions"}],"predecessor-version":[{"id":3663,"href":"https:\/\/blogsaverroes.juntadeandalucia.es\/ceiphermanosarellano\/wp-json\/wp\/v2\/posts\/3633\/revisions\/3663"}],"wp:featuredmedia":[{"embeddable":true,"href":"https:\/\/blogsaverroes.juntadeandalucia.es\/ceiphermanosarellano\/wp-json\/wp\/v2\/media\/3662"}],"wp:attachment":[{"href":"https:\/\/blogsaverroes.juntadeandalucia.es\/ceiphermanosarellano\/wp-json\/wp\/v2\/media?parent=3633"}],"wp:term":[{"taxonomy":"category","embeddable":true,"href":"https:\/\/blogsaverroes.juntadeandalucia.es\/ceiphermanosarellano\/wp-json\/wp\/v2\/categories?post=3633"},{"taxonomy":"post_tag","embeddable":true,"href":"https:\/\/blogsaverroes.juntadeandalucia.es\/ceiphermanosarellano\/wp-json\/wp\/v2\/tags?post=3633"}],"curies":[{"name":"wp","href":"https:\/\/api.w.org\/{rel}","templated":true}]}}