{"id":4115,"date":"2019-03-21T09:37:23","date_gmt":"2019-03-21T09:37:23","guid":{"rendered":"https:\/\/blogsaverroes.juntadeandalucia.es\/ceiphermanosarellano\/?p=4115"},"modified":"2020-03-05T10:22:16","modified_gmt":"2020-03-05T10:22:16","slug":"dia-de-andalucia-2019","status":"publish","type":"post","link":"https:\/\/blogsaverroes.juntadeandalucia.es\/ceiphermanosarellano\/2019\/03\/21\/dia-de-andalucia-2019\/","title":{"rendered":"D\u00eda de Andaluc\u00eda 2019"},"content":{"rendered":"<p>Con motivo de la celebraci\u00f3n del D\u00eda de Andaluc\u00eda, la Casa de la Cultura&nbsp; de Galaroza a organizado una exposici\u00f3n sobre Blas Infante y durante los d\u00edas 25 y 26, todo el colegio la a visitado.<\/p>\n<p>El 27 de febrero celebramos en el cole el d\u00eda de Andaluc\u00eda, con un desayuno andaluz: bollo con jam\u00f3n serrano, aceite y zumo de naranja natural. Y la izada de la bandera mientras el alumnado al completo cantaba \u00aba capella\u00bb el himno de Andaluc\u00eda. Finalizamos el acto, bailando al son del himno de Andaluc\u00eda en versi\u00f3n heavy metal&#8230; \u00a1\u00a1\u00a1toda una explosi\u00f3n de energ\u00eda!!!<\/p>\nngg_shortcode_0_placeholder<iframe loading=\"lazy\" src=\"\/\/www.youtube.com\/embed\/FsBurAtLeG8\" width=\"560\" height=\"314\"><\/iframe><\/p>\n<p>&nbsp;<\/p>\n","protected":false},"excerpt":{"rendered":"<p>Con motivo de la celebraci\u00f3n del D\u00eda de Andaluc\u00eda, la Casa de la Cultura&nbsp; de Galaroza a organizado una exposici\u00f3n sobre Blas Infante y durante los d\u00edas 25 y 26, todo el colegio la&#46;&#46;&#46;<\/p>\n","protected":false},"author":2236,"featured_media":4133,"comment_status":"open","ping_status":"open","sticky":false,"template":"","format":"standard","meta":{"ngg_post_thumbnail":0,"footnotes":""},"categories":[5991,1852,19,25491],"tags":[784,144,960823,618313],"aioseo_notices":[],"_links":{"self":[{"href":"https:\/\/blogsaverroes.juntadeandalucia.es\/ceiphermanosarellano\/wp-json\/wp\/v2\/posts\/4115"}],"collection":[{"href":"https:\/\/blogsaverroes.juntadeandalucia.es\/ceiphermanosarellano\/wp-json\/wp\/v2\/posts"}],"about":[{"href":"https:\/\/blogsaverroes.juntadeandalucia.es\/ceiphermanosarellano\/wp-json\/wp\/v2\/types\/post"}],"author":[{"embeddable":true,"href":"https:\/\/blogsaverroes.juntadeandalucia.es\/ceiphermanosarellano\/wp-json\/wp\/v2\/users\/2236"}],"replies":[{"embeddable":true,"href":"https:\/\/blogsaverroes.juntadeandalucia.es\/ceiphermanosarellano\/wp-json\/wp\/v2\/comments?post=4115"}],"version-history":[{"count":6,"href":"https:\/\/blogsaverroes.juntadeandalucia.es\/ceiphermanosarellano\/wp-json\/wp\/v2\/posts\/4115\/revisions"}],"predecessor-version":[{"id":4444,"href":"https:\/\/blogsaverroes.juntadeandalucia.es\/ceiphermanosarellano\/wp-json\/wp\/v2\/posts\/4115\/revisions\/4444"}],"wp:featuredmedia":[{"embeddable":true,"href":"https:\/\/blogsaverroes.juntadeandalucia.es\/ceiphermanosarellano\/wp-json\/wp\/v2\/media\/4133"}],"wp:attachment":[{"href":"https:\/\/blogsaverroes.juntadeandalucia.es\/ceiphermanosarellano\/wp-json\/wp\/v2\/media?parent=4115"}],"wp:term":[{"taxonomy":"category","embeddable":true,"href":"https:\/\/blogsaverroes.juntadeandalucia.es\/ceiphermanosarellano\/wp-json\/wp\/v2\/categories?post=4115"},{"taxonomy":"post_tag","embeddable":true,"href":"https:\/\/blogsaverroes.juntadeandalucia.es\/ceiphermanosarellano\/wp-json\/wp\/v2\/tags?post=4115"}],"curies":[{"name":"wp","href":"https:\/\/api.w.org\/{rel}","templated":true}]}}