{"id":4272,"date":"2021-11-22T07:27:34","date_gmt":"2021-11-22T07:27:34","guid":{"rendered":"https:\/\/blogsaverroes.juntadeandalucia.es\/ceiphermanosarellano\/?p=4272"},"modified":"2021-11-22T13:51:23","modified_gmt":"2021-11-22T13:51:23","slug":"aula-de-jaque","status":"publish","type":"post","link":"https:\/\/blogsaverroes.juntadeandalucia.es\/ceiphermanosarellano\/2021\/11\/22\/aula-de-jaque\/","title":{"rendered":"AULA DE JAQUE"},"content":{"rendered":"<p><a href=\"https:\/\/blogsaverroes.juntadeandalucia.es\/ceiphermanosarellano\/files\/2019\/06\/Imagen-AulaDjaque.jpg\"><img loading=\"lazy\" decoding=\"async\" class=\"size-medium wp-image-5216 alignright\" src=\"https:\/\/blogsaverroes.juntadeandalucia.es\/ceiphermanosarellano\/files\/2019\/06\/Imagen-AulaDjaque-300x146.jpg\" alt=\"\" width=\"300\" height=\"146\" srcset=\"https:\/\/blogsaverroes.juntadeandalucia.es\/ceiphermanosarellano\/files\/2019\/06\/Imagen-AulaDjaque-300x146.jpg 300w, https:\/\/blogsaverroes.juntadeandalucia.es\/ceiphermanosarellano\/files\/2019\/06\/Imagen-AulaDjaque.jpg 540w\" sizes=\"(max-width: 300px) 100vw, 300px\" \/><\/a>Durante este curso acad\u00e9mico 2021\/2022 retomamos el desarrollo en nuestro centro del proyecto Aula de Jaque. En a\u00f1os anteriores y a trav\u00e9s de \u00e9l hemos ido ense\u00f1ando en todos los niveles conocimientos b\u00e1sicos del juego del ajedrez mediante juegos y din\u00e1micas diferentes.<\/p>\n<p>Sabemos que el uso educativo del ajedrez hace que se desarrollen habilidades cognitivas y socio-afectivas, ya que su pr\u00e1ctica favorece, entre otras capacidades, la memoria, la concentraci\u00f3n, la toma de decisiones, la reflexi\u00f3n, la visi\u00f3n espacial o el razonamiento l\u00f3gico-matem\u00e1tico. Ayuda a reconocer errores, a no buscar excusas, a obtener un sentido de logro y una mayor autoestima, a llevar la iniciativa cuando es preciso, dentro y fuera del tablero.<\/p>\n<p>ESTO ES LO QUE HEMOS DESARROLLADO EN EL CENTRO EN OTROS CURSOS:<\/p>\n<ul>\n<li>En el curso 2019\/2020 se celebr\u00f3 un torneo de ajedrez por cursos y niveles con entrega de diplomas y premios a los ganadores. Hemos podido comprobar que les ha motivado. Como guinda del proyecto, J. Manuel Franco,&nbsp; jugador profesional invitado ha celebrado una partida simult\u00e1nea con los ganadores que ha sido un \u00e9xito.<\/li>\n<\/ul>\n<p>&nbsp;<\/p>\n\n\t\t<style>\n\t\t\t#gallery-1 {\n\t\t\t\tmargin: auto;\n\t\t\t}\n\t\t\t#gallery-1 .gallery-item {\n\t\t\t\tfloat: left;\n\t\t\t\tmargin-top: 10px;\n\t\t\t\ttext-align: center;\n\t\t\t\twidth: 33%;\n\t\t\t}\n\t\t\t#gallery-1 img {\n\t\t\t\tborder: 2px solid #cfcfcf;\n\t\t\t}\n\t\t\t#gallery-1 .gallery-caption {\n\t\t\t\tmargin-left: 0;\n\t\t\t}\n\t\t\t\/* see gallery_shortcode() in wp-includes\/media.php *\/\n\t\t<\/style>\n\t\t<div id='gallery-1' class='gallery galleryid-4272 gallery-columns-3 gallery-size-thumbnail'><dl class='gallery-item'>\n\t\t\t<dt class='gallery-icon portrait'>\n\t\t\t\t<a href='https:\/\/blogsaverroes.juntadeandalucia.es\/ceiphermanosarellano\/2021\/11\/22\/aula-de-jaque\/img_20190529_095136\/'><img loading=\"lazy\" decoding=\"async\" width=\"150\" height=\"150\" src=\"https:\/\/blogsaverroes.juntadeandalucia.es\/ceiphermanosarellano\/files\/2019\/06\/IMG_20190529_095136-150x150.jpg\" class=\"attachment-thumbnail size-thumbnail\" alt=\"\" srcset=\"https:\/\/blogsaverroes.juntadeandalucia.es\/ceiphermanosarellano\/files\/2019\/06\/IMG_20190529_095136-150x150.jpg 150w, https:\/\/blogsaverroes.juntadeandalucia.es\/ceiphermanosarellano\/files\/2019\/06\/IMG_20190529_095136-100x100.jpg 100w, https:\/\/blogsaverroes.juntadeandalucia.es\/ceiphermanosarellano\/files\/2019\/06\/IMG_20190529_095136-432x432.jpg 432w, https:\/\/blogsaverroes.juntadeandalucia.es\/ceiphermanosarellano\/files\/2019\/06\/IMG_20190529_095136-268x268.jpg 268w\" sizes=\"(max-width: 150px) 100vw, 150px\" \/><\/a>\n\t\t\t<\/dt><\/dl><dl class='gallery-item'>\n\t\t\t<dt class='gallery-icon portrait'>\n\t\t\t\t<a href='https:\/\/blogsaverroes.juntadeandalucia.es\/ceiphermanosarellano\/2021\/11\/22\/aula-de-jaque\/img_20190529_095217\/'><img loading=\"lazy\" decoding=\"async\" width=\"150\" height=\"150\" src=\"https:\/\/blogsaverroes.juntadeandalucia.es\/ceiphermanosarellano\/files\/2019\/06\/IMG_20190529_095217-150x150.jpg\" class=\"attachment-thumbnail size-thumbnail\" alt=\"\" srcset=\"https:\/\/blogsaverroes.juntadeandalucia.es\/ceiphermanosarellano\/files\/2019\/06\/IMG_20190529_095217-150x150.jpg 150w, https:\/\/blogsaverroes.juntadeandalucia.es\/ceiphermanosarellano\/files\/2019\/06\/IMG_20190529_095217-100x100.jpg 100w, https:\/\/blogsaverroes.juntadeandalucia.es\/ceiphermanosarellano\/files\/2019\/06\/IMG_20190529_095217-432x432.jpg 432w, https:\/\/blogsaverroes.juntadeandalucia.es\/ceiphermanosarellano\/files\/2019\/06\/IMG_20190529_095217-268x268.jpg 268w\" sizes=\"(max-width: 150px) 100vw, 150px\" \/><\/a>\n\t\t\t<\/dt><\/dl><dl class='gallery-item'>\n\t\t\t<dt class='gallery-icon portrait'>\n\t\t\t\t<a href='https:\/\/blogsaverroes.juntadeandalucia.es\/ceiphermanosarellano\/2021\/11\/22\/aula-de-jaque\/img_20190529_095245\/'><img loading=\"lazy\" decoding=\"async\" width=\"150\" height=\"150\" src=\"https:\/\/blogsaverroes.juntadeandalucia.es\/ceiphermanosarellano\/files\/2019\/06\/IMG_20190529_095245-150x150.jpg\" class=\"attachment-thumbnail size-thumbnail\" alt=\"\" srcset=\"https:\/\/blogsaverroes.juntadeandalucia.es\/ceiphermanosarellano\/files\/2019\/06\/IMG_20190529_095245-150x150.jpg 150w, https:\/\/blogsaverroes.juntadeandalucia.es\/ceiphermanosarellano\/files\/2019\/06\/IMG_20190529_095245-100x100.jpg 100w, https:\/\/blogsaverroes.juntadeandalucia.es\/ceiphermanosarellano\/files\/2019\/06\/IMG_20190529_095245-432x432.jpg 432w, https:\/\/blogsaverroes.juntadeandalucia.es\/ceiphermanosarellano\/files\/2019\/06\/IMG_20190529_095245-268x268.jpg 268w\" sizes=\"(max-width: 150px) 100vw, 150px\" \/><\/a>\n\t\t\t<\/dt><\/dl><br style=\"clear: both\" \/><dl class='gallery-item'>\n\t\t\t<dt class='gallery-icon portrait'>\n\t\t\t\t<a href='https:\/\/blogsaverroes.juntadeandalucia.es\/ceiphermanosarellano\/2021\/11\/22\/aula-de-jaque\/img_20190529_095254\/'><img loading=\"lazy\" decoding=\"async\" width=\"150\" height=\"150\" src=\"https:\/\/blogsaverroes.juntadeandalucia.es\/ceiphermanosarellano\/files\/2019\/06\/IMG_20190529_095254-150x150.jpg\" class=\"attachment-thumbnail size-thumbnail\" alt=\"AJEDREZ EN INFANTIL\" aria-describedby=\"gallery-1-4276\" srcset=\"https:\/\/blogsaverroes.juntadeandalucia.es\/ceiphermanosarellano\/files\/2019\/06\/IMG_20190529_095254-150x150.jpg 150w, https:\/\/blogsaverroes.juntadeandalucia.es\/ceiphermanosarellano\/files\/2019\/06\/IMG_20190529_095254-100x100.jpg 100w, https:\/\/blogsaverroes.juntadeandalucia.es\/ceiphermanosarellano\/files\/2019\/06\/IMG_20190529_095254-432x432.jpg 432w, https:\/\/blogsaverroes.juntadeandalucia.es\/ceiphermanosarellano\/files\/2019\/06\/IMG_20190529_095254-268x268.jpg 268w\" sizes=\"(max-width: 150px) 100vw, 150px\" \/><\/a>\n\t\t\t<\/dt>\n\t\t\t\t<dd class='wp-caption-text gallery-caption' id='gallery-1-4276'>\n\t\t\t\tELAJEDREZ BAJA A INFANTIL DE MANO DE LOS MAYORES DEL COLE!!!\n\t\t\t\t<\/dd><\/dl>\n\t\t\t<br style='clear: both' \/>\n\t\t<\/div>\n\n\n\t\t<style>\n\t\t\t#gallery-2 {\n\t\t\t\tmargin: auto;\n\t\t\t}\n\t\t\t#gallery-2 .gallery-item {\n\t\t\t\tfloat: left;\n\t\t\t\tmargin-top: 10px;\n\t\t\t\ttext-align: center;\n\t\t\t\twidth: 33%;\n\t\t\t}\n\t\t\t#gallery-2 img {\n\t\t\t\tborder: 2px solid #cfcfcf;\n\t\t\t}\n\t\t\t#gallery-2 .gallery-caption {\n\t\t\t\tmargin-left: 0;\n\t\t\t}\n\t\t\t\/* see gallery_shortcode() in wp-includes\/media.php *\/\n\t\t<\/style>\n\t\t<div id='gallery-2' class='gallery galleryid-4272 gallery-columns-3 gallery-size-thumbnail'><dl class='gallery-item'>\n\t\t\t<dt class='gallery-icon portrait'>\n\t\t\t\t<a href='https:\/\/blogsaverroes.juntadeandalucia.es\/ceiphermanosarellano\/2021\/11\/22\/aula-de-jaque\/img_20190531_123049\/'><img loading=\"lazy\" decoding=\"async\" width=\"150\" height=\"150\" src=\"https:\/\/blogsaverroes.juntadeandalucia.es\/ceiphermanosarellano\/files\/2019\/06\/IMG_20190531_123049-150x150.jpg\" class=\"attachment-thumbnail size-thumbnail\" alt=\"\" srcset=\"https:\/\/blogsaverroes.juntadeandalucia.es\/ceiphermanosarellano\/files\/2019\/06\/IMG_20190531_123049-150x150.jpg 150w, https:\/\/blogsaverroes.juntadeandalucia.es\/ceiphermanosarellano\/files\/2019\/06\/IMG_20190531_123049-100x100.jpg 100w, https:\/\/blogsaverroes.juntadeandalucia.es\/ceiphermanosarellano\/files\/2019\/06\/IMG_20190531_123049-432x432.jpg 432w, https:\/\/blogsaverroes.juntadeandalucia.es\/ceiphermanosarellano\/files\/2019\/06\/IMG_20190531_123049-268x268.jpg 268w\" sizes=\"(max-width: 150px) 100vw, 150px\" \/><\/a>\n\t\t\t<\/dt><\/dl><dl class='gallery-item'>\n\t\t\t<dt class='gallery-icon portrait'>\n\t\t\t\t<a href='https:\/\/blogsaverroes.juntadeandalucia.es\/ceiphermanosarellano\/2021\/11\/22\/aula-de-jaque\/img_20190531_123321\/'><img loading=\"lazy\" decoding=\"async\" width=\"150\" height=\"150\" src=\"https:\/\/blogsaverroes.juntadeandalucia.es\/ceiphermanosarellano\/files\/2019\/06\/IMG_20190531_123321-150x150.jpg\" class=\"attachment-thumbnail size-thumbnail\" alt=\"\" srcset=\"https:\/\/blogsaverroes.juntadeandalucia.es\/ceiphermanosarellano\/files\/2019\/06\/IMG_20190531_123321-150x150.jpg 150w, https:\/\/blogsaverroes.juntadeandalucia.es\/ceiphermanosarellano\/files\/2019\/06\/IMG_20190531_123321-100x100.jpg 100w, https:\/\/blogsaverroes.juntadeandalucia.es\/ceiphermanosarellano\/files\/2019\/06\/IMG_20190531_123321-432x432.jpg 432w, https:\/\/blogsaverroes.juntadeandalucia.es\/ceiphermanosarellano\/files\/2019\/06\/IMG_20190531_123321-268x268.jpg 268w\" sizes=\"(max-width: 150px) 100vw, 150px\" \/><\/a>\n\t\t\t<\/dt><\/dl><dl class='gallery-item'>\n\t\t\t<dt class='gallery-icon portrait'>\n\t\t\t\t<a href='https:\/\/blogsaverroes.juntadeandalucia.es\/ceiphermanosarellano\/2021\/11\/22\/aula-de-jaque\/img_20190531_123127\/'><img loading=\"lazy\" decoding=\"async\" width=\"150\" height=\"150\" src=\"https:\/\/blogsaverroes.juntadeandalucia.es\/ceiphermanosarellano\/files\/2019\/06\/IMG_20190531_123127-150x150.jpg\" class=\"attachment-thumbnail size-thumbnail\" alt=\"\" srcset=\"https:\/\/blogsaverroes.juntadeandalucia.es\/ceiphermanosarellano\/files\/2019\/06\/IMG_20190531_123127-150x150.jpg 150w, https:\/\/blogsaverroes.juntadeandalucia.es\/ceiphermanosarellano\/files\/2019\/06\/IMG_20190531_123127-100x100.jpg 100w, https:\/\/blogsaverroes.juntadeandalucia.es\/ceiphermanosarellano\/files\/2019\/06\/IMG_20190531_123127-432x432.jpg 432w, https:\/\/blogsaverroes.juntadeandalucia.es\/ceiphermanosarellano\/files\/2019\/06\/IMG_20190531_123127-268x268.jpg 268w\" sizes=\"(max-width: 150px) 100vw, 150px\" \/><\/a>\n\t\t\t<\/dt><\/dl><br style=\"clear: both\" \/><dl class='gallery-item'>\n\t\t\t<dt class='gallery-icon portrait'>\n\t\t\t\t<a href='https:\/\/blogsaverroes.juntadeandalucia.es\/ceiphermanosarellano\/2021\/11\/22\/aula-de-jaque\/img_20190531_123121-2\/'><img loading=\"lazy\" decoding=\"async\" width=\"150\" height=\"150\" src=\"https:\/\/blogsaverroes.juntadeandalucia.es\/ceiphermanosarellano\/files\/2019\/06\/IMG_20190531_123121-1-150x150.jpg\" class=\"attachment-thumbnail size-thumbnail\" alt=\"\" aria-describedby=\"gallery-2-4282\" srcset=\"https:\/\/blogsaverroes.juntadeandalucia.es\/ceiphermanosarellano\/files\/2019\/06\/IMG_20190531_123121-1-150x150.jpg 150w, https:\/\/blogsaverroes.juntadeandalucia.es\/ceiphermanosarellano\/files\/2019\/06\/IMG_20190531_123121-1-100x100.jpg 100w, https:\/\/blogsaverroes.juntadeandalucia.es\/ceiphermanosarellano\/files\/2019\/06\/IMG_20190531_123121-1-432x432.jpg 432w, https:\/\/blogsaverroes.juntadeandalucia.es\/ceiphermanosarellano\/files\/2019\/06\/IMG_20190531_123121-1-268x268.jpg 268w\" sizes=\"(max-width: 150px) 100vw, 150px\" \/><\/a>\n\t\t\t<\/dt>\n\t\t\t\t<dd class='wp-caption-text gallery-caption' id='gallery-2-4282'>\n\t\t\t\tPARTIDA SIMULT\u00c1NEA\n\t\t\t\t<\/dd><\/dl><dl class='gallery-item'>\n\t\t\t<dt class='gallery-icon portrait'>\n\t\t\t\t<a href='https:\/\/blogsaverroes.juntadeandalucia.es\/ceiphermanosarellano\/2021\/11\/22\/aula-de-jaque\/img_20190531_123034\/'><img loading=\"lazy\" decoding=\"async\" width=\"150\" height=\"150\" src=\"https:\/\/blogsaverroes.juntadeandalucia.es\/ceiphermanosarellano\/files\/2019\/06\/IMG_20190531_123034-150x150.jpg\" class=\"attachment-thumbnail size-thumbnail\" alt=\"\" srcset=\"https:\/\/blogsaverroes.juntadeandalucia.es\/ceiphermanosarellano\/files\/2019\/06\/IMG_20190531_123034-150x150.jpg 150w, https:\/\/blogsaverroes.juntadeandalucia.es\/ceiphermanosarellano\/files\/2019\/06\/IMG_20190531_123034-100x100.jpg 100w, https:\/\/blogsaverroes.juntadeandalucia.es\/ceiphermanosarellano\/files\/2019\/06\/IMG_20190531_123034-432x432.jpg 432w, https:\/\/blogsaverroes.juntadeandalucia.es\/ceiphermanosarellano\/files\/2019\/06\/IMG_20190531_123034-268x268.jpg 268w\" sizes=\"(max-width: 150px) 100vw, 150px\" \/><\/a>\n\t\t\t<\/dt><\/dl>\n\t\t\t<br style='clear: both' \/>\n\t\t<\/div>\n\n<ul>\n<li>Durante el curso 2020\/2021 no pudimos compartir tableros ni pudimos desarrollar el proyecto porque nos sobrevino el COVID y sus consecuencias.&nbsp;<\/li>\n<\/ul>\n<p>&nbsp;<\/p>\n<p>&nbsp;<\/p>\n<p><a href=\"https:\/\/blogsaverroes.juntadeandalucia.es\/ceiphermanosarellano\/2021\/11\/22\/ajemates\/\" target=\"_blank\" rel=\"noopener noreferrer\">#Ajemates2021<\/a><\/p>\n","protected":false},"excerpt":{"rendered":"<p>Durante este curso acad\u00e9mico 2021\/2022 retomamos el desarrollo en nuestro centro del proyecto Aula de Jaque. En a\u00f1os anteriores y a trav\u00e9s de \u00e9l hemos ido ense\u00f1ando en todos los niveles conocimientos b\u00e1sicos del&#46;&#46;&#46;<\/p>\n","protected":false},"author":5514,"featured_media":5216,"comment_status":"open","ping_status":"open","sticky":false,"template":"","format":"standard","meta":{"ngg_post_thumbnail":0,"footnotes":""},"categories":[25491],"tags":[1606464,1606465],"aioseo_notices":[],"_links":{"self":[{"href":"https:\/\/blogsaverroes.juntadeandalucia.es\/ceiphermanosarellano\/wp-json\/wp\/v2\/posts\/4272"}],"collection":[{"href":"https:\/\/blogsaverroes.juntadeandalucia.es\/ceiphermanosarellano\/wp-json\/wp\/v2\/posts"}],"about":[{"href":"https:\/\/blogsaverroes.juntadeandalucia.es\/ceiphermanosarellano\/wp-json\/wp\/v2\/types\/post"}],"author":[{"embeddable":true,"href":"https:\/\/blogsaverroes.juntadeandalucia.es\/ceiphermanosarellano\/wp-json\/wp\/v2\/users\/5514"}],"replies":[{"embeddable":true,"href":"https:\/\/blogsaverroes.juntadeandalucia.es\/ceiphermanosarellano\/wp-json\/wp\/v2\/comments?post=4272"}],"version-history":[{"count":7,"href":"https:\/\/blogsaverroes.juntadeandalucia.es\/ceiphermanosarellano\/wp-json\/wp\/v2\/posts\/4272\/revisions"}],"predecessor-version":[{"id":5219,"href":"https:\/\/blogsaverroes.juntadeandalucia.es\/ceiphermanosarellano\/wp-json\/wp\/v2\/posts\/4272\/revisions\/5219"}],"wp:featuredmedia":[{"embeddable":true,"href":"https:\/\/blogsaverroes.juntadeandalucia.es\/ceiphermanosarellano\/wp-json\/wp\/v2\/media\/5216"}],"wp:attachment":[{"href":"https:\/\/blogsaverroes.juntadeandalucia.es\/ceiphermanosarellano\/wp-json\/wp\/v2\/media?parent=4272"}],"wp:term":[{"taxonomy":"category","embeddable":true,"href":"https:\/\/blogsaverroes.juntadeandalucia.es\/ceiphermanosarellano\/wp-json\/wp\/v2\/categories?post=4272"},{"taxonomy":"post_tag","embeddable":true,"href":"https:\/\/blogsaverroes.juntadeandalucia.es\/ceiphermanosarellano\/wp-json\/wp\/v2\/tags?post=4272"}],"curies":[{"name":"wp","href":"https:\/\/api.w.org\/{rel}","templated":true}]}}