{"id":5063,"date":"2021-06-16T07:28:39","date_gmt":"2021-06-16T07:28:39","guid":{"rendered":"https:\/\/blogsaverroes.juntadeandalucia.es\/ceiphermanosarellano\/?p=5063"},"modified":"2021-09-15T09:17:49","modified_gmt":"2021-09-15T09:17:49","slug":"gala-de-entrega-de-premios","status":"publish","type":"post","link":"https:\/\/blogsaverroes.juntadeandalucia.es\/ceiphermanosarellano\/2021\/06\/16\/gala-de-entrega-de-premios\/","title":{"rendered":"Gala de entrega de premios"},"content":{"rendered":"<p>\u00a1YA ESTAMOS PREPARADOS!<\/p>\n<div style=\"width: 640px;\" class=\"wp-video\"><!--[if lt IE 9]><script>document.createElement('video');<\/script><![endif]-->\n<video class=\"wp-video-shortcode\" id=\"video-5063-1\" width=\"640\" height=\"352\" preload=\"metadata\" controls=\"controls\"><source type=\"video\/mp4\" src=\"https:\/\/blogsaverroes.juntadeandalucia.es\/ceiphermanosarellano\/files\/2021\/06\/Ya-estamos-preparados.mp4?_=1\" \/><a href=\"https:\/\/blogsaverroes.juntadeandalucia.es\/ceiphermanosarellano\/files\/2021\/06\/Ya-estamos-preparados.mp4\">https:\/\/blogsaverroes.juntadeandalucia.es\/ceiphermanosarellano\/files\/2021\/06\/Ya-estamos-preparados.mp4<\/a><\/video><\/div>\n<p>Como culminaci\u00f3n de nuestro <a href=\"https:\/\/blogsaverroes.juntadeandalucia.es\/ceiphermanosarellano\/2021\/05\/07\/cachoneritos-film-festival\/\"><strong>CACHONERITOS FILM FESTIVAL<\/strong><\/a> tenemos nuestra propia celebraci\u00f3n de entrega de premios en la que participar\u00e1 todo nuestro alumnado que ha realizado una labor magn\u00edfica desempe\u00f1ando distintos roles en la edici\u00f3n de los cortos: guionistas, c\u00e1maras, directores, equipo de arte, b\u00fasqueda de escenarios, productores, especialistas de escenas de riesgo, actores, &#8230;<\/p>\n<p><a href=\"https:\/\/blogsaverroes.juntadeandalucia.es\/ceiphermanosarellano\/files\/2021\/06\/Granate-Amarillo-Marro\u0301n-Estatua-Cortina-Oscars-Invitacio\u0301n_page-0001.jpg\"><img loading=\"lazy\" decoding=\"async\" class=\"aligncenter size-medium wp-image-5065\" src=\"https:\/\/blogsaverroes.juntadeandalucia.es\/ceiphermanosarellano\/files\/2021\/06\/Granate-Amarillo-Marro\u0301n-Estatua-Cortina-Oscars-Invitacio\u0301n_page-0001-300x300.jpg\" alt=\"\" width=\"300\" height=\"300\" srcset=\"https:\/\/blogsaverroes.juntadeandalucia.es\/ceiphermanosarellano\/files\/2021\/06\/Granate-Amarillo-Marro\u0301n-Estatua-Cortina-Oscars-Invitacio\u0301n_page-0001-300x300.jpg 300w, https:\/\/blogsaverroes.juntadeandalucia.es\/ceiphermanosarellano\/files\/2021\/06\/Granate-Amarillo-Marro\u0301n-Estatua-Cortina-Oscars-Invitacio\u0301n_page-0001-150x150.jpg 150w, https:\/\/blogsaverroes.juntadeandalucia.es\/ceiphermanosarellano\/files\/2021\/06\/Granate-Amarillo-Marro\u0301n-Estatua-Cortina-Oscars-Invitacio\u0301n_page-0001-768x768.jpg 768w, https:\/\/blogsaverroes.juntadeandalucia.es\/ceiphermanosarellano\/files\/2021\/06\/Granate-Amarillo-Marro\u0301n-Estatua-Cortina-Oscars-Invitacio\u0301n_page-0001-432x432.jpg 432w, https:\/\/blogsaverroes.juntadeandalucia.es\/ceiphermanosarellano\/files\/2021\/06\/Granate-Amarillo-Marro\u0301n-Estatua-Cortina-Oscars-Invitacio\u0301n_page-0001-268x268.jpg 268w, https:\/\/blogsaverroes.juntadeandalucia.es\/ceiphermanosarellano\/files\/2021\/06\/Granate-Amarillo-Marro\u0301n-Estatua-Cortina-Oscars-Invitacio\u0301n_page-0001-700x700.jpg 700w, https:\/\/blogsaverroes.juntadeandalucia.es\/ceiphermanosarellano\/files\/2021\/06\/Granate-Amarillo-Marro\u0301n-Estatua-Cortina-Oscars-Invitacio\u0301n_page-0001.jpg 827w\" sizes=\"(max-width: 300px) 100vw, 300px\" \/><\/a><\/p>\n","protected":false},"excerpt":{"rendered":"<p>\u00a1YA ESTAMOS PREPARADOS! Como culminaci\u00f3n de nuestro CACHONERITOS FILM FESTIVAL tenemos nuestra propia celebraci\u00f3n de entrega de premios en la que participar\u00e1 todo nuestro alumnado que ha realizado una labor magn\u00edfica desempe\u00f1ando distintos roles&#46;&#46;&#46;<\/p>\n","protected":false},"author":2295,"featured_media":5064,"comment_status":"open","ping_status":"open","sticky":false,"template":"","format":"standard","meta":{"ngg_post_thumbnail":0,"footnotes":""},"categories":[19],"tags":[],"aioseo_notices":[],"_links":{"self":[{"href":"https:\/\/blogsaverroes.juntadeandalucia.es\/ceiphermanosarellano\/wp-json\/wp\/v2\/posts\/5063"}],"collection":[{"href":"https:\/\/blogsaverroes.juntadeandalucia.es\/ceiphermanosarellano\/wp-json\/wp\/v2\/posts"}],"about":[{"href":"https:\/\/blogsaverroes.juntadeandalucia.es\/ceiphermanosarellano\/wp-json\/wp\/v2\/types\/post"}],"author":[{"embeddable":true,"href":"https:\/\/blogsaverroes.juntadeandalucia.es\/ceiphermanosarellano\/wp-json\/wp\/v2\/users\/2295"}],"replies":[{"embeddable":true,"href":"https:\/\/blogsaverroes.juntadeandalucia.es\/ceiphermanosarellano\/wp-json\/wp\/v2\/comments?post=5063"}],"version-history":[{"count":3,"href":"https:\/\/blogsaverroes.juntadeandalucia.es\/ceiphermanosarellano\/wp-json\/wp\/v2\/posts\/5063\/revisions"}],"predecessor-version":[{"id":5076,"href":"https:\/\/blogsaverroes.juntadeandalucia.es\/ceiphermanosarellano\/wp-json\/wp\/v2\/posts\/5063\/revisions\/5076"}],"wp:featuredmedia":[{"embeddable":true,"href":"https:\/\/blogsaverroes.juntadeandalucia.es\/ceiphermanosarellano\/wp-json\/wp\/v2\/media\/5064"}],"wp:attachment":[{"href":"https:\/\/blogsaverroes.juntadeandalucia.es\/ceiphermanosarellano\/wp-json\/wp\/v2\/media?parent=5063"}],"wp:term":[{"taxonomy":"category","embeddable":true,"href":"https:\/\/blogsaverroes.juntadeandalucia.es\/ceiphermanosarellano\/wp-json\/wp\/v2\/categories?post=5063"},{"taxonomy":"post_tag","embeddable":true,"href":"https:\/\/blogsaverroes.juntadeandalucia.es\/ceiphermanosarellano\/wp-json\/wp\/v2\/tags?post=5063"}],"curies":[{"name":"wp","href":"https:\/\/api.w.org\/{rel}","templated":true}]}}